{"id":2594,"date":"2007-10-25T11:22:59","date_gmt":"2007-10-25T08:22:59","guid":{"rendered":"http:\/\/www.tamayacikel.com\/?p=202"},"modified":"2014-05-29T17:47:15","modified_gmt":"2014-05-29T14:47:15","slug":"tam-bagimsizlik-2","status":"publish","type":"post","link":"https:\/\/www.tamayacikel.com\/?p=2594","title":{"rendered":"Tam Ba\u011f\u0131ms\u0131zl\u0131k"},"content":{"rendered":"<p>09.06.1921\u2026 Mustafa Kemal Ankara\u2019da, Frans\u0131z diplomat Franklin Bouillon\u2019la g\u00f6r\u00fc\u015f\u00fcyor. Ona, b\u00fct\u00fcn ulusa ve tarihe kar\u015f\u0131 \u00fcstlendikleri g\u00f6revi anlat\u0131yor. G\u00f6revin \u00f6z\u00fc, hedefi, <strong>\u2018Tam Ba\u011f\u0131ms\u0131zl\u0131k\u2019<\/strong>.<\/p>\n<p><em>\u201cTam ba\u011f\u0131ms\u0131zl\u0131k demek, ku\u015fkusuz siyaset, iktisat, adalet, askerlik, k\u00fclt\u00fcr\u2026 gibi her alanda tam ba\u011f\u0131ms\u0131zl\u0131k ve tam \u00f6zg\u00fcrl\u00fck demektir. Bu sayd\u0131klar\u0131m\u0131n herhangi birinde ba\u011f\u0131ms\u0131zl\u0131ktan yoksunluk, ulusun ve \u00fclkenin ger\u00e7ek anlam\u0131yla b\u00fct\u00fcn ba\u011f\u0131ms\u0131zl\u0131\u011f\u0131ndan yoksunlu\u011fu demektir.\u201d<\/em> diyor Mustafa Kemal.<\/p>\n<p>21.10.2007\u2026 PKK, 12 askerimizi \u015fehit ediyor\u2026 Ayn\u0131 g\u00fcn, T\u00fcrk Savunma Bakan\u0131 Vecdi G\u00f6n\u00fcl ve ABD\u2019li meslekta\u015f\u0131 Robert Gates, Ukrayna\u2019n\u0131n ba\u015fkenti Kiev\u2019de bir araya geliyorlar. G\u00f6r\u00fc\u015fmenin ayr\u0131nt\u0131lar\u0131n\u0131 Associated Press\u2019e a\u00e7\u0131kl\u0131yorlar:<\/p>\n<p>G\u00f6n\u00fcl, <em>\u201cAmerika\u2019n\u0131n bir \u015feyler yapmas\u0131 gerek. Kamuoyu bask\u0131s\u0131 \u00e7ok b\u00fcy\u00fck. Elle tutulur bir \u015fey istiyoruz. Ne olursa olsun!.. \u00c7ocuklar\u0131m\u0131z \u00f6l\u00fcyor. Ordu s\u0131n\u0131r \u00f6tesi operasyon planl\u0131yor. S\u0131n\u0131r\u0131 ge\u00e7meyi d\u00fc\u015f\u00fcn\u00fcyoruz ama hemen de\u011fil. Bu i\u015fi Amerikal\u0131larla birlikte yapmak istiyoruz\u201d<\/em> diyor.<\/p>\n<p>ABD\u2019li Gates ise, <em>\u201cVecdi G\u00f6n\u00fcl ile yapt\u0131\u011f\u0131m g\u00f6r\u00fc\u015fmede, tek ba\u015flar\u0131na harekete ge\u00e7mekten \u00e7ekindiklerini g\u00f6rd\u00fcm ve rahatlad\u0131m. Bu iyi bir \u015fey. Acil bir operasyon olaca\u011f\u0131 izlenimini edinmedim. T\u00fcrk bakana itidal ile zay\u0131fl\u0131\u011f\u0131n birbirine kar\u0131\u015ft\u0131r\u0131lmamas\u0131 gerekti\u011fini s\u00f6yledim. Bu i\u015fte beraber \u00e7al\u0131\u015fmam\u0131z gerekti\u011fini belirttim. Operasyonun hem T\u00fcrkiye hem Irak hem de ABD a\u00e7\u0131s\u0131ndan olumsuz olaca\u011f\u0131n\u0131; s\u0131n\u0131r \u00f6tesi operasyon yap\u0131lmas\u0131 durumunda, ABD Kongresi\u2019nde bulunan Ermeni soyk\u0131r\u0131m\u0131 yasa tasar\u0131s\u0131n\u0131n ge\u00e7memesine y\u00f6nelik \u00e7abalar\u0131m\u0131z\u0131n da zarar g\u00f6rece\u011fini anlatt\u0131m.\u201d <\/em><\/p>\n<p>Askerlik dersimizi de al\u0131yoruz Gates\u2019ten:<\/p>\n<p><em>\u201cTer\u00f6ristler konusunda en \u00f6nemli \u015fey g\u00fcvenilir istihbarat bilgileridir. Bu bilgileri al\u0131rs\u0131n\u0131z ve buna g\u00f6re askeri operasyonunuzu yapars\u0131n\u0131z. T\u00fcrk bakana, g\u00fcvenilir istihbarat bilgileri ve belirli nokta hedefler olmadan Kuzey Irak\u2019a b\u00fcy\u00fck bir T\u00fcrk g\u00fcc\u00fcn\u00fcn g\u00f6nderilmesi durumunda, bunun b\u00fcy\u00fck kay\u0131plara yol a\u00e7abilece\u011fini anlatt\u0131m.\u201d<\/em><\/p>\n<p>Mustafa Kemal ise B\u00fcy\u00fck Taarruz (26.08.1922) \u00f6ncesi Meclis\u2019te yapt\u0131\u011f\u0131 konu\u015fmada, hedefe kararl\u0131l\u0131kla y\u00f6nelmenin ve bunun i\u00e7in gerekli olan sava\u015f ara\u00e7lar\u0131n\u0131 haz\u0131rlaman\u0131n \u00f6neminden s\u00f6z ediyor. Nedir bunlar?<\/p>\n<p>Birincisi ve en \u00f6nemlisi ulusun, ba\u011f\u0131ms\u0131zl\u0131\u011f\u0131n\u0131 elde etmek i\u00e7in duydu\u011fu g\u00fc\u00e7l\u00fc istektir.<\/p>\n<p>\u0130kincisi, ulus ad\u0131na i\u015f g\u00f6ren Meclis\u2019in, tam ba\u011f\u0131ms\u0131zl\u0131\u011fa y\u00f6nelik ulusal iste\u011fi ortaya koymakta ve gereklerini yerine getirmekte g\u00f6sterece\u011fi birlik, dayan\u0131\u015fma ve yi\u011fitliktir.<\/p>\n<p>\u00dc\u00e7\u00fcnc\u00fcs\u00fc ise, <em>\u201culusun silahl\u0131 yavrular\u0131ndan meydana gelip d\u00fc\u015fman kar\u015f\u0131s\u0131na \u00e7\u0131kar\u0131lm\u0131\u015f bulunan ordumuzdur.\u201d<\/em><\/p>\n<p>\u2018\u0130\u00e7\u2019 ve \u2018d\u0131\u015f\u2019 cephe olarak ele al\u0131yor bunlar\u0131 Gazi Mustafa Kemal\u2026<\/p>\n<p>D\u0131\u015f cephe, d\u00fc\u015fman kar\u015f\u0131s\u0131ndaki silahl\u0131 g\u00fcc\u00fcm\u00fczd\u00fcr. Bunun sars\u0131lmas\u0131, yenilmesi bir ulusu yok edemez; \u00e7\u00fcnk\u00fc temel olan, ulus cephesidir; i\u00e7 cephedir. <em>\u201cBu ger\u00e7e\u011fi bizden daha iyi bilen d\u00fc\u015fmanlar, bu cephemizi y\u0131kmak i\u00e7in y\u00fczy\u0131llarca \u00e7al\u0131\u015fm\u0131\u015flar ve \u00e7al\u0131\u015fmaktad\u0131rlar.\u201d<\/em> diyor.<\/p>\n<p>Ve \u015furay\u0131 dikkatle okuyunuz, l\u00fctfen: <em>\u201cMeclis, anlay\u0131\u015f\u0131yla, icraat\u0131yla, durumuyla d\u00fc\u015fmana umut vermedik\u00e7e, i\u00e7 ve d\u0131\u015f cephelerimiz hi\u00e7bir zaman yerinden oynat\u0131lamaz.\u201d<\/em><\/p>\n<p>K\u00fcresel uygarl\u0131\u011f\u0131m\u0131zda (!) art\u0131k d\u00fc\u015fman denmiyor, biliyorsunuz. \u00c7\u00fcnk\u00fc emperyalist g\u00fc\u00e7lerin en b\u00fcy\u00fck \u00f6zelli\u011fi dost g\u00f6r\u00fcnmeleri\u2026<\/p>\n<p>Uluslararas\u0131 tekellerin dostlu\u011funu (!) da her zaman sorgulamak; yeralt\u0131 ve yer\u00fcst\u00fc zenginliklerimize g\u00f6z diktiklerini g\u00f6rmek, niyetlerini zaman\u0131nda anlamak zorunday\u0131z. Sonra kar\u015f\u0131m\u0131za ge\u00e7ip: \u201cSiz havay\u0131, suyu kirlettiniz; do\u011fa k\u0131y\u0131m\u0131 yapt\u0131n\u0131z\u2026 Do\u011fan\u0131n k\u0131t kaynaklar\u0131n\u0131 do\u011fru kullanmad\u0131n\u0131z, har vurup harman savurdunuz; su\u00e7lusunuz!\u201d diyecekler bize. Soyk\u0131r\u0131mc\u0131l\u0131\u011f\u0131m\u0131za bir de bunu ekleyip arkam\u0131zdan g\u00fclecekler. Alt\u0131n aramak u\u011fruna Kaz Da\u011flar\u0131n\u0131 delik de\u015fik ettiler \u015fimdiden. Enerji Bakan\u0131m\u0131z ise i\u015fletme ruhsat\u0131 vermeye can at\u0131yor! E\u011fer verilirse, bu da\u011flar\u0131n benzersiz bitki \u00f6rt\u00fcs\u00fcn\u00fc, yeralt\u0131 sular\u0131n\u0131 bir daha geri gelmeyecek bi\u00e7imde yok ederek, zehirleyerek gidecekleri, sonra da bizden hesap soracaklar\u0131 g\u00fcnler uzak de\u011fil.<\/p>\n<p>Kameralar \u00f6n\u00fcnde hararetli el s\u0131k\u0131\u015fmalarla, kapal\u0131 kap\u0131lar ard\u0131nda anla\u015f\u0131p derinli\u011fini anlamad\u0131\u011f\u0131m\u0131z deme\u00e7ler vermelerle ancak, beyinleri uyu\u015fturulmu\u015f insanlar\u0131 ve kendilerini kand\u0131r\u0131rlar. T\u00fcrkiye\u2019nin d\u00fc\u015f\u00fcnen kafalar\u0131n\u0131 de\u011fil!<\/p>\n<p>Biz, ulusal b\u00fct\u00fcnl\u00fc\u011f\u00fc g\u00f6zden \u00e7\u0131karamay\u0131z. Biz, i\u00e7 cephenin \u00e7\u00f6z\u00fclmesine izin veremeyiz. Tam ba\u011f\u0131ms\u0131zl\u0131k hedefinin a\u00e7\u0131kl\u0131\u011f\u0131na, berrakl\u0131\u011f\u0131na, temizli\u011fine sar\u0131l\u0131p donmadan akmak; t\u00fcm ulusa b\u0131kmadan anlatmak zorunday\u0131z.<\/p>\n<p>Yakup Kadri Karaosmano\u011flu bir g\u00fcn, Cumhuriyet Halk Partisinin ilkelerini incelemekte olan Atat\u00fcrk\u2019e \u015f\u00f6yle demi\u015f: <em>\u201cPa\u015fam, bu her bak\u0131mdan bir ink\u0131l\u00e2p partisidir. \u0130nk\u0131l\u00e2p partisi ise bir ideolojiye, bir doktrine dayanmaks\u0131z\u0131n y\u00fcr\u00fcyemez.\u201d <\/em>Atat\u00fcrk, Yakup Kadri\u2019nin y\u00fcz\u00fcne, bir masumun y\u00fcz\u00fcne bakar gibi bakm\u0131\u015f ve g\u00fcl\u00fcmseyerek: <em>\u201cO zaman donar kal\u0131r\u0131z!\u201d<\/em> demi\u015f.<\/p>\n<p>&nbsp;<\/p>\n<p><em>25\/10\/2007<\/em><\/p>\n<p><em>Bizim Sakarya Gazetesi<\/em><\/p>\n","protected":false},"excerpt":{"rendered":"<p>09.06.1921\u2026 Mustafa Kemal Ankara\u2019da, Frans\u0131z diplomat Franklin Bouillon\u2019la g\u00f6r\u00fc\u015f\u00fcyor. Ona, b\u00fct\u00fcn ulusa ve tarihe kar\u015f\u0131 \u00fcstlendikleri g\u00f6revi anlat\u0131yor. G\u00f6revin \u00f6z\u00fc, hedefi, \u2018Tam Ba\u011f\u0131ms\u0131zl\u0131k\u2019. \u201cTam ba\u011f\u0131ms\u0131zl\u0131k demek, ku\u015fkusuz siyaset, iktisat, adalet, askerlik, k\u00fclt\u00fcr\u2026 gibi her alanda tam ba\u011f\u0131ms\u0131zl\u0131k ve tam \u00f6zg\u00fcrl\u00fck demektir. Bu sayd\u0131klar\u0131m\u0131n herhangi birinde ba\u011f\u0131ms\u0131zl\u0131ktan yoksunluk, ulusun ve \u00fclkenin ger\u00e7ek anlam\u0131yla b\u00fct\u00fcn ba\u011f\u0131ms\u0131zl\u0131\u011f\u0131ndan yoksunlu\u011fu [&hellip;]<\/p>\n","protected":false},"author":1,"featured_media":0,"comment_status":"open","ping_status":"open","sticky":false,"template":"","format":"standard","meta":{"footnotes":""},"categories":[467],"tags":[],"_links":{"self":[{"href":"https:\/\/www.tamayacikel.com\/index.php?rest_route=\/wp\/v2\/posts\/2594"}],"collection":[{"href":"https:\/\/www.tamayacikel.com\/index.php?rest_route=\/wp\/v2\/posts"}],"about":[{"href":"https:\/\/www.tamayacikel.com\/index.php?rest_route=\/wp\/v2\/types\/post"}],"author":[{"embeddable":true,"href":"https:\/\/www.tamayacikel.com\/index.php?rest_route=\/wp\/v2\/users\/1"}],"replies":[{"embeddable":true,"href":"https:\/\/www.tamayacikel.com\/index.php?rest_route=%2Fwp%2Fv2%2Fcomments&post=2594"}],"version-history":[{"count":1,"href":"https:\/\/www.tamayacikel.com\/index.php?rest_route=\/wp\/v2\/posts\/2594\/revisions"}],"predecessor-version":[{"id":3293,"href":"https:\/\/www.tamayacikel.com\/index.php?rest_route=\/wp\/v2\/posts\/2594\/revisions\/3293"}],"wp:attachment":[{"href":"https:\/\/www.tamayacikel.com\/index.php?rest_route=%2Fwp%2Fv2%2Fmedia&parent=2594"}],"wp:term":[{"taxonomy":"category","embeddable":true,"href":"https:\/\/www.tamayacikel.com\/index.php?rest_route=%2Fwp%2Fv2%2Fcategories&post=2594"},{"taxonomy":"post_tag","embeddable":true,"href":"https:\/\/www.tamayacikel.com\/index.php?rest_route=%2Fwp%2Fv2%2Ftags&post=2594"}],"curies":[{"name":"wp","href":"https:\/\/api.w.org\/{rel}","templated":true}]}}