{"id":2983,"date":"2007-03-15T08:14:04","date_gmt":"2007-03-15T08:14:04","guid":{"rendered":"http:\/\/www.tamayacikel.com\/?p=142"},"modified":"2007-03-15T08:14:04","modified_gmt":"2007-03-15T08:14:04","slug":"ustalar-bulusuyor-2","status":"publish","type":"post","link":"https:\/\/www.tamayacikel.com\/?p=2983","title":{"rendered":"Ustalar Bulu\u015fuyor"},"content":{"rendered":"<p><strong> <\/strong><\/p>\n<p>Bug\u00fcn Adapazar\u0131\u2019nda foto\u011fraf\u0131n ustalar\u0131 bulu\u015fuyor: <strong>H\u00fcsn\u00fc G\u00fcrsel, \u0130brahim Zaman, Sabit Kalfagil ve \u0130zzet Keribar<\/strong>. AKM sergi salonundaki sergi a\u00e7\u0131l\u0131\u015f\u0131 saat 19.00\u2019da. \u201cT\u00fcrk Foto\u011fraf\u0131n\u0131n D\u00fcn\u00fc, Bug\u00fcn\u00fc\u201d konulu s\u00f6yle\u015fi, tiyatro salonunda saat 19.30\u2019da\u2026 S\u00f6yle\u015fiyi, kendisi de bir foto\u011fraf sanat\u00e7\u0131s\u0131 olan Foto\u011fraf Dergisi edit\u00f6r\u00fc <strong>Nadir Ede<\/strong> y\u00f6netecek. Daha sonra \u0130zzet Keribar\u2019\u0131n \u201cHindistan\u201d konulu dia g\u00f6sterisini izleyece\u011fiz.<\/p>\n<p><em>\u201cAdapazar\u0131\u2019nda, foto\u011fraf d\u00fcnyam\u0131za yads\u0131nmaz katk\u0131lar\u0131 ile bir foto\u011fraf olgusu varsa (ki vard\u0131r), bunun ba\u015f mimar\u0131 H\u00fcsn\u00fc G\u00fcrsel\u2019dir.\u201d<\/em> diyen <strong>\u0130brahim Zaman<\/strong> ve <em>\u201c\u2026 \u0130brahim, devaml\u0131 yenilik arayan ve yapt\u0131\u011f\u0131ndan daha iyisini, g\u00fczelini yapma \u00e7abas\u0131 i\u00e7inde olan, profesyonelli\u011fine amat\u00f6r heyecan ve yarat\u0131c\u0131l\u0131\u011f\u0131 ekleyebilen, bunu b\u00fcy\u00fck bir azimle s\u00fcrd\u00fcrebilen az say\u0131daki ki\u015filerden biridir.\u201d<strong> <\/strong><\/em>diyen <strong>H\u00fcsn\u00fc G\u00fcrsel<\/strong>. Onlar \u2018Adapazarl\u0131 Grup 5\u2019in iki \u00fcyesiydi ve grup\u00e7a ekip ruhunu kurarak Adapazar\u0131\u2019nda sanatsal foto\u011fraf\u0131n temellerini att\u0131lar.<\/p>\n<p>Prof. Dr. Sabit Kalfagil\u2019in,<em> \u201cBir foto\u011fraf tutkunudur. Ama bunu abart\u0131l\u0131 bi\u00e7imde ifade etti\u011fine hi\u00e7 tan\u0131k olmad\u0131m.<\/em><\/p>\n<p><em>G\u00fcn\u00fcm\u00fczde art\u0131k k\u0131ymeti pek bilinmeyen inceliklerin ve duyarl\u0131 iklimlerin adam\u0131d\u0131r.\u201d<\/em> dedi\u011fi H\u00fcsn\u00fc G\u00fcrsel\u2019le gurur duyuyoruz. Hoca\u2019n\u0131n, 1954\u2019te Be\u015fikd\u00fcz\u00fc\u2019nde bir d\u00fckk\u00e2nda g\u00f6r\u00fcp \u00f6\u011fretmen arkada\u015f\u0131 Sait Aydemir\u2019le ortak ald\u0131klar\u0131 Zeiss \u0130kon 35 mm foto\u011fraf makinesiyle ba\u015flad\u0131\u011f\u0131 foto\u011fraf ser\u00fcveni h\u00e2l\u00e2 s\u00fcr\u00fcyor. Kendisi ile yapt\u0131\u011f\u0131m\u0131z uzun s\u00f6yle\u015fi ge\u00e7en hafta yay\u0131mlanm\u0131\u015ft\u0131. H\u00fcsn\u00fc Hoca\u2019m\u0131z\u0131 ustalar bulu\u015fmas\u0131nda yol arkada\u015flar\u0131yla bir aradayken izlemek ve dinlemek de ho\u015f olacak.<\/p>\n<p><strong> <\/strong><\/p>\n<p><strong>\u0130brahim Zaman<\/strong>, ge\u00e7en y\u0131l AKM\u2019de sergi a\u00e7mak \u00fczere Adapazar\u0131\u2019na gelmi\u015fti. Bir g\u00f6rsel \u015f\u00f6lendi o sergi\u2026 Ayn\u0131 g\u00fcn bu k\u00f6\u015fede, onun hakk\u0131nda \u201cG\u00f6rmeyi Bilmek\u201d ba\u015fl\u0131kl\u0131 bir yaz\u0131 yazm\u0131\u015ft\u0131m. O yaz\u0131mdan bir b\u00f6l\u00fcm:<em> <\/em><\/p>\n<p><em>\u201cFoto\u011fraf Dergisi\u2019nin e\u011fitim sayfalar\u0131nda tan\u0131\u015ft\u0131m \u0130brahim Zaman\u2019la&#8230; Foto\u011fraf\u0131n sanatsal y\u00f6n\u00fcne ilgi duymaya ba\u015flad\u0131\u011f\u0131mdan beri de d\u00f6n\u00fcp d\u00f6n\u00fcp o sayfalara ba\u015fvurma gere\u011fi duyuyorum. <\/em><\/p>\n<p><strong>\u2026<\/strong><\/p>\n<p><em>\u00d6\u011fretmekten \u00e7ok, ipu\u00e7lar\u0131 verir ve sizi \u00f6zg\u00fcr b\u0131rak\u0131r&#8230; \u201cBen yapt\u0131m oldu!\u201d kolayc\u0131l\u0131\u011f\u0131ndan kendi iste\u011finizle uzakla\u015f\u0131rs\u0131n\u0131z. Hissettirmeden o sorumlulu\u011fu size y\u00fckler. \u00d6n\u00fcn\u00fczde b\u00fcy\u00fcl\u00fc bir d\u00fcnyan\u0131n kap\u0131lar\u0131n\u0131 aralamaya \u00e7al\u0131\u015f\u0131r, estetik kayg\u0131ya zorlamaz, k\u0131\u015fk\u0131rt\u0131r.<\/em><\/p>\n<p><strong>\u2026<\/strong><\/p>\n<p><em>Leonardo Da Vinci, \u2018SAPER VEDERE\u2019 yani \u2018G\u00d6RMEY\u0130 B\u0130LMEK\u2019 der. Foto\u011fraf makinesi de, ancak \u2018g\u00f6rmeyi bilmekle\u2019, yaln\u0131zca bir zaman\u0131 saptama arac\u0131 olmaktan \u00e7\u0131kacakt\u0131r. \u0130brahim Zaman, bunu erken ya\u015fta fark edip, \u2018neyi \u00e7ekti\u011fini de\u011fil, nas\u0131l \u00e7ekti\u011fini\u2019 \u00f6nemsemeye y\u00f6nelir. \u0130\u015fte bu a\u015famada onu motive eden ki\u015fi de H\u00fcsn\u00fc G\u00fcrsel\u2019dir.\u201d <\/em><\/p>\n<p><em> <\/em><\/p>\n<p>Asl\u0131nda mimar olan, 20 y\u0131la yak\u0131n bir s\u00fcre mimarl\u0131k da yapan <strong>Sabit Kalfagil<\/strong> ise bir hobi olarak ba\u015fl\u0131yor foto\u011fraf\u00e7\u0131l\u0131\u011fa. 1998\u2032de foto\u011fraf b\u00f6l\u00fcm\u00fcne profes\u00f6r olarak atand\u0131\u011f\u0131 Marmara \u00dcniversitesi G\u00fczel Sanatlar Fak\u00fcltesi\u2019nde halen foto\u011fraf ana sanat dal\u0131 ba\u015fkan\u0131.<\/p>\n<p>Foto\u011fraf Dergisi\u2019nde \u201cHepimizin K\u00f6\u015fesi\u201d ad\u0131 alt\u0131nda e\u011fitim ama\u00e7l\u0131 yaz\u0131lar\u0131yla, yar\u0131\u015fma j\u00fcrilerinde yer al\u0131\u015f\u0131yla da tan\u0131yoruz Sabit Kalfagil\u2019i. \u201cKaliteli bal\u0131n\u0131z olsun m\u00fc\u015fterisi Ba\u011fdat\u2019tan gelir.\u201d diyerek \u00f6\u011frencilerine kaliteden asla \u00f6d\u00fcn vermemelerini \u00f6\u011f\u00fctl\u00fcyor.<\/p>\n<p>Anadolu gezileri yap\u0131yor. Y\u0131lda iki kez yurtd\u0131\u015f\u0131na foto\u011fraf gezilerine \u00e7\u0131k\u0131yor. Uzakdo\u011fu, Hindistan, \u0130ran favorisi\u2026 Amerika\u2019ya hi\u00e7 gitmemi\u015f.<\/p>\n<p><strong>\u0130zzet Keribar<\/strong>\u2019a gelince\u2026 1996 y\u0131l\u0131nda 20 \u00fclkenin kat\u0131ld\u0131\u011f\u0131, T\u00fcrkiye&#8217;den kat\u0131l\u0131m\u0131n pek fazla olmad\u0131\u011f\u0131 Fuji Avrupa Bas\u0131n Foto\u011fraflar\u0131 Yar\u0131\u015fmas\u0131\u2019n\u0131n \u00f6d\u00fcl gecesini \u015f\u00f6yle anlat\u0131yor \u0130zzet Keribar: \u201cG\u00fczel bir ak\u015fam yeme\u011finden sonra, FUJI&#8217;nin Avrupa sorumlusu Mr. Shigetaka Komori k\u00fcrs\u00fcye \u00e7\u0131karak sonu\u00e7lar\u0131 ilan etmeye ba\u015flad\u0131. \u00d6nce hepimize birer sertifika verildi ve ondan sonra 6 mansiyon da\u011f\u0131t\u0131ld\u0131. Fransa-Danimarka-\u0130ngiltere-\u0130spanya ve T\u00fcrkiye (2). Yani bana iki adet verdiler. Daha sonra 3.olan Danimarka (Jan Dago), ikinci olan Patr\u0131ck Robert (Fransa) k\u00fcrs\u00fcye \u00e7a\u011fr\u0131ld\u0131 ve beklenen an gelince, heyecan art\u0131k dorukta; televizyoncular, foto\u011fraf\u00e7\u0131lar hep g\u00f6rev ba\u015f\u0131nda b\u00fcy\u00fck sonucu bekliyordu. &#8220;T\u00dcRK\u0130YE!&#8221; denince, kalbim duracak sand\u0131m\u2026 Fla\u015flar, alk\u0131\u015flar, video \u00e7ekimleri\u2026 K\u00fcrs\u00fcye \u00e7\u0131k\u0131p, te\u015fekk\u00fcr ettikten sonra, bu zaferin asl\u0131nda T\u00fcrk foto\u011fraf\u00e7\u0131l\u0131\u011f\u0131na ait oldu\u011funu s\u00f6yledim.<\/p>\n<p>Benim bas\u0131n foto\u011fraf\u00e7\u0131l\u0131\u011f\u0131ma gelince; Bas\u0131n foto\u011fraf\u00e7\u0131lar\u0131 genelde sava\u015f muhabirleri s\u0131fat\u0131yla kat\u0131l\u0131yor ve do\u011fal olarak, kan, sava\u015f ve deh\u015fet kokan eserler sunuyorlar. Benim yap\u0131tlar\u0131m\u0131n, rahat ve huzur verici olmas\u0131, bu seneki j\u00fcrileri farkl\u0131 bir \u015fekilde etkilemi\u015f ve \u00e7o\u011fu j\u00fcri \u00fcyesi bana tam puan verdi.\u201d<\/p>\n<p>\u201cBelki ya\u015famak i\u00e7in foto\u011fraf \u00e7ekmiyorum, ama g\u00fczel foto\u011fraflar \u00e7ekmek i\u00e7in ya\u015f\u0131yorum.\u201d diyor \u0130zzet Keribar.<\/p>\n<p>\u201cFoto\u011fraflar\u0131ma, <em>ne g\u00fczel<\/em> dedikleri zaman a\u015f\u0131r\u0131 bir \u015fekilde sevinip heyecanlanm\u0131yorum. Ancak benim yoklu\u011fumda, <em>bu bir \u0130zzet Keribar foto\u011fraf\u0131d\u0131r<\/em> dediklerinde \u00e7ok mutlu oluyorum.\u201d<\/p>\n<p>Son y\u0131llarda Adapazar\u0131\u2019nda foto\u011fraf sanat\u0131na ilginin artt\u0131\u011f\u0131n\u0131 g\u00f6rmek g\u00fczel\u2026 Bu etkinli\u011fi ger\u00e7ekle\u015ftirenleri, bu olu\u015fuma katk\u0131lar\u0131ndan dolay\u0131 kutlar\u0131m.<\/p>\n<p><em>15\/03\/2007<\/em><\/p>\n<p><em>Bizim Sakarya Gazetesi<\/em><\/p>\n","protected":false},"excerpt":{"rendered":"<p>Bug\u00fcn Adapazar\u0131\u2019nda foto\u011fraf\u0131n ustalar\u0131 bulu\u015fuyor: H\u00fcsn\u00fc G\u00fcrsel, \u0130brahim Zaman, Sabit Kalfagil ve \u0130zzet Keribar. AKM sergi salonundaki sergi a\u00e7\u0131l\u0131\u015f\u0131 saat 19.00\u2019da. \u201cT\u00fcrk Foto\u011fraf\u0131n\u0131n D\u00fcn\u00fc, Bug\u00fcn\u00fc\u201d konulu s\u00f6yle\u015fi, tiyatro salonunda saat 19.30\u2019da\u2026 S\u00f6yle\u015fiyi, kendisi de bir foto\u011fraf sanat\u00e7\u0131s\u0131 olan Foto\u011fraf Dergisi edit\u00f6r\u00fc Nadir Ede y\u00f6netecek. Daha sonra \u0130zzet Keribar\u2019\u0131n \u201cHindistan\u201d konulu dia g\u00f6sterisini izleyece\u011fiz. \u201cAdapazar\u0131\u2019nda, foto\u011fraf [&hellip;]<\/p>\n","protected":false},"author":1,"featured_media":0,"comment_status":"open","ping_status":"open","sticky":false,"template":"","format":"standard","meta":{"footnotes":""},"categories":[467],"tags":[],"_links":{"self":[{"href":"https:\/\/www.tamayacikel.com\/index.php?rest_route=\/wp\/v2\/posts\/2983"}],"collection":[{"href":"https:\/\/www.tamayacikel.com\/index.php?rest_route=\/wp\/v2\/posts"}],"about":[{"href":"https:\/\/www.tamayacikel.com\/index.php?rest_route=\/wp\/v2\/types\/post"}],"author":[{"embeddable":true,"href":"https:\/\/www.tamayacikel.com\/index.php?rest_route=\/wp\/v2\/users\/1"}],"replies":[{"embeddable":true,"href":"https:\/\/www.tamayacikel.com\/index.php?rest_route=%2Fwp%2Fv2%2Fcomments&post=2983"}],"version-history":[{"count":0,"href":"https:\/\/www.tamayacikel.com\/index.php?rest_route=\/wp\/v2\/posts\/2983\/revisions"}],"wp:attachment":[{"href":"https:\/\/www.tamayacikel.com\/index.php?rest_route=%2Fwp%2Fv2%2Fmedia&parent=2983"}],"wp:term":[{"taxonomy":"category","embeddable":true,"href":"https:\/\/www.tamayacikel.com\/index.php?rest_route=%2Fwp%2Fv2%2Fcategories&post=2983"},{"taxonomy":"post_tag","embeddable":true,"href":"https:\/\/www.tamayacikel.com\/index.php?rest_route=%2Fwp%2Fv2%2Ftags&post=2983"}],"curies":[{"name":"wp","href":"https:\/\/api.w.org\/{rel}","templated":true}]}}