{"id":2984,"date":"2007-03-22T08:17:08","date_gmt":"2007-03-22T08:17:08","guid":{"rendered":"http:\/\/www.tamayacikel.com\/?p=144"},"modified":"2007-03-22T08:17:08","modified_gmt":"2007-03-22T08:17:08","slug":"yeni-gunu-kutlamak-2","status":"publish","type":"post","link":"https:\/\/www.tamayacikel.com\/?p=2984","title":{"rendered":"\u2018Yeni G\u00fcn\u2019\u00fc kutlamak"},"content":{"rendered":"<p><strong> <\/strong><\/p>\n<p><strong> <\/strong><\/p>\n<p><strong> <\/strong><\/p>\n<p>Bug\u00fcne kadar Nevruz \u015fenliklerine hi\u00e7 kat\u0131lmam\u0131\u015f biri oldu\u011fumu itiraf ediyorum. H\u0131drellez kutlamas\u0131n\u0131 ise ilk kez ge\u00e7en y\u0131l, Edirne\u2019ye <strong>Kakava \u015eenlikleri\u2019ne<\/strong> gitti\u011fimizde g\u00f6rd\u00fcm. Foto\u011fraf \u00e7ekme ama\u00e7l\u0131 bir geziydi o da\u2026<\/p>\n<p>Sabah\u0131n ilk \u0131\u015f\u0131klar\u0131yla girmi\u015ftik \u015fehre. Tunca Nehri k\u0131y\u0131s\u0131nda toplanan kalabal\u0131\u011fa kar\u0131\u015ft\u0131\u011f\u0131m\u0131z andan itibaren karelerimize giren renkler, y\u00fczler ve ovaya yay\u0131lan m\u00fczi\u011fin \u015fen na\u011fmeleriyle oradan oraya s\u00fcr\u00fckleni\u015fimiz capcanl\u0131 duruyor belle\u011fimde.<\/p>\n<p>Nevruz s\u00f6zc\u00fc\u011f\u00fc \u201cyeni g\u00fcn\u201d anlam\u0131na geliyor Fars\u00e7a\u2019da. G\u00fcne\u015fin 21 Mart tarihinden itibaren kuzey yar\u0131mk\u00fcreye daha \u00e7ok \u0131s\u0131 ve \u0131\u015f\u0131k vermeye ba\u015flamas\u0131 dolay\u0131s\u0131yla ilkbahar\u0131n ba\u015flang\u0131c\u0131 say\u0131l\u0131yor. Bu nedenle kuzey yar\u0131mk\u00fcrede ya\u015fayan baz\u0131 halklar, do\u011fan\u0131n uyan\u0131\u015f\u0131n\u0131n sembol\u00fc olarak kutluyorlar 21 Mart g\u00fcn\u00fcn\u00fc. Geleneksel ya\u015fam\u0131n s\u00fcrd\u00fc\u011f\u00fc yerlerde insanlar, ay\u0131n, g\u00fcne\u015fin g\u00f6ky\u00fcz\u00fcndeki durumlar\u0131na, mevsimlerin de\u011fi\u015fmesine g\u00f6re ya\u015famlar\u0131n\u0131 bi\u00e7imlendiriyorlar.<\/p>\n<p>\u0130nsano\u011flunun hayatta kalma sava\u015f\u0131m\u0131nda belle\u011fine kaz\u0131nm\u0131\u015f nice deneyimler var. Bu deneyimlerin birikimiyle olu\u015fan inan\u00e7lar onun davran\u0131\u015flar\u0131n\u0131 belirliyor; inan\u00e7lar\u0131n ya\u015fama katk\u0131s\u0131 da oluyor bu ba\u011flamda\u2026<\/p>\n<p>Anadolu\u2019muzun binlerce y\u0131ll\u0131k tarihinde, de\u011fi\u015fik topluluklar\u0131n gelip ge\u00e7i\u015fleriyle zenginle\u015fip sonra da sindirilerek yepyeni bi\u00e7imler kazand\u0131klar\u0131n\u0131 g\u00f6r\u00fcyoruz inan\u00e7lar\u0131n. B\u00f6ylesine bir birikim, do\u011fa insan\u0131na \u00f6zg\u00fc bir yarat\u0131c\u0131l\u0131kla ve ho\u015fg\u00f6r\u00fcyle m\u00fcmk\u00fcn olabilirdi ancak. Anadolu insan\u0131 bu ho\u015fg\u00f6r\u00fcye, bu anlay\u0131\u015f ve zek\u00e2ya sahip. \u0130nan\u00e7lar\u0131n\u0131 kat\u0131la\u015ft\u0131rmam\u0131\u015f, dondurmam\u0131\u015f\u2026 Aksine, yeni kat\u0131lanlarla harmanlay\u0131p tazelemi\u015f, canl\u0131l\u0131k getirmi\u015f onlara.<\/p>\n<p>Do\u011fayla al\u0131\u015fveri\u015fin insana sa\u011flad\u0131\u011f\u0131 g\u00fcven duygusunu ne g\u00fczel anlat\u0131r halk ozan\u0131m\u0131z \u00c2\u015f\u0131k Veysel \u015fu d\u00f6rtl\u00fckte:<\/p>\n<p><strong><em>Koyun verdi, kuzu verdi, s\u00fct verdi<br \/>\nYemek verdi, ekmek verdi, et verdi<br \/>\nKazma ile d\u00f6vmeyince k\u0131t verdi<br \/>\nBenim sad\u0131k y\u00e2rim kara toprakt\u0131r.<\/em><\/strong><\/p>\n<p>Ke\u015fke kente g\u00f6\u00e7 bu yo\u011funlukta ya\u015fanmasayd\u0131 da bu al\u0131\u015fveri\u015f hi\u00e7 bozulmasayd\u0131. Kente g\u00f6\u00e7t\u00fc\u011f\u00fcnde \u00f6z\u00fcne yabanc\u0131la\u015fmasayd\u0131 insan\u0131m\u0131z. Engin ho\u015fg\u00f6r\u00fcs\u00fcn\u00fc hi\u00e7 b\u0131rakmasayd\u0131.<\/p>\n<p>Kent ayd\u0131n\u0131 da \u00f6z\u00fcnden kopmaya bu kadar merakl\u0131 olmasayd\u0131 ke\u015fke. Vakur durabilseydi biraz, Bat\u0131\u2019n\u0131n kar\u015f\u0131s\u0131nda.<\/p>\n<p>Oysa k\u00fclt\u00fcr\u00fcm\u00fcz\u00fcn bu renklili\u011fi, \u00e7e\u015fitlili\u011fi, \u00e7a\u011fda\u015f e\u011fitimin temellerinin at\u0131ld\u0131\u011f\u0131 Cumhuriyet d\u00f6neminden itibaren i\u015fleri kolayla\u015ft\u0131rabilir, insan\u0131m\u0131z\u0131n \u00e7a\u011fda\u015f uygarl\u0131\u011f\u0131 yakalama s\u00fcrecini k\u0131saltabilirdi. Bu de\u011ferlerimizi vurgulamak g\u00fcn ge\u00e7tik\u00e7e daha \u00e7ok \u00f6nem kazan\u0131yor.<\/p>\n<p><em>22\/03\/2007<\/em><\/p>\n<p><em>Bizim Sakarya Gazetesi<\/em><\/p>\n","protected":false},"excerpt":{"rendered":"<p>Bug\u00fcne kadar Nevruz \u015fenliklerine hi\u00e7 kat\u0131lmam\u0131\u015f biri oldu\u011fumu itiraf ediyorum. H\u0131drellez kutlamas\u0131n\u0131 ise ilk kez ge\u00e7en y\u0131l, Edirne\u2019ye Kakava \u015eenlikleri\u2019ne gitti\u011fimizde g\u00f6rd\u00fcm. Foto\u011fraf \u00e7ekme ama\u00e7l\u0131 bir geziydi o da\u2026 Sabah\u0131n ilk \u0131\u015f\u0131klar\u0131yla girmi\u015ftik \u015fehre. Tunca Nehri k\u0131y\u0131s\u0131nda toplanan kalabal\u0131\u011fa kar\u0131\u015ft\u0131\u011f\u0131m\u0131z andan itibaren karelerimize giren renkler, y\u00fczler ve ovaya yay\u0131lan m\u00fczi\u011fin \u015fen na\u011fmeleriyle oradan oraya s\u00fcr\u00fckleni\u015fimiz [&hellip;]<\/p>\n","protected":false},"author":1,"featured_media":0,"comment_status":"open","ping_status":"open","sticky":false,"template":"","format":"standard","meta":{"footnotes":""},"categories":[467],"tags":[],"_links":{"self":[{"href":"https:\/\/www.tamayacikel.com\/index.php?rest_route=\/wp\/v2\/posts\/2984"}],"collection":[{"href":"https:\/\/www.tamayacikel.com\/index.php?rest_route=\/wp\/v2\/posts"}],"about":[{"href":"https:\/\/www.tamayacikel.com\/index.php?rest_route=\/wp\/v2\/types\/post"}],"author":[{"embeddable":true,"href":"https:\/\/www.tamayacikel.com\/index.php?rest_route=\/wp\/v2\/users\/1"}],"replies":[{"embeddable":true,"href":"https:\/\/www.tamayacikel.com\/index.php?rest_route=%2Fwp%2Fv2%2Fcomments&post=2984"}],"version-history":[{"count":0,"href":"https:\/\/www.tamayacikel.com\/index.php?rest_route=\/wp\/v2\/posts\/2984\/revisions"}],"wp:attachment":[{"href":"https:\/\/www.tamayacikel.com\/index.php?rest_route=%2Fwp%2Fv2%2Fmedia&parent=2984"}],"wp:term":[{"taxonomy":"category","embeddable":true,"href":"https:\/\/www.tamayacikel.com\/index.php?rest_route=%2Fwp%2Fv2%2Fcategories&post=2984"},{"taxonomy":"post_tag","embeddable":true,"href":"https:\/\/www.tamayacikel.com\/index.php?rest_route=%2Fwp%2Fv2%2Ftags&post=2984"}],"curies":[{"name":"wp","href":"https:\/\/api.w.org\/{rel}","templated":true}]}}