{"id":2986,"date":"2007-04-19T08:26:21","date_gmt":"2007-04-19T08:26:21","guid":{"rendered":"http:\/\/www.tamayacikel.com\/?p=150"},"modified":"2007-04-19T08:26:21","modified_gmt":"2007-04-19T08:26:21","slug":"oyalamak-2","status":"publish","type":"post","link":"https:\/\/www.tamayacikel.com\/?p=2986","title":{"rendered":"OYALAMAK"},"content":{"rendered":"<p><strong><br \/>\n<\/strong><\/p>\n<p><strong> <\/strong><\/p>\n<p>Oya deyip ge\u00e7meyin! Biz g\u00f6rmeye al\u0131\u015fm\u0131\u015f\u0131z da de\u011ferinin fark\u0131nda de\u011filiz, Turkish Needle Laces (T\u00fcrk \u0130\u011fne Oyalar\u0131) yahut \u201cTurkish Oya\u201d diye aratt\u0131\u011f\u0131n\u0131zda binlerce internet sitesi \u00e7\u0131k\u0131yor kar\u015f\u0131n\u0131za. \u201cNazar Boncu\u011fu\u201d da \u00f6yle. \u015ea\u015ft\u0131m kald\u0131m! Daha do\u011frusu onlara de\u011fil kendimize \u015fa\u015ft\u0131m.<\/p>\n<p>D\u00fc\u015f\u00fcnd\u00fcm: Spor giyimin y\u00fckseli\u015fe ge\u00e7ti\u011fi g\u00fcn\u00fcm\u00fczde, Adidas\u2019\u0131n, yok bilmem hangi markan\u0131n t\u0131pk\u0131s\u0131n\u0131 yapaca\u011f\u0131m\u0131za, geleneksel motiflerimizi uyarlayarak \u00f6zg\u00fcn modeller yaratsak ve bunlarla d\u00fcnya pazarlar\u0131na \u00e7\u0131ksak\u2026 Yabanc\u0131lar bizim el sanatlar\u0131m\u0131za bu kadar \u00f6nem veriyor, m\u00fczelerinde sergiliyorlar, \u00f6yleyse bay\u0131la bay\u0131la al\u0131rlar.<\/p>\n<p>Buna benzer hedefler koymam\u0131z\u0131n ve bu yolda \u00e7aba harcamam\u0131z\u0131n bize geri d\u00f6n\u00fc\u015f\u00fc nas\u0131l olur, hayal bile edemiyorum. Onlar\u0131n pazarlad\u0131klar\u0131 uyduruk plastiklere bile bir \u015fey san\u0131p para veriyoruz da kendi insan\u0131m\u0131z\u0131n, d\u00fcnyan\u0131n en kolay i\u015fiymi\u015f gibi hi\u00e7 durmadan \u00fcretti\u011fi bu e\u015fsiz g\u00fczellikleri \u00f6nemsemiyoruz. Yaln\u0131z g\u00fczel mi? Ayn\u0131 zamanda i\u015flevsel; hep kulland\u0131\u011f\u0131m\u0131z, g\u00f6rmeye al\u0131\u015ft\u0131\u011f\u0131m\u0131z \u015feyler\u2026<\/p>\n<p>Oyal\u0131 yazmalar, danteller, \u00e7oraplar\u2026 ve daha neler neler\u2026<\/p>\n<p>Sadece \u015fu \u00e7oraplar\u0131n adlar\u0131na bir bakmak yeter:<\/p>\n<p>Muhabbet \u00e7engeli, yand\u0131m alamad\u0131m, y\u00e2rimi eller ald\u0131, eli mektuplu, elif-be, \u00e2\u015f\u0131k kirpi\u011fi, g\u00f6n\u00fcl kilidi, k\u00e2tip \u00e7imci\u011fi, civanka\u015f\u0131, ergen b\u0131y\u0131\u011f\u0131, sarho\u015f yolu, ci\u011ferdeldi, bindall\u0131, g\u00fcl bah\u00e7esi\u2026<\/p>\n<p><em>\u201cBunlar \u00e7orap de\u011fil, \u00e2deta n\u00fcfus tezkeresi!..\u201d<\/em> diyor <strong>Vasfi R\u0131za Zobu. <\/strong><em>\u201cHani masallarda birbiri arkas\u0131ndan a\u00e7\u0131lan k\u0131rk kap\u0131l\u0131 saraylar vard\u0131r, onlar gibi bir \u00e2lem. Her g\u00fcn yeni bir kap\u0131s\u0131n\u0131 a\u00e7\u0131yorum. Ve her a\u00e7t\u0131\u011f\u0131m kap\u0131n\u0131n arkas\u0131ndan bamba\u015fka bir d\u00fcnya seyrediyorum.\u201d<\/em> diye s\u00f6z etti\u011fi <strong>Kenan \u00d6zbel<\/strong>\u2019in koleksiyonuna i\u00e7i gitmi\u015f. \u201cKendini a\u015fa\u011f\u0131 g\u00f6rme\u201d illetine tutulmu\u015f ruh hastalar\u0131 i\u00e7in bir sanatoryum kurup onun koleksiyonundaki oyalar\u0131, kuma\u015flar\u0131, \u00e7oraplar\u0131 ve daha ba\u015fka birbirinden g\u00fczel el sanatlar\u0131n\u0131 buraya toplamal\u0131, b\u00f6ylece her g\u00fcn, T\u00fcrk yarat\u0131c\u0131 dehas\u0131n\u0131n \u00fcr\u00fcnlerini <em>g\u00f6stere tatt\u0131ra <\/em>bu hastalar\u0131 iyile\u015ftirmeli, diyor. <em>(Kenan \u00d6zbel\u2019in Topkap\u0131 Saray\u0131 M\u00fczesi\u2019ne arma\u011fan etti\u011fi koleksiyonu, saray\u0131n T\u00fcrk El Sanatlar\u0131 M\u00fczesi adl\u0131 b\u00f6l\u00fcm\u00fcndedir.)<\/em><\/p>\n<p>Sevgili <strong>Nebahat (K\u0131r) \u00d6\u011fretmen<\/strong>, b\u00fct\u00fcn T\u00fcrkiye\u2019den kuma\u015f \u00f6rnekleri toplam\u0131\u015f y\u0131llar y\u0131l\u0131. Yat\u0131l\u0131 \u00f6\u011frencilerine tembih etmi\u015f; \u201c<em>Memleketlerinize yaz\u0131n, bana eski kuma\u015flar yollas\u0131nlar<\/em>!\u201d demi\u015f. B\u00f6ylelikle zengin bir koleksiyon olu\u015fturmu\u015f. Bir b\u00f6l\u00fcm\u00fcn\u00fc emekli olurken okuluna, Adapazar\u0131\u2019ndaki K\u0131z Meslek Lisesi\u2019ne arma\u011fan etmi\u015f.<\/p>\n<p>Ya Dr. <strong>K\u00e2z\u0131m Ert\u00fcrk<\/strong>\u2019\u00fcn geleneksel el sanatlar\u0131m\u0131z\u0131n en g\u00fczel \u00fcr\u00fcnlerinden yaratt\u0131\u011f\u0131 e\u015fsiz koleksiyon! Kendisini k\u0131sa bir s\u00fcre \u00f6nce yitirdik. Doksan y\u0131ll\u0131k ya\u015fam\u0131 boyunca bunlar\u0131 titizlikle, sab\u0131rla ve gittik\u00e7e artan bir heyecanla biriktirmi\u015f, sonra da b\u00fcy\u00fck bir b\u00f6l\u00fcm\u00fcn\u00fc \u015fehrimize, paha bi\u00e7ilemez bir arma\u011fan olarak b\u0131rakm\u0131\u015ft\u0131r.<\/p>\n<p>Bunlar\u0131n de\u011ferini bilmek zorunday\u0131z. \u00dcretenleri de koruyanlar\u0131 da g\u00f6klere \u00e7\u0131kartmal\u0131y\u0131z asl\u0131nda.<\/p>\n<p>El sanatlar\u0131m\u0131z kaybolmas\u0131n diye b\u00fcy\u00fck \u00e7aba g\u00f6steren dernekler de var tabii, ama kendilerini par\u00e7alasalar, ne kadar yol alabilirler? Devletin maddi deste\u011finden yoksunlar bir kere. Arada s\u0131rada s\u0131rtlar\u0131n\u0131 s\u0131vazlamay\u0131, bir onur \u00f6d\u00fcl\u00fc falan vermeyi biliyor devlet\u2026 Nerede yarat\u0131c\u0131 \u00fcretkenlik ortaya \u00e7\u0131kacak, orada maddi zorluklar duvar gibi \u00e7\u0131k\u0131yor bu \u00fclke insan\u0131n\u0131n \u00f6n\u00fcne. Ve ba\u015fl\u0131yor yarat\u0131c\u0131l\u0131\u011f\u0131 da \u00fcretkenli\u011fi de t\u00f6rp\u00fclemeye\u2026<\/p>\n<p>Neden olmas\u0131n? Yar\u0131\u015fmalar a\u00e7al\u0131m, krediler verelim; \u00f6zendirelim ki yetenekler ortaya \u00e7\u0131ks\u0131n, giri\u015fimciler kollar\u0131 s\u0131vas\u0131n. Anl\u0131k p\u0131r\u0131lt\u0131lara kap\u0131lmak yerine, i\u00e7imizdeki uygarl\u0131k ate\u015fini k\u00f6r\u00fckleyelim. Verdi\u011fimiz te\u015fvikler dalga dalga yay\u0131l\u0131p genel bir kalite art\u0131\u015f\u0131n\u0131 tetiklesin; k\u00f6r kuyulara gitmesin paralar\u2026 Bor\u00e7lar\u0131m\u0131z\u0131 \u00f6deyelim, sonra da \u00fcretti\u011fimiz kadar t\u00fcketelim.<\/p>\n<p>B\u00f6yle bir tablo hayal gibi mi geliyor? Neden? Yeteneksiz miyiz? Sa\u011fduyudan, birikimden, bilimsellikten yoksun muyuz ger\u00e7ekten? Tar\u0131mda, sanayide, e\u011fitimde, k\u00fclt\u00fcr ve sanatta kendi kimli\u011fimizle ba\u015far\u0131l\u0131 olamaz m\u0131y\u0131z biz?<\/p>\n<p>\u0130stiyorlar ki kendimizi k\u00fc\u00e7\u00fcmseyelim, kimli\u011fimizi yitirelim; biz \u00e7al\u0131\u015fal\u0131m yabanc\u0131lar kazans\u0131n\u2026 Kendi \u00fclkemizde kendimizi yabanc\u0131 gibi hissedelim\u2026 Bunu ba\u015far\u0131yorlar.<\/p>\n<p>En k\u00f6t\u00fcs\u00fc de medyan\u0131n T\u00fcrk halk\u0131na lay\u0131k g\u00f6rd\u00fc\u011f\u00fc sa\u00e7mal\u0131klarla oyalanarak tepkisiz bir toplum haline gelmemiz.<\/p>\n<p>Atat\u00fcrk\u2019\u00fcn T\u00fcrk halk\u0131na besledi\u011fi kay\u0131ts\u0131z ko\u015fulsuz g\u00fcven, sevgi ve ger\u00e7e\u011fi <strong>apa\u00e7\u0131k <\/strong>dile getiri\u015fidir bizim \u00f6z\u00fcm\u00fcz\u00fc, insanl\u0131\u011f\u0131n \u00f6z\u00fcn\u00fc titreten; y\u00fcz binleri An\u0131tkabir yollar\u0131na d\u00f6ken\u2026 Medyan\u0131n da i\u015fbirli\u011fiyle ger\u00e7ekleri gizleyerek halk\u0131 oyalayanlar\u0131 Ata\u2019ya \u015fik\u00e2yetin \u00f6z\u00fcnde yatan buydu, bence\u2026<\/p>\n<p><em>\u201cEy y\u00fckselen yeni ku\u015fak! Gelecek sizindir. Cumhuriyeti biz kurduk; onu y\u00fcceltecek ve s\u00fcrd\u00fcrecek sizsiniz.\u201d <\/em><strong>M. Kemal Atat\u00fcrk <\/strong><\/p>\n<p><em>19\/04\/07<\/em><\/p>\n<p><em>Bizim Sakarya Gazetesi<\/em><strong><br \/>\n<\/strong><\/p>\n","protected":false},"excerpt":{"rendered":"<p>Oya deyip ge\u00e7meyin! Biz g\u00f6rmeye al\u0131\u015fm\u0131\u015f\u0131z da de\u011ferinin fark\u0131nda de\u011filiz, Turkish Needle Laces (T\u00fcrk \u0130\u011fne Oyalar\u0131) yahut \u201cTurkish Oya\u201d diye aratt\u0131\u011f\u0131n\u0131zda binlerce internet sitesi \u00e7\u0131k\u0131yor kar\u015f\u0131n\u0131za. \u201cNazar Boncu\u011fu\u201d da \u00f6yle. \u015ea\u015ft\u0131m kald\u0131m! Daha do\u011frusu onlara de\u011fil kendimize \u015fa\u015ft\u0131m. D\u00fc\u015f\u00fcnd\u00fcm: Spor giyimin y\u00fckseli\u015fe ge\u00e7ti\u011fi g\u00fcn\u00fcm\u00fczde, Adidas\u2019\u0131n, yok bilmem hangi markan\u0131n t\u0131pk\u0131s\u0131n\u0131 yapaca\u011f\u0131m\u0131za, geleneksel motiflerimizi uyarlayarak \u00f6zg\u00fcn [&hellip;]<\/p>\n","protected":false},"author":1,"featured_media":0,"comment_status":"open","ping_status":"open","sticky":false,"template":"","format":"standard","meta":{"footnotes":""},"categories":[467],"tags":[],"_links":{"self":[{"href":"https:\/\/www.tamayacikel.com\/index.php?rest_route=\/wp\/v2\/posts\/2986"}],"collection":[{"href":"https:\/\/www.tamayacikel.com\/index.php?rest_route=\/wp\/v2\/posts"}],"about":[{"href":"https:\/\/www.tamayacikel.com\/index.php?rest_route=\/wp\/v2\/types\/post"}],"author":[{"embeddable":true,"href":"https:\/\/www.tamayacikel.com\/index.php?rest_route=\/wp\/v2\/users\/1"}],"replies":[{"embeddable":true,"href":"https:\/\/www.tamayacikel.com\/index.php?rest_route=%2Fwp%2Fv2%2Fcomments&post=2986"}],"version-history":[{"count":0,"href":"https:\/\/www.tamayacikel.com\/index.php?rest_route=\/wp\/v2\/posts\/2986\/revisions"}],"wp:attachment":[{"href":"https:\/\/www.tamayacikel.com\/index.php?rest_route=%2Fwp%2Fv2%2Fmedia&parent=2986"}],"wp:term":[{"taxonomy":"category","embeddable":true,"href":"https:\/\/www.tamayacikel.com\/index.php?rest_route=%2Fwp%2Fv2%2Fcategories&post=2986"},{"taxonomy":"post_tag","embeddable":true,"href":"https:\/\/www.tamayacikel.com\/index.php?rest_route=%2Fwp%2Fv2%2Ftags&post=2986"}],"curies":[{"name":"wp","href":"https:\/\/api.w.org\/{rel}","templated":true}]}}