{"id":2987,"date":"2007-05-03T08:31:10","date_gmt":"2007-05-03T08:31:10","guid":{"rendered":"http:\/\/www.tamayacikel.com\/?p=152"},"modified":"2007-05-03T08:31:10","modified_gmt":"2007-05-03T08:31:10","slug":"caglayan-2","status":"publish","type":"post","link":"https:\/\/www.tamayacikel.com\/?p=2987","title":{"rendered":"\u00c7A\u011eLAYAN"},"content":{"rendered":"<p><strong> <\/strong><\/p>\n<p>Beyo\u011flu\u2019nda bir pasaj\u2026 Yan sokaktan merdivenlerle inilen bir giri\u015fi var. A\u015fa\u011f\u0131da, merdivenlerin hemen kar\u015f\u0131s\u0131nda bir masada iki ki\u015fi oturuyor. Bu beylerden biri benim indi\u011fimi g\u00f6r\u00fcnce, nezaketle aya\u011fa kalkarak, \u201cHan\u0131mefendi, Necmi Bey\u2019i mi aram\u0131\u015ft\u0131n\u0131z, \u015fimdi gelecek!\u201d diyor. Amac\u0131m oradaki herhangi bir d\u00fckk\u00e2ndan makas almak; te\u015fekk\u00fcr edip pasaja do\u011fru se\u011firtiyorum. \u0130lk d\u00fckk\u00e2n\u0131n \u00f6n\u00fcnde duruyorum; kap\u0131 kapal\u0131\u2026 Bak\u0131yorum di\u011ferleri de kapal\u0131. Ayn\u0131 bey, \u201c\u015eimdi gelir, \u015furaya buyurun!\u201d diyerek bana yer g\u00f6steriyor.<\/p>\n<p>Birka\u00e7 dakika sonra geliyor Necmi Bey; \u00f6z\u00fcr dileyerek aceleyle kap\u0131y\u0131 a\u00e7\u0131yor. Tela\u015f\u0131, m\u00fc\u015fteriyi bekletmi\u015f olmaktan\u2026 Sayg\u0131dan. \u00dczerinde\u00a0 \u201cBankaya gidiyorum, hemen d\u00f6nece\u011fim.\u201d yaz\u0131l\u0131 k\u00e2\u011f\u0131d\u0131 s\u00f6kerken, \u201cCuma\u2019ya gitmi\u015ftim, ama b\u00f6yle yaz\u0131yoruz\u2026\u201d diyor, pasaj esnaf\u0131n\u0131 da kastederek. Anl\u0131yorum\u2026<\/p>\n<p>\u201cNiye \u00f6yle yaz\u0131yorsunuz, o zaman?\u201d demeyece\u011fimi biliyor; biz T\u00fcrkler birbirimizi anlamakta hi\u00e7 zorlanmay\u0131z\u2026<\/p>\n<p>Ama tarafs\u0131z ve uzla\u015ft\u0131r\u0131c\u0131 olmas\u0131 gereken TBMM Ba\u015fkan\u0131\u2019n\u0131n, &#8220;Bu Meclis, sivil, demokrat ve <strong>dindar bir Cumhurba\u015fkan\u0131<\/strong> se\u00e7ecek!&#8221; diye a\u00e7\u0131klay\u0131nca anlayamay\u0131z\u2026 Bizden biri konu\u015fuyor gibi gelmez. \u00c7\u00fcnk\u00fc dine sayg\u0131s\u0131zl\u0131kt\u0131r, dindara sayg\u0131s\u0131zl\u0131kt\u0131r, g\u00f6rg\u00fcs\u00fczl\u00fckt\u00fcr; geleneklerimizde yoktur.<\/p>\n<p>Devlet kat\u0131nda laiklikten nefret edenlerin ve devleti b\u00fct\u00fcn kurumlar\u0131yla bu temel ilkeden uzakla\u015ft\u0131rmay\u0131 ilke edinenlerin\u2026<\/p>\n<p>\u00dclkenin sosyo-k\u00fclt\u00fcrel yap\u0131s\u0131n\u0131 da ayn\u0131 zihniyetle ve asl\u0131nda yasad\u0131\u015f\u0131l\u0131kla bozmay\u0131 g\u00f6rev sayanlar\u0131n\u2026<\/p>\n<p>T\u00fcrk kad\u0131n\u0131n\u0131n geleneksel ba\u015f\u00f6rt\u00fcs\u00fcn\u00fc \u201ct\u00fcrban\u201d, giyimini \u201ctesett\u00fcr\u201d yapanlar\u0131n\u2026 laflar\u0131n\u0131 anlayamaz, ama alt\u0131ndaki \u201cniyet\u201di sezeriz.<\/p>\n<p>Devletin yetkilerini kullanarak ama\u00e7lar\u0131na en k\u0131sa yoldan ula\u015fmak istediklerini anlar; bu yolda gitmeyi i\u00e7lerine sindiren yanda\u015flar\u0131n\u0131n y\u00fckseli\u015fini g\u00f6r\u00fcr, esefle izleriz.<\/p>\n<p>Sab\u0131rla bekleriz\u2026<\/p>\n<p><strong><em>Bizim halk\u0131m\u0131z \u00e7ok temiz y\u00fcrekli, \u00e7ok soylu ruhlu, ilerlemeye \u00e7ok yetenekli bir halkt\u0131r. Bu halk e\u011fer bir kez kar\u015f\u0131s\u0131ndakilerin i\u00e7tenlikle kendilerine hizmet ettiklerine inan\u0131rsa her t\u00fcrl\u00fc hareketi hemen benimsemeye haz\u0131rd\u0131r.\u201d<\/em><\/strong><\/p>\n<p>Atat\u00fcrk, ileride \u00fclkeyi y\u00f6netecek olan gen\u00e7lere b\u00f6yle sesleniyor ve halka g\u00fcven vermelerini istiyordu\u2026 Onun g\u00fcvenini k\u00f6t\u00fcye kullananlar\u0131n ise bu \u00fclkede devlet y\u00f6netmeye hakk\u0131 yoktur.<\/p>\n<p>T\u00fcrk halk\u0131n\u0131n sabr\u0131 sonunda ta\u015ft\u0131! Buna izin vermeyece\u011fini \u00e7ok etkileyici bir bi\u00e7imde y\u00fczlerine \u00e7arpt\u0131\u2026<\/p>\n<p>Derinlerden \u00e7a\u011flayan ve sokaklardan caddelere, meydanlara ta\u015fan ulusal co\u015fku g\u00f6steriyor ki art\u0131k yetkileri de olmayacak\u2026<\/p>\n<p><em>03\/05\/2007<\/em><\/p>\n<p><em>Bizim Sakarya Gazetesi<\/em><\/p>\n","protected":false},"excerpt":{"rendered":"<p>Beyo\u011flu\u2019nda bir pasaj\u2026 Yan sokaktan merdivenlerle inilen bir giri\u015fi var. A\u015fa\u011f\u0131da, merdivenlerin hemen kar\u015f\u0131s\u0131nda bir masada iki ki\u015fi oturuyor. Bu beylerden biri benim indi\u011fimi g\u00f6r\u00fcnce, nezaketle aya\u011fa kalkarak, \u201cHan\u0131mefendi, Necmi Bey\u2019i mi aram\u0131\u015ft\u0131n\u0131z, \u015fimdi gelecek!\u201d diyor. Amac\u0131m oradaki herhangi bir d\u00fckk\u00e2ndan makas almak; te\u015fekk\u00fcr edip pasaja do\u011fru se\u011firtiyorum. \u0130lk d\u00fckk\u00e2n\u0131n \u00f6n\u00fcnde duruyorum; kap\u0131 kapal\u0131\u2026 Bak\u0131yorum [&hellip;]<\/p>\n","protected":false},"author":1,"featured_media":0,"comment_status":"open","ping_status":"open","sticky":false,"template":"","format":"standard","meta":{"footnotes":""},"categories":[467],"tags":[],"_links":{"self":[{"href":"https:\/\/www.tamayacikel.com\/index.php?rest_route=\/wp\/v2\/posts\/2987"}],"collection":[{"href":"https:\/\/www.tamayacikel.com\/index.php?rest_route=\/wp\/v2\/posts"}],"about":[{"href":"https:\/\/www.tamayacikel.com\/index.php?rest_route=\/wp\/v2\/types\/post"}],"author":[{"embeddable":true,"href":"https:\/\/www.tamayacikel.com\/index.php?rest_route=\/wp\/v2\/users\/1"}],"replies":[{"embeddable":true,"href":"https:\/\/www.tamayacikel.com\/index.php?rest_route=%2Fwp%2Fv2%2Fcomments&post=2987"}],"version-history":[{"count":0,"href":"https:\/\/www.tamayacikel.com\/index.php?rest_route=\/wp\/v2\/posts\/2987\/revisions"}],"wp:attachment":[{"href":"https:\/\/www.tamayacikel.com\/index.php?rest_route=%2Fwp%2Fv2%2Fmedia&parent=2987"}],"wp:term":[{"taxonomy":"category","embeddable":true,"href":"https:\/\/www.tamayacikel.com\/index.php?rest_route=%2Fwp%2Fv2%2Fcategories&post=2987"},{"taxonomy":"post_tag","embeddable":true,"href":"https:\/\/www.tamayacikel.com\/index.php?rest_route=%2Fwp%2Fv2%2Ftags&post=2987"}],"curies":[{"name":"wp","href":"https:\/\/api.w.org\/{rel}","templated":true}]}}