{"id":2991,"date":"2007-05-31T08:41:54","date_gmt":"2007-05-31T08:41:54","guid":{"rendered":"http:\/\/www.tamayacikel.com\/?p=160"},"modified":"2007-05-31T08:41:54","modified_gmt":"2007-05-31T08:41:54","slug":"yasatilan-miras-2","status":"publish","type":"post","link":"https:\/\/www.tamayacikel.com\/?p=2991","title":{"rendered":"Ya\u015fat\u0131lan Miras"},"content":{"rendered":"<p><strong> <\/strong><\/p>\n<p>\u201cOyalamak\u201d adl\u0131 yaz\u0131ma bir okurumdan yan\u0131t geldi. \u0130nce ince s\u0131zlayan yaras\u0131n\u0131 de\u015fmi\u015fim herhalde. Nihal Han\u0131m, herhangi bir ortamda bu kayg\u0131lar\u0131n\u0131 dile getirse, onun aylak kald\u0131\u011f\u0131n\u0131 ya da entelekt\u00fcellik taslad\u0131\u011f\u0131n\u0131 d\u00fc\u015f\u00fcn\u00fcrler. \u00d6yle ya! g\u00fcndemi olu\u015fturan onca \u201c\u00f6nemli\u201d konu dururken\u2026<\/p>\n<p><strong><em>\u201cMerhabalar\u2026 Yaz\u0131n\u0131z\u0131 okudum. \u00c7ok be\u011fendim. Ailemden dolay\u0131 do\u011fu k\u00fclt\u00fcr\u00fc ile b\u00fcy\u00fcd\u00fc\u011f\u00fcm i\u00e7in bu konulara ilgim var. Asl\u0131nda her millet ge\u00e7i\u015f d\u00f6nemlerinden \u00f6z\u00fcnden uzakla\u015f\u0131yor, ama bizim kadar \u00f6z k\u00fclt\u00fcr\u00fcn\u00fc horg\u00f6ren bir millet olur mu? Her yazman\u0131n rengi bir \u015fey ifade eder bizde. Sa\u00e7lar\u0131n kesimi evli ya da bek\u00e2r oldu\u011funu belirtir. Yazma kenarlar\u0131nda i\u015flemeler ve oyalar bir kad\u0131n\u0131n evli, asker yolu bekleyen, \u00e7ocuklu oldu\u011funu anlat\u0131r. Peki ya hal\u0131lar\u0131m\u0131z, kilimlerimiz? Her biri dokuyan\u0131n hayat\u0131n\u0131 anlat\u0131r. <\/em><\/strong><\/p>\n<p><strong><em>Yazmalar\u0131 \u00e7ok severim. \u0130ngiltere\u2019ye giderken de yan\u0131mda g\u00f6t\u00fcrm\u00fc\u015ft\u00fcm. Orada 23 farkl\u0131 \u00fclkeden k\u0131zla ayn\u0131 s\u0131n\u0131ftayd\u0131k; bay\u0131l\u0131rlard\u0131. Ben omuz atk\u0131s\u0131 olarak kullan\u0131rd\u0131m. Bir\u00e7ok ki\u015fiye buradan isteyip, hediye ettim. O can\u0131m \u00f6rg\u00fc yelekler s\u00fcveterler, \u00e7edikler d\u0131\u015far\u0131da insanlar\u0131n bay\u0131ld\u0131\u011f\u0131, ama bizim k\u00f6yl\u00fc i\u015fi dedi\u011fimiz \u015feyler. Ama k\u00f6yl\u00fc i\u015fi diye horg\u00f6r\u00fclen \u015feyler yerine Japon kimonosu bizde makbul de bindall\u0131 de\u011fil.<\/em><\/strong><\/p>\n<p><strong><em>Neden, Hollanda takunyas\u0131n\u0131 d\u00fcnya para vererek al\u0131r\u0131z, b\u00fcfemize koruz da bir koyun derisinden \u00e7ar\u0131\u011f\u0131 de\u011fil? D\u00fcnya para vererek \u0130talya\u2019dan sandalet kullan\u0131r\u0131z, \u00f6yle ya!<\/em><\/strong><\/p>\n<p><strong><em> Bizde b\u00f6yle! Fakat geleneksel el sanatlar\u0131n\u0131, \u00f6zellikle ebru sanat\u0131n\u0131 da yayg\u0131nla\u015ft\u0131rmak laz\u0131m\u2026 <\/em><\/strong><\/p>\n<p><strong><em> Her sanat\u0131n end\u00fcstriye d\u00f6n\u00fc\u015ft\u00fcr\u00fclmesi sa\u011flanmal\u0131. Bunun i\u00e7in de iyi y\u00f6neticiler laz\u0131m, ama durumumuz ortada. \u00a0Sayg\u0131lar\u2026 Nihal \u015eahin\u201d<\/em><\/strong><\/p>\n<p>Nihal Han\u0131m, i\u015fte \u00f6n\u00fcm\u00fczde bir Beypazar\u0131 \u00f6rne\u011fi var. Tarihi ve k\u00fclt\u00fcrel miras\u0131n ya\u015fat\u0131lmas\u0131na \u00f6rnek\u2026 Bilmem gittiniz mi? Eski evler onar\u0131larak turizme kazand\u0131r\u0131l\u0131yor. G\u00fcm\u00fc\u015f i\u015f\u00e7ili\u011fi canland\u0131r\u0131l\u0131yor\u2026 Halk kendi kendini denetliyor burada. \u00dcr\u00fcnlere fiyat ve sunum standard\u0131 getirmi\u015fler. Bir \u00fcr\u00fcn\u00fc her yerde ayn\u0131 fiyattan al\u0131yorsunuz. Y\u00f6resel yemeklerden olu\u015fan turistik bir men\u00fcleri var. Fiyatlar uygun, hizmet g\u00fczel\u2026 Bir de Ya\u015fayan K\u00fclt\u00fcr M\u00fczesi kuruyorlar. Beypazar\u0131 k\u00fclt\u00fcr\u00fcnde bulunan yakla\u015f\u0131k 100 aktivitenin uygulamal\u0131 olarak izlenebilece\u011fi bir m\u00fcze<strong><em>.\u00a0 \u201c\u0130l\u00e7eyi ziyaret edenler k\u00fclt\u00fcr m\u00fczesine geldi\u011fi zaman orada dolma dolduracak, yay\u0131k ayran\u0131 yapacak, kahve de\u011firmeninde kahve \u00e7ekecek ve evine g\u00f6t\u00fcrecek. Makarna kesmekten tutun da basma boyamaya kadar her \u015fey olacak.\u201d <\/em><\/strong>diyor, Beypazar\u0131 Belediye Ba\u015fkan\u0131 Mansur Yava\u015f. \u0130l\u00e7ede yap\u0131lanlara ve yap\u0131lmas\u0131 planlananlara g\u0131pta etmemek imk\u00e2ns\u0131z. <strong><em>\u201c\u0130nsanlar sadece kendisi i\u00e7in yapt\u0131\u011f\u0131n\u0131 ba\u015fkas\u0131 i\u00e7in yap\u0131yor ve bunu pazarl\u0131yor. Meslek kursu a\u00e7maya gerek yok, zaten en iyi bildi\u011fi i\u015fi yap\u0131yor.\u201d<\/em><\/strong><\/p>\n<p>Emek de\u011ferleniyor, halk zenginle\u015fiyor. Miras\u0131n\u0131 canl\u0131 tutan Beypazar\u0131, gelece\u011fi de ayd\u0131nl\u0131k g\u00f6r\u00fcyor do\u011fal olarak. \u00d6zledi\u011finiz gibi, burada\u00a0 \u201cher sanat end\u00fcstriye d\u00f6n\u00fc\u015fm\u00fc\u015f\u201d.<\/p>\n<p>Ba\u015fka y\u00f6relerimizde de de\u011ferbilmezlik yava\u015f yava\u015f a\u015f\u0131l\u0131yor. <strong>\u00c7EK\u00dcL<\/strong> gibi, <strong>Tarihi Kentler<\/strong> <strong>Birli\u011fi<\/strong> gibi kurulu\u015flar\u0131n \u00e7abalar\u0131yla g\u00fczel \u015feyler g\u00f6r\u00fcyoruz, g\u00f6rece\u011fiz. El sanatlar\u0131m\u0131z da yok olmayacak\u2026 Zaten, \u00f6yle \u00e7al\u0131\u015fkan, \u00f6yle \u00fcretken ki bizim kad\u0131nlar\u0131m\u0131z; \u00f6yle bereketli bir eli var ki el eme\u011fi g\u00f6z nurundan asla vazge\u00e7mez. De\u011feri bilinsin bilinmesin; o i\u015fleyecek, o dokuyacak, \u00f6recek\u2026 De\u011ferinin \u00e7ok alt\u0131na da olsa sat\u0131p para kazanacak\u2026 K\u0131\u015fl\u0131k tarhanas\u0131n\u0131, yufkas\u0131n\u0131 yazdan haz\u0131r edecek. Sebzesini kurutup pekmezini kaynatacak\u2026 O, ar\u0131lara \u00f6zg\u00fc ilahi bir programla hi\u00e7 durmadan \u00e7al\u0131\u015facak\u2026 Eline her i\u015f yak\u0131\u015facak!<\/p>\n<p>Erke\u011fi kad\u0131n\u0131; \u00f6yle \u00e7al\u0131\u015fkand\u0131r ki\u2026<\/p>\n<p>\u00dcr\u00fcn bu y\u0131l elinde mi kalacak\u2026 taban fiyat ka\u00e7 kuru\u015f olacak? Trakt\u00f6r borcu \u00f6denecek\u2026 o\u011flan evlendirilecek\u2026<\/p>\n<p>D\u00fc\u015f\u00fcnmez!\u00a0 \u00d6yle veya b\u00f6yle alt\u0131ndan kalkacakt\u0131r nas\u0131l olsa.<\/p>\n<p>Eme\u011fine ac\u0131maz\u2026<\/p>\n<p>Do\u011fa insan\u0131d\u0131r; kopmam\u0131\u015ft\u0131r do\u011fadan ve onun bereketinden.<\/p>\n<p>Halinden \u015fik\u00e2yet etse de haliyle uyumlu ya\u015far. Beypazar\u0131\u2019ndaki gibi bir d\u00f6n\u00fc\u015f\u00fcme de hemen kollar\u0131 s\u0131var ve \u015fa\u015f\u0131lacak bir h\u0131zla durumu kavrar, uyum sa\u011flar.<\/p>\n<p><em>31.05.2007<\/em><\/p>\n<p><em>Bizim Sakarya Gazetesi<br \/>\n<\/em><\/p>\n<p><em> <\/em><\/p>\n","protected":false},"excerpt":{"rendered":"<p>\u201cOyalamak\u201d adl\u0131 yaz\u0131ma bir okurumdan yan\u0131t geldi. \u0130nce ince s\u0131zlayan yaras\u0131n\u0131 de\u015fmi\u015fim herhalde. Nihal Han\u0131m, herhangi bir ortamda bu kayg\u0131lar\u0131n\u0131 dile getirse, onun aylak kald\u0131\u011f\u0131n\u0131 ya da entelekt\u00fcellik taslad\u0131\u011f\u0131n\u0131 d\u00fc\u015f\u00fcn\u00fcrler. \u00d6yle ya! g\u00fcndemi olu\u015fturan onca \u201c\u00f6nemli\u201d konu dururken\u2026 \u201cMerhabalar\u2026 Yaz\u0131n\u0131z\u0131 okudum. \u00c7ok be\u011fendim. Ailemden dolay\u0131 do\u011fu k\u00fclt\u00fcr\u00fc ile b\u00fcy\u00fcd\u00fc\u011f\u00fcm i\u00e7in bu konulara ilgim var. Asl\u0131nda [&hellip;]<\/p>\n","protected":false},"author":1,"featured_media":0,"comment_status":"open","ping_status":"open","sticky":false,"template":"","format":"standard","meta":{"footnotes":""},"categories":[467],"tags":[],"_links":{"self":[{"href":"https:\/\/www.tamayacikel.com\/index.php?rest_route=\/wp\/v2\/posts\/2991"}],"collection":[{"href":"https:\/\/www.tamayacikel.com\/index.php?rest_route=\/wp\/v2\/posts"}],"about":[{"href":"https:\/\/www.tamayacikel.com\/index.php?rest_route=\/wp\/v2\/types\/post"}],"author":[{"embeddable":true,"href":"https:\/\/www.tamayacikel.com\/index.php?rest_route=\/wp\/v2\/users\/1"}],"replies":[{"embeddable":true,"href":"https:\/\/www.tamayacikel.com\/index.php?rest_route=%2Fwp%2Fv2%2Fcomments&post=2991"}],"version-history":[{"count":0,"href":"https:\/\/www.tamayacikel.com\/index.php?rest_route=\/wp\/v2\/posts\/2991\/revisions"}],"wp:attachment":[{"href":"https:\/\/www.tamayacikel.com\/index.php?rest_route=%2Fwp%2Fv2%2Fmedia&parent=2991"}],"wp:term":[{"taxonomy":"category","embeddable":true,"href":"https:\/\/www.tamayacikel.com\/index.php?rest_route=%2Fwp%2Fv2%2Fcategories&post=2991"},{"taxonomy":"post_tag","embeddable":true,"href":"https:\/\/www.tamayacikel.com\/index.php?rest_route=%2Fwp%2Fv2%2Ftags&post=2991"}],"curies":[{"name":"wp","href":"https:\/\/api.w.org\/{rel}","templated":true}]}}