{"id":2992,"date":"2007-06-07T08:44:01","date_gmt":"2007-06-07T08:44:01","guid":{"rendered":"http:\/\/www.tamayacikel.com\/?p=162"},"modified":"2007-06-07T08:44:01","modified_gmt":"2007-06-07T08:44:01","slug":"ayda-mekan-2","status":"publish","type":"post","link":"https:\/\/www.tamayacikel.com\/?p=2992","title":{"rendered":"Ayda Mek\u00e2n"},"content":{"rendered":"<p><strong><br \/>\n<\/strong><\/p>\n<p>5 Haziran <strong>D\u00fcnya \u00c7evre G\u00fcn\u00fc<\/strong>. Tam da bununla ilgili bir yaz\u0131 yazmay\u0131 d\u00fc\u015f\u00fcn\u00fcyordum\u2026 1958 y\u0131l\u0131na ait bir <strong>\u201cHayat Mecmuas\u0131\u201d<\/strong>n\u0131n sayfalar\u0131n\u0131 kar\u0131\u015ft\u0131r\u0131rken \u201cD\u00fcnya\u2019n\u0131n Havas\u0131 Kirleniyor mu?\u201d ba\u015fl\u0131kl\u0131 bir yaz\u0131 \u00e7\u0131kt\u0131 kar\u015f\u0131ma: <strong><em>\u201cHavan\u0131n her ge\u00e7en y\u0131l insan teneff\u00fcs\u00fcne ve hayat\u0131na tehlikeli olacak \u015fekilde kirlendi\u011fi ve zehirlendi\u011fi bir hakikattir.\u201d <\/em><\/strong><\/p>\n<p>\u0130ki bu\u00e7uk milyar\u0131 a\u015fan d\u00fcnya n\u00fcfusu ve hi\u00e7 durmadan geni\u015fleyen b\u00fcy\u00fck sanayi b\u00f6lgeleri dolay\u0131s\u0131yla soludu\u011fumuz havan\u0131n kirlendi\u011fini s\u00f6yl\u00fcyor ve\u2026<\/p>\n<p><strong><em>\u201cAya ilk seyahatin \u00e7ok yakla\u015ft\u0131\u011f\u0131 bug\u00fcnlerde, ilim d\u00fcnyas\u0131n\u0131 aydaki atmosfer durumu ilgilendirmeye ba\u015flam\u0131\u015ft\u0131r. D\u00fcnyam\u0131zdaki atmosfer, gelecek i\u00e7in o kadar endi\u015fe verici bir mahiyet arzediyor ki, insanlar\u0131n m\u00fcstakbel mek\u00e2n\u0131 aydaki hava \u015fartlar\u0131n\u0131 merak etmemek imk\u00e2ns\u0131zd\u0131r\u201d <\/em><\/strong>diyor, ciddi ciddi\u2026<\/p>\n<p>O zamanlar \u00fclkemizin \u00e7evre kirlili\u011fi gibi bir sorunu yok. O, geli\u015fmi\u015f sanayi \u00fclkelerinin sorunu hen\u00fcz. Nitekim yaz\u0131da da T\u00fcrkiye\u2019nin hi\u00e7 ad\u0131 ge\u00e7miyor. ABD\u2019nin Pensilvanya eyaletinde sanayinin yo\u011fun oldu\u011fu<strong> Donora<\/strong> isimli kasabada 1948 y\u0131l\u0131nda hava kirlili\u011finden 17 ki\u015fi \u00f6lm\u00fc\u015f, kasaba halk\u0131n\u0131n yar\u0131s\u0131 da hastalanm\u0131\u015f. D\u00fcnya\u2019n\u0131n en kalabal\u0131k n\u00fcfuslu \u015fehri Londra\u2019n\u0131n \u00fcnl\u00fc sisine gelince, onun nedeni k\u0131\u015f aylar\u0131nda bacalardan t\u00fcten dumanlar imi\u015f. B\u00fcy\u00fck modaevleri, han\u0131mlar i\u00e7in \u015f\u0131k maskeler bile \u00fcretmi\u015fler, Londra\u2019n\u0131n sisine kar\u015f\u0131.<\/p>\n<p>Ula\u015f\u0131m ara\u00e7lar\u0131n\u0131n bollu\u011fu da havay\u0131 kirleten unsurlardan biri olarak say\u0131l\u0131yor, daha o zaman. Kaliforniya\u2019n\u0131n Los Angeles kentinde iki bu\u00e7uk milyon civar\u0131nda ta\u015f\u0131t varm\u0131\u015f. G\u00fcnde yakla\u015f\u0131k 20 milyon litre benzin yakarak \u015fehrin havas\u0131n\u0131 zehirleyen ta\u015f\u0131tlar\u2026 D\u00fcnya Sa\u011fl\u0131k \u00d6rg\u00fct\u00fc\u2019n\u00fcn yay\u0131mlad\u0131\u011f\u0131 bir kitapta yer alan, <strong><em>\u201cHer g\u00fcn, i\u00e7ti\u011fimiz sudan on defa a\u011f\u0131r hava teneff\u00fcs ediyoruz.\u201d<\/em><\/strong> s\u00f6z\u00fcyle soludu\u011fumuz hava hakk\u0131nda daha iyi bir fikir edinebilece\u011fimiz de belirtiliyor yaz\u0131da. \u201cAydaki yer \u00e7ekimi d\u00fcnyaya g\u00f6re \u00e7ok az\u2026 Hava tabakalar\u0131 hafif ve \u00e7abucak hareket ediyor, \u00e7\u00f6k\u00fcp kalm\u0131yor; \u00f6yleyse orada hava kirlili\u011fi olmaz.\u201d diye bir mant\u0131k y\u00fcr\u00fct\u00fclerek \u2018m\u00fcstakbel mek\u00e2n\u2019a umut ba\u011flan\u0131yor. Kirlili\u011fi yaratan nedenlerin dokunulmazl\u0131\u011f\u0131 var \u00e7\u00fcnk\u00fc:<\/p>\n<p><strong><em>\u201cB\u00fct\u00fcn bunlara ra\u011fmen yak\u0131n bir gelecekte aya seyahate haz\u0131rlanan modern d\u00fcnya insanlar\u0131 sanayile\u015fmek zorundad\u0131rlar. Temiz bir hava teneff\u00fcs edebilmek i\u00e7in teknik cereyanlardan y\u0131llarca geride kalmaktansa milyonlarca bacan\u0131n zehirledi\u011fi bir havada, sanayile\u015fme azmiyle ya\u015famak, her medeni insan toplulu\u011funun ba\u015fta gelen en b\u00fcy\u00fck gayesi olmal\u0131d\u0131r.\u201d<\/em><\/strong> \u2026 <strong><em>\u201cLos Angeles belediyesinin, \u015fehrin havas\u0131n\u0131 kirletiyor diye nakil vas\u0131talar\u0131n\u0131n \u015fehir i\u00e7indeki seferlerine engel olmas\u0131 ne kadar acayip olur de\u011fil mi?\u201d<\/em><\/strong><\/p>\n<p>\u00c7evre duyarl\u0131l\u0131\u011f\u0131 buraya kadar, diyor yani\u2026 Aradan ge\u00e7en 40\u201350 y\u0131lda D\u00fcnya\u2019m\u0131z\u0131n havas\u0131n\u0131, suyunu, topra\u011f\u0131n\u0131 adamakall\u0131 kirlettik; bal\u0131\u011f\u0131n\u0131, ku\u015funu zehirledik, biyolojik \u00e7e\u015fitlili\u011fi azaltt\u0131k. Ama en az\u0131ndan bundan sonras\u0131 i\u00e7in \u00f6nlemlerin artt\u0131r\u0131lmas\u0131 konusunda birle\u015ftik.<\/p>\n<p>Biz de bir canl\u0131 t\u00fcr\u00fc oldu\u011fumuza g\u00f6re do\u011fa insan\u0131n, insan da do\u011fan\u0131nd\u0131r. Bu prensibin d\u0131\u015f\u0131na \u00e7\u0131kma giri\u015fimlerini \u00f6nlemek i\u00e7in sevimli eylemler yapan <strong>Greenpeace<\/strong> \u00e7ok g\u00fczel bir \u00f6rnek.<\/p>\n<p>En \u00f6nemli i\u015fimiz \u201cya\u015famak\u201d olmas\u0131na kar\u015f\u0131n \u00f6yle de\u011filmi\u015f gibi davranarak ikiy\u00fczl\u00fcl\u00fck yap\u0131yoruz biz. Kendimizi pek bir \u00f6nemsiyoruz. Oysa \u201899 Depremi\u2019nde g\u00f6rd\u00fck i\u015fte; bir do\u011fal afetle kar\u015f\u0131la\u015ft\u0131\u011f\u0131m\u0131z zaman maskemizin nas\u0131l da d\u00fc\u015ft\u00fc\u011f\u00fcn\u00fc\u2026<\/p>\n<p>Hepimiz \u015funu iyi bilmeliyiz ki \u00e7evreyi koruma bilinciyle donanm\u0131\u015f sa\u011fl\u0131kl\u0131 bireyler yeti\u015ftirmek; kendi t\u00fcr\u00fcm\u00fcz\u00fcn ya\u015fam ko\u015fullar\u0131n\u0131n t\u00fcm D\u00fcnya \u00f6l\u00e7e\u011finde iyile\u015ftirilmesine katk\u0131da bulunmak, insan olarak boynumuzun borcu.<\/p>\n<p><em>07\/06\/2007<\/em><\/p>\n<p><em>Bizim Sakarya Gazetesi<br \/>\n<\/em><\/p>\n<p><em> <\/em><\/p>\n<p><em> <\/em><\/p>\n","protected":false},"excerpt":{"rendered":"<p>5 Haziran D\u00fcnya \u00c7evre G\u00fcn\u00fc. Tam da bununla ilgili bir yaz\u0131 yazmay\u0131 d\u00fc\u015f\u00fcn\u00fcyordum\u2026 1958 y\u0131l\u0131na ait bir \u201cHayat Mecmuas\u0131\u201dn\u0131n sayfalar\u0131n\u0131 kar\u0131\u015ft\u0131r\u0131rken \u201cD\u00fcnya\u2019n\u0131n Havas\u0131 Kirleniyor mu?\u201d ba\u015fl\u0131kl\u0131 bir yaz\u0131 \u00e7\u0131kt\u0131 kar\u015f\u0131ma: \u201cHavan\u0131n her ge\u00e7en y\u0131l insan teneff\u00fcs\u00fcne ve hayat\u0131na tehlikeli olacak \u015fekilde kirlendi\u011fi ve zehirlendi\u011fi bir hakikattir.\u201d \u0130ki bu\u00e7uk milyar\u0131 a\u015fan d\u00fcnya n\u00fcfusu ve hi\u00e7 durmadan [&hellip;]<\/p>\n","protected":false},"author":1,"featured_media":0,"comment_status":"open","ping_status":"open","sticky":false,"template":"","format":"standard","meta":{"footnotes":""},"categories":[467],"tags":[],"_links":{"self":[{"href":"https:\/\/www.tamayacikel.com\/index.php?rest_route=\/wp\/v2\/posts\/2992"}],"collection":[{"href":"https:\/\/www.tamayacikel.com\/index.php?rest_route=\/wp\/v2\/posts"}],"about":[{"href":"https:\/\/www.tamayacikel.com\/index.php?rest_route=\/wp\/v2\/types\/post"}],"author":[{"embeddable":true,"href":"https:\/\/www.tamayacikel.com\/index.php?rest_route=\/wp\/v2\/users\/1"}],"replies":[{"embeddable":true,"href":"https:\/\/www.tamayacikel.com\/index.php?rest_route=%2Fwp%2Fv2%2Fcomments&post=2992"}],"version-history":[{"count":0,"href":"https:\/\/www.tamayacikel.com\/index.php?rest_route=\/wp\/v2\/posts\/2992\/revisions"}],"wp:attachment":[{"href":"https:\/\/www.tamayacikel.com\/index.php?rest_route=%2Fwp%2Fv2%2Fmedia&parent=2992"}],"wp:term":[{"taxonomy":"category","embeddable":true,"href":"https:\/\/www.tamayacikel.com\/index.php?rest_route=%2Fwp%2Fv2%2Fcategories&post=2992"},{"taxonomy":"post_tag","embeddable":true,"href":"https:\/\/www.tamayacikel.com\/index.php?rest_route=%2Fwp%2Fv2%2Ftags&post=2992"}],"curies":[{"name":"wp","href":"https:\/\/api.w.org\/{rel}","templated":true}]}}