{"id":2993,"date":"2007-06-14T08:47:29","date_gmt":"2007-06-14T08:47:29","guid":{"rendered":"http:\/\/www.tamayacikel.com\/?p=164"},"modified":"2007-06-14T08:47:29","modified_gmt":"2007-06-14T08:47:29","slug":"umuda-cok-ihtiyacimiz-var-2","status":"publish","type":"post","link":"https:\/\/www.tamayacikel.com\/?p=2993","title":{"rendered":"Umuda \u00c7ok \u0130htiyac\u0131m\u0131z Var"},"content":{"rendered":"<p><strong><br \/>\n<\/strong><\/p>\n<p><strong> <\/strong><\/p>\n<p>SAG\u00dcSAD (Sakarya G\u00fczel Sanatlar Derne\u011fi)\u00a0 yeni yerine ta\u015f\u0131nal\u0131 beri bizlere de bir canl\u0131l\u0131k geldi. \u00d6nceden bir apartman\u0131n tepesinde s\u00fcrd\u00fcr\u00fcyorduk \u00e7al\u0131\u015fmalar\u0131m\u0131z\u0131. Buras\u0131 d\u00fczayak\u2026 Kap\u0131 a\u00e7\u0131k\u2026 Bir ad\u0131mda i\u00e7erdesiniz. Arkada\u015flar\u0131m\u0131z mesleki donan\u0131mlar\u0131 ve \u00e7al\u0131\u015fkan, \u00f6zverili ki\u015filikleriyle \u00e7ok k\u0131sa zamanda \u00f6yle kullan\u0131\u015fl\u0131 bir mek\u00e2n yaratt\u0131lar ki\u2026 Ve bu arada t\u00fcm \u00fcyeler \u00f6yle bir payla\u015f\u0131mc\u0131l\u0131k sergiledi ki\u2026 \u015eimdi derne\u011fimizi daha \u00e7ok benimsiyoruz; \u00fcretkenli\u011fimiz artt\u0131. Daha da artacak gibi g\u00f6r\u00fcn\u00fcyor.<\/p>\n<p>Yanl\u0131\u015f anlamay\u0131n, sahiplenmiyorum \u2018biz\u2019 diye s\u00f6z ederken\u2026 Asl\u0131nda ne tam i\u00e7inde ne de d\u0131\u015f\u0131nda olmak var ya, bence en g\u00fczeli.<\/p>\n<p>Bensiz de y\u00fcr\u00fcr diyebilmek\u2026<\/p>\n<p>\u0130\u00e7indeyken kendini mutlu hissetmek, d\u0131\u015far\u0131dan bakt\u0131\u011f\u0131nda k\u0131skanmamak\u2026<\/p>\n<p><strong> <\/strong><\/p>\n<p>Sag\u00fcsad her zaman, herkese a\u00e7\u0131kt\u0131. Hem \u2018her ya\u015fta\u2019s\u0131n\u0131z hem de \u2018hi\u00e7bir ya\u015fta\u2019 de\u011filsiniz burada. Her ya\u015ftan, her meslekten, herkesle ahbapl\u0131k edersiniz. Ortak konu sanatt\u0131r; daha \u00e7ok foto\u011fraf, resim ve tabii geziler\u2026<\/p>\n<p>Kap\u0131dan i\u00e7eri ilk kez ve biraz da \u00e7ekinerek ad\u0131m\u0131n\u0131 atanlar\u0131n hemen hemen hepsinin, zaman ge\u00e7irmeden g\u00fczel duygular\u0131n\u0131 dile getirdi\u011fini g\u00f6rd\u00fck biz. Burada arad\u0131\u011f\u0131n\u0131 bulamayanlar da vard\u0131r elbet. Onlar zaten ta ba\u015f\u0131nda e\u011freti hisseder ve uzakla\u015f\u0131rlar.<\/p>\n<p>Asl\u0131nda olmas\u0131 gereken neyse ona yak\u0131n bir ortamd\u0131r diyebiliriz. Siyasi partilerin de buna benzer bir ortam yaratmas\u0131 gerekti\u011fini d\u00fc\u015f\u00fcn\u00fcyorum. \u00dcretken ya\u015fta ve kafada, e\u011fitim g\u00f6rm\u00fc\u015f, sa\u011fl\u0131kl\u0131 insanlar bir araya gelip sadece kavga \u00fcretsin, olacak i\u015f mi? Sa\u011fl\u0131kl\u0131 bir topluluk i\u00e7in, \u2018akl\u0131n yolu birdir\u2019 diyen ve o yolda \u00f6rg\u00fctlenebilen insanlar gerek. Y\u00f6netim zorunluluktan do\u011far ve baz\u0131 \u00f6zverili insanlar y\u00f6neticili\u011fin zorluklar\u0131n\u0131 bilir ve bunlar\u0131 g\u00f6ze al\u0131rlar. \u00d6rg\u00fctlemeyi de bilen ki\u015filer olmak zorundad\u0131r y\u00f6neticiler. Hem de sosyalle\u015fmeyi s\u00fcnnet d\u00fc\u011f\u00fcnlerine, a\u00e7\u0131l\u0131\u015flara gitmek saymayan; i\u015finde g\u00fcc\u00fcnde, ama kolay ula\u015f\u0131labilir ki\u015filer\u2026<\/p>\n<p>Parti b\u00fcrolar\u0131 neden hep apartmanlar\u0131n \u00fcst katlar\u0131ndad\u0131r?\u00a0 \u00c7\u00fcnk\u00fc halk\u0131 al\u0131\u015ft\u0131rmak istemezler. Bir ad\u0131mda girilen d\u00fczayak yerler i\u015flerine gelmez. \u00d6rg\u00fctlerini kurar ve kapat\u0131rlar kap\u0131lar\u0131n\u0131 halka. Ta bir sonraki se\u00e7ime kadar. Sokaktaki insan\u0131n da akl\u0131na gelmez; oy verdi\u011fim partiye gideyim, derdimi anlatay\u0131m ya da \u00e7al\u0131\u015fmalar\u0131yla ilgili bilgi alay\u0131m, \u00f6nerilerimi sunay\u0131m\u2026 Fanatiklerin i\u015fidir partiye girip \u00e7\u0131kmak. Demokratik kat\u0131l\u0131mc\u0131l\u0131k d\u00fcrt\u00fcs\u00fcyle gidenleri d\u00fc\u015f k\u0131r\u0131kl\u0131\u011f\u0131na u\u011fratan bir \u00f6rg\u00fctlenmedir partiler. Bireylerin ayn\u0131 siyasi g\u00f6r\u00fc\u015fleri payla\u015ft\u0131\u011f\u0131 insanlarla \u00fclkenin gelece\u011fini ilgilendiren konularda do\u011fall\u0131kla tart\u0131\u015fabilece\u011fi bir yer de\u011fildir. Hep ayn\u0131 y\u00fczleri g\u00f6rece\u011fini bilmek iter insan\u0131; d\u00f6n\u00fcp d\u00f6n\u00fcp ezberindekileri s\u00f6yleyen donuk y\u00fczlerle kar\u015f\u0131la\u015faca\u011f\u0131n\u0131 bilmek.<\/p>\n<p>Arada s\u0131rada u\u011frayabilecek olanlara kucak a\u00e7\u0131lmaz; kar\u0131nca karar\u0131nca yapacaklar\u0131 katk\u0131 k\u00fc\u00e7\u00fcmsenir. De\u011fil mi ki kendileri bu yola ba\u015f koymu\u015flard\u0131r ve canlar\u0131 \u00e7\u0131kmaktad\u0131r \u00e7al\u0131\u015fmaktan\u2026<\/p>\n<p>K\u0131z ya da erkek, gen\u00e7lerin dinamizmine, bilin\u00e7li insanlar\u0131n geni\u015f kat\u0131l\u0131m\u0131na ne kadar ihtiya\u00e7 vard\u0131r oysa\u2026<\/p>\n<p>Belli bir ama\u00e7 u\u011frunda, birlik beraberlik ruhuyla eylemlerini s\u00fcrd\u00fcrenler, zorluklar\u0131 a\u015farak daha y\u00fcce bir nimeti payla\u015f\u0131rlar. Dinamizm i\u00e7inde ilerlemeyi tadarlar. Biz bunu kendi k\u00fc\u00e7\u00fck d\u00fcnyam\u0131zda, Sag\u00fcsad\u2019da g\u00f6rd\u00fck, g\u00f6rece\u011fiz.<\/p>\n<p>Genel se\u00e7imler arifesindeyiz\u2026 Ortam \u00e7ok kar\u0131\u015f\u0131k. Y\u00fcreklerimiz yaral\u0131\u2026 Hangi siyasi g\u00f6r\u00fc\u015fte olursa olsun partilerin kap\u0131lar\u0131n\u0131 T\u00fcrk halk\u0131na a\u00e7malar\u0131n\u0131; \u00e7ok seslilikten korkmamalar\u0131n\u0131, yap\u0131land\u0131racaklar\u0131 basit bir \u00fcyelik sistemiyle k\u00fc\u00e7\u00fck katk\u0131lar\u0131 \u00f6zendirmelerini diliyorum. \u00c7\u00fcnk\u00fc:<\/p>\n<p>T\u00fcrk halk\u0131 aras\u0131nda suni olarak yarat\u0131lm\u0131\u015f kopuklu\u011fun mutlaka giderilmesi gerekiyor ve bu konuda umuda \u00e7ok ihtiyac\u0131m\u0131z var\u2026<\/p>\n<p><em>14\/06\/2007<\/em><\/p>\n<p><em>Bizim Sakarya Gazetesi<\/em><\/p>\n","protected":false},"excerpt":{"rendered":"<p>SAG\u00dcSAD (Sakarya G\u00fczel Sanatlar Derne\u011fi)\u00a0 yeni yerine ta\u015f\u0131nal\u0131 beri bizlere de bir canl\u0131l\u0131k geldi. \u00d6nceden bir apartman\u0131n tepesinde s\u00fcrd\u00fcr\u00fcyorduk \u00e7al\u0131\u015fmalar\u0131m\u0131z\u0131. Buras\u0131 d\u00fczayak\u2026 Kap\u0131 a\u00e7\u0131k\u2026 Bir ad\u0131mda i\u00e7erdesiniz. Arkada\u015flar\u0131m\u0131z mesleki donan\u0131mlar\u0131 ve \u00e7al\u0131\u015fkan, \u00f6zverili ki\u015filikleriyle \u00e7ok k\u0131sa zamanda \u00f6yle kullan\u0131\u015fl\u0131 bir mek\u00e2n yaratt\u0131lar ki\u2026 Ve bu arada t\u00fcm \u00fcyeler \u00f6yle bir payla\u015f\u0131mc\u0131l\u0131k sergiledi ki\u2026 \u015eimdi derne\u011fimizi [&hellip;]<\/p>\n","protected":false},"author":1,"featured_media":0,"comment_status":"open","ping_status":"open","sticky":false,"template":"","format":"standard","meta":{"footnotes":""},"categories":[467],"tags":[],"_links":{"self":[{"href":"https:\/\/www.tamayacikel.com\/index.php?rest_route=\/wp\/v2\/posts\/2993"}],"collection":[{"href":"https:\/\/www.tamayacikel.com\/index.php?rest_route=\/wp\/v2\/posts"}],"about":[{"href":"https:\/\/www.tamayacikel.com\/index.php?rest_route=\/wp\/v2\/types\/post"}],"author":[{"embeddable":true,"href":"https:\/\/www.tamayacikel.com\/index.php?rest_route=\/wp\/v2\/users\/1"}],"replies":[{"embeddable":true,"href":"https:\/\/www.tamayacikel.com\/index.php?rest_route=%2Fwp%2Fv2%2Fcomments&post=2993"}],"version-history":[{"count":0,"href":"https:\/\/www.tamayacikel.com\/index.php?rest_route=\/wp\/v2\/posts\/2993\/revisions"}],"wp:attachment":[{"href":"https:\/\/www.tamayacikel.com\/index.php?rest_route=%2Fwp%2Fv2%2Fmedia&parent=2993"}],"wp:term":[{"taxonomy":"category","embeddable":true,"href":"https:\/\/www.tamayacikel.com\/index.php?rest_route=%2Fwp%2Fv2%2Fcategories&post=2993"},{"taxonomy":"post_tag","embeddable":true,"href":"https:\/\/www.tamayacikel.com\/index.php?rest_route=%2Fwp%2Fv2%2Ftags&post=2993"}],"curies":[{"name":"wp","href":"https:\/\/api.w.org\/{rel}","templated":true}]}}