{"id":2994,"date":"2007-06-21T08:52:40","date_gmt":"2007-06-21T08:52:40","guid":{"rendered":"http:\/\/www.tamayacikel.com\/?p=166"},"modified":"2007-06-21T08:52:40","modified_gmt":"2007-06-21T08:52:40","slug":"nereye-kadar-2","status":"publish","type":"post","link":"https:\/\/www.tamayacikel.com\/?p=2994","title":{"rendered":"Nereye Kadar?"},"content":{"rendered":"<p><strong> <\/strong><\/p>\n<p>Her ne kadar Adapazar\u0131\u2019nda da \u201cyand\u0131m Allah!\u201ddedirtecek durumlar noksan de\u011filse de k\u00fc\u00e7\u00fck \u015fehirde ya\u015faman\u0131n bir rahatl\u0131\u011f\u0131, bir ayr\u0131cal\u0131\u011f\u0131 vard\u0131r. \u0130stanbul trafi\u011finde \u00e7aresiz kald\u0131\u011f\u0131n\u0131zda bunlar\u0131 d\u00fc\u015f\u00fcn\u00fcr, \u201ck\u00f6y\u00fcn\u00fcz\u00fc\u201d \u00f6zlersiniz.<\/p>\n<p>Diyelim ki b\u00fct\u00fcn \u00fclke rant\u0131n\u0131n \u00f6nemli bir b\u00f6l\u00fcm\u00fcn\u00fcn topland\u0131\u011f\u0131 Etiler\u2019dir, k\u00f6pr\u00fcden ge\u00e7tikten sonra sizi ilk kar\u015f\u0131layan. Ve ortas\u0131ndan ge\u00e7en yol \u00e7ift y\u00f6nl\u00fc, ta\u015f\u0131d\u0131\u011f\u0131 trafik y\u00fck\u00fcne g\u00f6re darac\u0131k bir yoldur. \u0130ki yan\u0131nda otomobil galerileri vard\u0131r ki \u201cl\u00fcks\u201d s\u00f6zc\u00fc\u011f\u00fc tan\u0131mlamakta yetersiz kal\u0131r o \u00e7a\u011f \u00f6tesi, tasar\u0131m harikas\u0131 otomobilleri\u2026 Yabanc\u0131 marka d\u00fckk\u00e2nlar, restoranlar vard\u0131r\u2026 \u00c7evrede bu uyumu bozan rahats\u0131z edici baz\u0131 ayr\u0131nt\u0131lar g\u00f6z\u00fcn\u00fcze \u00e7arpsa da art\u0131k herkes\u00e7e kan\u0131ksanm\u0131\u015ft\u0131r onlar.<\/p>\n<p>\u00d6rne\u011fin, \u201cak\u0131beti me\u00e7hul\u201d s\u00fcr\u00fcc\u00fcs\u00fcn\u00fcn ortada g\u00f6r\u00fcnmedi\u011fi, muhtemelen bir taksiyle kafa kafaya gelip orac\u0131kta devrilmi\u015f yatan bir motosikletin ac\u0131kl\u0131 g\u00f6r\u00fcnt\u00fcs\u00fcyle kar\u015f\u0131la\u015f\u0131rs\u0131n\u0131z\u2026 Piyango ona vurmu\u015ftur bu sefer\u2026<\/p>\n<p>Yeni gelmi\u015f ve hen\u00fcz bir oh! bile diyememi\u015fsinizdir. Ayn\u0131 senaryonun yinelenece\u011fi durumlar birka\u00e7 kez daha k\u0131l pay\u0131 atlat\u0131lacakt\u0131r ve bo\u015f g\u00f6zlerle bakacakt\u0131r al\u0131\u015fk\u0131n y\u00fczler.<\/p>\n<p>Yol t\u0131kal\u0131yken ve ad\u0131m ad\u0131m ilerlerken ad\u0131m ba\u015f\u0131 kat\u0131 at\u0131k toplay\u0131c\u0131lar\u0131 ya da k\u0131saca \u201ck\u00e2\u011f\u0131t\u00e7\u0131lar\u201d g\u00f6rmeniz rastlant\u0131 de\u011fil; \u00e7\u00fcnk\u00fc \u0130stanbul Etiler\u2019de \u00e7\u00f6plerdeki ambalaj at\u0131\u011f\u0131 oran\u0131 y\u00fczde 40, Dudullu\u2019da ise y\u00fczde 5\u2019tir.<\/p>\n<p><em> \u201c \u2026sabah erkenden \u00e7\u00f6pe \u00e7\u0131kt\u0131k. Bir bah\u00e7e duvar\u0131n\u0131n demirine as\u0131lm\u0131\u015f bir torbada bir \u00e7ift krampon g\u00f6rd\u00fcm. Ben onu r\u00fcyamda da g\u00f6rm\u00fc\u015ft\u00fcm. Ald\u0131m\u2026\u201d\/<\/em> <em>K\u00e2\u011f\u0131t\u00e7\u0131 Murat <\/em><\/p>\n<p><em> <\/em><\/p>\n<p>Kentsel d\u00f6n\u00fc\u015f\u00fcm projeleriyle ortaya \u00e7\u0131kan belediyeler, \u00e7\u00f6p ayr\u0131\u015ft\u0131rma i\u015fini b\u00fcy\u00fck \u015firketlere ihale edecek; toplay\u0131c\u0131lar\u0131 da depolardan daha d\u00fc\u015f\u00fck fiyatlar veren bu \u015firketlerle \u00e7al\u0131\u015fmaya zorlay\u0131p yine onlar\u0131 zararl\u0131 \u00e7\u0131kartacak, hatta el arabalar\u0131na el koyacaklard\u0131r.<em> <\/em><\/p>\n<p><em>\u201cBir da\u011f yamac\u0131na tutunmu\u015f bir a\u011fa\u00e7 gibi sanki d\u00fc\u015ft\u00fc d\u00fc\u015fecek, bir eli arabas\u0131nda, bir eli ya\u015fam\u0131n EN SON NOKTASINDA tutunmaya \u00e7al\u0131\u015fan k\u00e2\u011f\u0131t\u00e7\u0131lar\u2026\u201d<strong>*<\/strong><\/em><\/p>\n<p>Gidece\u011finiz yere varmadan g\u00f6recekleriniz bunlardan ibaret de\u011fildir tabii\u2026<\/p>\n<p>Bir alt ge\u00e7ide k\u0131vr\u0131lm\u0131\u015fken t\u0131kan\u0131r yol, bu sefer. Bir randevunuz varsa hele, umutsuz bir bekleyi\u015f ba\u015flar. Su satanlar, mendil satanlar belirir. Sanki \u0131\u015f\u0131nlanm\u0131\u015f gibidirler. Ger\u00e7ek\u00fcst\u00fc g\u00f6r\u00fcn\u00fcr, peri\u015fan bir bebek arabas\u0131n\u0131n i\u00e7inde yan yana uyuyan iki bebek. \u00c7ocuk ya\u015ftaki anne, bir eliyle arabay\u0131 tutmakta ve dikilmektedir neredeyse yolun orta yerinde. \u00d6teki elinde bir paket k\u00e2\u011f\u0131t mendil vard\u0131r. G\u00f6zleri ta uzaklara dalm\u0131\u015ft\u0131r; siz klimal\u0131 arabada randevunuza ge\u00e7 kald\u0131\u011f\u0131n\u0131za \u00f6fkelenirken, \u00f6fke bile yoktur g\u00f6zlerinde. A\u00e7maz bile a\u011fz\u0131n\u0131\u2026 \u00f6ylece\u2026 dalar\u2026 hi\u00e7 g\u00f6rmedi\u011fi uzaklara\u2026<\/p>\n<p>Darbo\u011fazdan \u00e7\u0131k\u0131\u015f uzun s\u00fcrer. Kocaman adamlar tam beklemeye al\u0131\u015fm\u0131\u015f, yat\u0131\u015fm\u0131\u015ft\u0131r ki yolda bir k\u0131p\u0131rdan\u0131\u015f ba\u015flar; ye\u015fil \u0131\u015f\u0131k yanar ve hepsi birden \u201cenayi miyim?\u201d moduna ge\u00e7ip ileriye at\u0131l\u0131r, sanki bir d\u00fc\u011fmeye bas\u0131lm\u0131\u015f gibi\u2026 Kafalar fena halde kar\u0131\u015ft\u0131\u011f\u0131 i\u00e7in, kar\u0131\u015f\u0131k kafalar\u0131n y\u00f6netimindeki zavall\u0131 arabalar kendini oradan oraya savurup durur\u2026 Kurals\u0131zl\u0131\u011fa s\u00f6venlerin kurallar\u0131 \u00e7i\u011fnemesi, insanl\u0131ktan s\u00f6z edenlerin insanl\u0131ktan \u00e7\u0131kmas\u0131 normaldir art\u0131k.<\/p>\n<p>B\u00fct\u00fcn bunlar\u0131n yan\u0131nda, b\u00fcy\u00fck bir kentte ya\u015faman\u0131n vazge\u00e7ilmez ayr\u0131cal\u0131klar\u0131, ho\u015fluklar\u0131 vard\u0131r. Kald\u0131 ki \u0130stanbul ba\u015fkad\u0131r; kendini ba\u011f\u0131\u015flatmas\u0131n\u0131 bilir, ancak bu \u00e7eli\u015fkileri nereye kadar sindirir, ba\u011f\u0131\u015flar? O bilinmez\u2026<\/p>\n<p><strong>*<\/strong><em>Kat\u0131 at\u0131k i\u015f\u00e7ileri taraf\u0131ndan haz\u0131rlanm\u0131\u015f bir dergi, \u201cKat\u0131k\u201dtan.<\/em><\/p>\n<p><em>21\/06\/07<\/em><\/p>\n<p><em>Bizim Sakarya Gazetesi<\/em><\/p>\n<p><em> <\/em><\/p>\n","protected":false},"excerpt":{"rendered":"<p>Her ne kadar Adapazar\u0131\u2019nda da \u201cyand\u0131m Allah!\u201ddedirtecek durumlar noksan de\u011filse de k\u00fc\u00e7\u00fck \u015fehirde ya\u015faman\u0131n bir rahatl\u0131\u011f\u0131, bir ayr\u0131cal\u0131\u011f\u0131 vard\u0131r. \u0130stanbul trafi\u011finde \u00e7aresiz kald\u0131\u011f\u0131n\u0131zda bunlar\u0131 d\u00fc\u015f\u00fcn\u00fcr, \u201ck\u00f6y\u00fcn\u00fcz\u00fc\u201d \u00f6zlersiniz. Diyelim ki b\u00fct\u00fcn \u00fclke rant\u0131n\u0131n \u00f6nemli bir b\u00f6l\u00fcm\u00fcn\u00fcn topland\u0131\u011f\u0131 Etiler\u2019dir, k\u00f6pr\u00fcden ge\u00e7tikten sonra sizi ilk kar\u015f\u0131layan. Ve ortas\u0131ndan ge\u00e7en yol \u00e7ift y\u00f6nl\u00fc, ta\u015f\u0131d\u0131\u011f\u0131 trafik y\u00fck\u00fcne g\u00f6re darac\u0131k bir [&hellip;]<\/p>\n","protected":false},"author":1,"featured_media":0,"comment_status":"open","ping_status":"open","sticky":false,"template":"","format":"standard","meta":{"footnotes":""},"categories":[467],"tags":[],"_links":{"self":[{"href":"https:\/\/www.tamayacikel.com\/index.php?rest_route=\/wp\/v2\/posts\/2994"}],"collection":[{"href":"https:\/\/www.tamayacikel.com\/index.php?rest_route=\/wp\/v2\/posts"}],"about":[{"href":"https:\/\/www.tamayacikel.com\/index.php?rest_route=\/wp\/v2\/types\/post"}],"author":[{"embeddable":true,"href":"https:\/\/www.tamayacikel.com\/index.php?rest_route=\/wp\/v2\/users\/1"}],"replies":[{"embeddable":true,"href":"https:\/\/www.tamayacikel.com\/index.php?rest_route=%2Fwp%2Fv2%2Fcomments&post=2994"}],"version-history":[{"count":0,"href":"https:\/\/www.tamayacikel.com\/index.php?rest_route=\/wp\/v2\/posts\/2994\/revisions"}],"wp:attachment":[{"href":"https:\/\/www.tamayacikel.com\/index.php?rest_route=%2Fwp%2Fv2%2Fmedia&parent=2994"}],"wp:term":[{"taxonomy":"category","embeddable":true,"href":"https:\/\/www.tamayacikel.com\/index.php?rest_route=%2Fwp%2Fv2%2Fcategories&post=2994"},{"taxonomy":"post_tag","embeddable":true,"href":"https:\/\/www.tamayacikel.com\/index.php?rest_route=%2Fwp%2Fv2%2Ftags&post=2994"}],"curies":[{"name":"wp","href":"https:\/\/api.w.org\/{rel}","templated":true}]}}