{"id":2997,"date":"2007-07-12T09:04:39","date_gmt":"2007-07-12T09:04:39","guid":{"rendered":"http:\/\/www.tamayacikel.com\/?p=174"},"modified":"2007-07-12T09:04:39","modified_gmt":"2007-07-12T09:04:39","slug":"kim-bunlar-2","status":"publish","type":"post","link":"https:\/\/www.tamayacikel.com\/?p=2997","title":{"rendered":"K\u0130M BUNLAR?"},"content":{"rendered":"<p><em> <\/em><\/p>\n<p><em> <\/em><\/p>\n<p><strong><br \/>\n<\/strong><\/p>\n<p><em> <\/em><\/p>\n<p><em>\u201c\u2026 D\u00fcnyan\u0131n bir hayalden ibaret oldu\u011funu s\u00f6yleyen yazar, \u0130stanbul g\u00fcne\u015finde parlayan tak\u0131m\u0131yla tekneye biniyor. \u00dczerinde tepeden t\u0131rna\u011fa beyaz saf ipekten bir tak\u0131m&#8230; Kemer tokas\u0131, man\u015fet d\u00fc\u011fmeleri ve kravat i\u011fnesi alt\u0131n&#8230; Kar beyaz\u0131 kravat\u0131n\u0131n alt\u0131nda yine kar beyaz\u0131 bir g\u00f6mlek var&#8230; Etraf\u0131ndaki gen\u00e7 kalabal\u0131\u011f\u0131n neredeyse tamam\u0131 \u00e7izgili tak\u0131m elbiseler ve deri ayakkab\u0131lar giymi\u015fler&#8230;\u201d<\/em><\/p>\n<p><em> <\/em><\/p>\n<p><em>\u201c\u2026 Sadece \u00fc\u00e7 saatimiz var.<br \/>\nBuradaki bas\u0131n\u0131n ifadesiyle, Adnan Hoca&#8217;yla teknedeyiz. As\u0131l ad\u0131 Adnan Oktar olan yazar, Harun Yahya olarak da tan\u0131n\u0131yor. Adnan Oktar &#8211; ya da Harun Yahya &#8211; T\u00fcrkiye&#8217;de en \u00e7ok kitab\u0131 bas\u0131lan yazarlardan biri.\u201d<\/em><strong> <\/strong><strong>Kai Strittmatter\/<\/strong><em> <\/em><strong>S\u00fcddeutsche Zeitung Gazetesi<\/strong><em> <\/em><\/p>\n<p><strong>***<\/strong><\/p>\n<p><strong>Adapazar\u0131 AKM\u2019de ge\u00e7en hafta a\u00e7\u0131lan, \u201cYa\u015fayan Fosiller\u201d sergisini gezdim bug\u00fcn. \u00c7ok say\u0131da insan\u0131n gelip ge\u00e7ti\u011fi B\u00fcy\u00fckada vapur iskelesinde, Taksim metrosunda da a\u00e7\u0131lm\u0131\u015f\u2026 Bu ka\u00e7\u0131nc\u0131s\u0131 acaba? <\/strong><\/p>\n<p><strong>22 \u015eubat\u2019ta \u201cYavuz H\u0131rs\u0131z\u201d ba\u015fl\u0131kl\u0131 yaz\u0131mda, bu sergiyi \u0130stanbul Levent\u2019teki bir plazada sergilenmeye ba\u015flad\u0131\u011f\u0131 g\u00fcn\u00fcn ak\u015fam\u0131 kald\u0131rtmay\u0131 ba\u015faran genci \u00f6vm\u00fc\u015ft\u00fcm. E\u011fitimi bilimsellikten uzakla\u015ft\u0131rmay\u0131 hedefleyen bir sergiydi \u00e7\u00fcnk\u00fc.Yaz\u0131y\u0131 haz\u0131rlarken <a href=\"http:\/\/www.harunyahya.org\/\">www.harunyahya.org<\/a> web sitesinden, sergide ne var ne yok incelemi\u015ftim. Sonunda g\u00f6zlerimle de g\u00f6rm\u00fc\u015f oldum; dikkat etmezseniz, ilgin\u00e7 ve yararl\u0131 bir sergi diye d\u00fc\u015f\u00fcnebilirsiniz. Tabii insan\u0131n akl\u0131na hemen, fosillere bu merak da nereden \u00e7\u0131kt\u0131 demek geliyor. Sergiden bir \u00f6rnek: \u201c<\/strong>BU DEN\u0130ZATI FOS\u0130L\u0130 26 M\u0130LYON YA\u015eINDADIR VE G\u00dcN\u00dcM\u00dcZDE YA\u015eAYAN DEN\u0130ZATLARININ AYNISIDIR.\u201d Bug\u00fcnk\u00fc denizat\u0131n\u0131 g\u00f6steren bir foto\u011fraf konmu\u015f, kar\u015f\u0131la\u015ft\u0131rabilesiniz diye. Her bir fosilin y<strong>an\u0131na yerle\u015ftirilmi\u015f kartlarda, fosilin ya\u015f\u0131yla ve \u00f6zellikleriyle ilgili bilgiler var. Ayr\u0131ca her seferinde, bu canl\u0131 \u015fu kadar milyon y\u0131ld\u0131r hi\u00e7 de\u011fi\u015fmemi\u015f, tastamam \u201cayn\u0131\u201d kalm\u0131\u015ft\u0131r, diye \u0131srarl\u0131 bir a\u00e7\u0131klamayla vurgulanarak serginin \u00f6rt\u00fcl\u00fc amac\u0131n\u0131n \u0131skalanmamas\u0131 sa\u011flanm\u0131\u015f.<\/strong><\/p>\n<p><strong>Ke\u015fke ger\u00e7ek bilim a\u015fk\u0131 da b\u00f6yle kararl\u0131 bir bilgilendirme kampanyas\u0131na \u00f6nc\u00fcl\u00fck edebilseydi \u00fclkemizde. \u00d6yle olsayd\u0131 bu gibi k\u00f6t\u00fc niyetli ki\u015filerin sahte iddialarla ortaya \u00e7\u0131k\u0131p bilim havarisi gibi ortal\u0131kta dola\u015fmas\u0131na izin verilir miydi? Adam, okullarda \u00f6\u011fretilen Darwin\u2019in Evrim teorisine sava\u015f a\u00e7m\u0131\u015f resmen; a\u00e7\u0131k a\u00e7\u0131k s\u00f6yl\u00fcyor: <\/strong>&#8220;\u2026 E\u011fer evrim olsayd\u0131, Kuran&#8217;da mutlaka yer al\u0131rd\u0131.&#8221; diyor, ard\u0131ndan da &#8220;Darwinizm&#8217;i tamamen \u00e7\u00fcr\u00fctt\u00fcm.&#8221; diye ekliyor.<\/p>\n<p><strong> <\/strong><\/p>\n<p><strong>De\u011ferli ayd\u0131nlanmac\u0131, felsefeci Profes\u00f6r H\u00fcseyin Batuhan, \u201cBilim ve \u015earlatanl\u0131k\u201d adl\u0131 kitab\u0131nda bilim adam\u0131n\u0131 \u015f\u00f6yle tarif ediyor: <em>\u201cBilim yapmak istiyorsan\u0131z, b\u00fct\u00fcn duygusal k\u00f6kenli \u00f6nyarg\u0131lar\u0131n\u0131z\u0131 bir yana b\u0131rakacaks\u0131n\u0131z. Zaman\u0131n\u0131n \u00f6teki d\u00fc\u015f\u00fcnen insanlar\u0131 gibi dini inan\u00e7larla b\u00fcy\u00fcm\u00fc\u015f, dini bir \u00e7evrede yeti\u015fmi\u015f olan Darwin\u2019in insan\u0131n maymundan t\u00fcredi\u011fi fikrini kolayl\u0131kla kabul etti\u011fini san\u0131yorsan\u0131z \u00e7ok yan\u0131l\u0131yorsunuz, zira hi\u00e7bir insan kendisinin ve i\u00e7inde ya\u015fad\u0131\u011f\u0131 toplumun k\u00f6kle\u015fmi\u015f inan\u00e7lar\u0131ndan kolay kolay kopamaz. Bir insan\u0131n bunu ba\u015farabilmesi i\u00e7in \u2018do\u011fru\u2019yu kendinden \u00e7ok sevebilmesi, ger\u00e7eklere korkusuzca bakabilmesi, dahas\u0131, \u00e7a\u011fda\u015flar\u0131ndan g\u00f6rece\u011fi korkun\u00e7 tepkiye meydan okuyabilecek kadar \u2018d\u00fcr\u00fcst\u2019 ve cesur bir insan olmas\u0131 gerekir. Ger\u00e7ek bilim adam\u0131n\u0131 s\u0131radan insandan ay\u0131rdeden bu niteliklerden birinin bile eksik olmas\u0131 insan\u0131 yanl\u0131\u015f yola s\u00fcr\u00fckleyebilir. <\/em><\/strong><em> <\/em><\/p>\n<p><em>Nitekim Evrim d\u00fc\u015fmanlar\u0131ndan bir\u00e7o\u011funda bu niteliklerden birinin veya birka\u00e7\u0131n\u0131n birden eksik oldu\u011funu g\u00f6r\u00fcyoruz. Ne kadar kusursuz olursa olsun, her teori ele\u015ftirilebilir ve reddedilebilir, ancak bunun sadece ve sadece objektif gerek\u00e7elere dayand\u0131r\u0131lmas\u0131 \u015fart. Salt duygusal nedenlerle bir teoriye sald\u0131rmak ancak \u015farlatanlara \u00f6zg\u00fc bir davran\u0131\u015ft\u0131r.\u201d<\/em><\/p>\n<p><strong> <\/strong><\/p>\n<p><strong>Harun Yahya takma ad\u0131n\u0131 kullanan Adnan Oktar hakk\u0131nda \u00e7ok say\u0131da dava a\u00e7\u0131ld\u0131\u011f\u0131n\u0131, ancak \u201cakli melekelerinin yerinde olmad\u0131\u011f\u0131\u201d gerek\u00e7esiyle h\u00fck\u00fcm giymedi\u011fini biliyoruz. (Cezai ehliyeti haiz de\u011fildir raporu alanlar cezaland\u0131r\u0131lam\u0131yor yasaya g\u00f6re.) Bu ki\u015fiyle ilgili davalara bas\u0131nda epeyce yer verilmi\u015fti. <\/strong><\/p>\n<p><strong>E\u011fitim-Sen Antalya \u015eube Ba\u015fkan\u0131 Kadir Zeybek ge\u00e7en ay bir bas\u0131n toplant\u0131s\u0131 d\u00fczenleyerek bu adam\u0131n \u201cYarat\u0131l\u0131\u015f Atlas\u0131\u201d ad\u0131ndaki kitab\u0131n\u0131n T\u00fcrkiye\u2019deki Milli E\u011fitim Bakanl\u0131\u011f\u0131\u2019na ba\u011fl\u0131 liselerde g\u00f6rev yapan binlerce felsefe ve biyoloji \u00f6\u011fretmenine \u00fccretsiz olarak g\u00f6nderildi\u011fini; bunun engellenmesini istiyor.<\/strong> Zeybek, E\u011fitim-Sen&#8217;e \u00f6\u011fretmenlerce ula\u015ft\u0131r\u0131lan atlas\u0131, posta yoluyla Milli E\u011fitim Bakan\u0131 H\u00fcseyin \u00c7elik\u2019e ve bilgi edinmesi amac\u0131yla Antalya Valisi Alaaddin Y\u00fcksel&#8217;e g\u00f6nderiyor. Bunun \u00fczerine, Milli E\u011fitim M\u00fcd\u00fcr\u00fc Osman Nuri G\u00fclay, okullara bir yaz\u0131 yazarak s\u00f6z konusu kitaplarla ilgili okul m\u00fcd\u00fcrl\u00fcklerini uyar\u0131yor.<\/p>\n<p>Sakarya Valili\u011finin bunlardan haberi var m\u0131?<\/p>\n<p><strong>\u201c<\/strong>Parlak k\u00e2\u011f\u0131da 800 sayfa, 6 k\u00fcsur kilo a\u011f\u0131rl\u0131\u011f\u0131nda, maliyeti y\u00fcksek, g\u00f6steri\u015fli bir kitap&#8230; \u0130letti\u011fi mesaj a\u00e7\u0131k: Darwin yalan s\u00f6yl\u00fcyor. Evrim yok!\u201d<\/p>\n<p>Bu kitab\u0131n ge\u00e7ti\u011fimiz bahar aylar\u0131nda Fransa\u2019da \u201cbelirivermesi\u201d; binlercesinin okullara, k\u00fct\u00fcphanelere, \u00f6\u011fretmenlere, yazarlara \u00fccretsiz da\u011f\u0131t\u0131lmas\u0131 ne kadar tuhaf! Kitap, Fransa bas\u0131n\u0131nda b\u00fcy\u00fck yank\u0131 yap\u0131yor; Fransa Milli E\u011fitim Bakanl\u0131\u011f\u0131 taraf\u0131ndan sak\u0131ncal\u0131 bulunuyor.<\/p>\n<p>Neler oluyor?<\/p>\n<p><strong>Almanya&#8217;n\u0131n en b\u00fcy\u00fck gazetelerinden biri olan S\u00fcddeutsche Zeitung&#8217;un 8 Temmuz 2007 tarihli say\u0131s\u0131nda, Adnan Oktar&#8217;\u0131n Yarat\u0131l\u0131\u015f Atlas\u0131 hakk\u0131nda Kai Strittmatter&#8217;in bir makalesi yay\u0131mlan\u0131yor. Adnan Hoca\u2019yla yapt\u0131klar\u0131 \u00fc\u00e7 saatlik tekne gezisini anlat\u0131yor yazar. <\/strong><\/p>\n<p><strong>Neler oluyor? Koskoca T\u00fcrkiye Cumhuriyeti Milli E\u011fitim Bakanl\u0131\u011f\u0131, pervas\u0131zca ortaya at\u0131lan bu bilimsel ger\u00e7ekleri \u00e7\u00fcr\u00fctme giri\u015fimlerine, \u00fcstelik bilimsellik sav\u0131yla ve g\u00f6rsel zenginli\u011fe \u00f6nem verilerek insanlar\u0131n yanl\u0131\u015f y\u00f6nlendirilmesine kar\u015f\u0131 \u00e7\u0131kmayacak m\u0131? \u00dcst\u00fc \u00f6rt\u00fcl\u00fc bilim kar\u015f\u0131t\u0131 sergilere, yay\u0131nlara daha ne kadar g\u00f6z yumacak?<\/strong><\/p>\n<p><strong>Duyduk duymad\u0131k demeyin! Buras\u0131 T\u00fcrkiye Cumhuriyeti; Meydan Adnan Hocalara kalamaz! Atat\u00fcrk\u2019\u00fcn \u00dcnl\u00fc \u00f6zdeyi\u015fini hat\u0131rlayal\u0131m:<\/strong><\/p>\n<p><strong> \u201cHayatta en hakiki yol g\u00f6sterici bilimdir!\u201d<\/strong><\/p>\n<p><strong> ***<\/strong><\/p>\n<p><strong><em> <\/em><\/strong><em>\u2026<\/em><\/p>\n<p><em>\u201c\u0130skeleye yana\u015f\u0131yoruz. \u00c7izgili tak\u0131m elbiseler i\u00e7indeki gen\u00e7 grup k\u0131y\u0131da duran iki Limuzin&#8217;in etraf\u0131nda \u00e7ember oluyorlar. Kar beyaz\u0131 k\u0131yafetler i\u00e7indeki yazar siyah Mercedes&#8217;e biniyor. Hemen arkas\u0131ndan koruma ama\u00e7l\u0131 bir Land Rover yola \u00e7\u0131k\u0131yor.\u201d<\/em><strong> <\/strong><strong>(Kai Strittmatter\/ S\u00fcddeutsche Zeitung Gazetesi)<\/strong><em> <\/em><\/p>\n<p><em>12\/07\/2007<\/em><\/p>\n<p><em>Bizim Sakarya Gazetesi<\/em><\/p>\n","protected":false},"excerpt":{"rendered":"<p>\u201c\u2026 D\u00fcnyan\u0131n bir hayalden ibaret oldu\u011funu s\u00f6yleyen yazar, \u0130stanbul g\u00fcne\u015finde parlayan tak\u0131m\u0131yla tekneye biniyor. \u00dczerinde tepeden t\u0131rna\u011fa beyaz saf ipekten bir tak\u0131m&#8230; Kemer tokas\u0131, man\u015fet d\u00fc\u011fmeleri ve kravat i\u011fnesi alt\u0131n&#8230; Kar beyaz\u0131 kravat\u0131n\u0131n alt\u0131nda yine kar beyaz\u0131 bir g\u00f6mlek var&#8230; Etraf\u0131ndaki gen\u00e7 kalabal\u0131\u011f\u0131n neredeyse tamam\u0131 \u00e7izgili tak\u0131m elbiseler ve deri ayakkab\u0131lar giymi\u015fler&#8230;\u201d \u201c\u2026 Sadece \u00fc\u00e7 [&hellip;]<\/p>\n","protected":false},"author":1,"featured_media":0,"comment_status":"open","ping_status":"open","sticky":false,"template":"","format":"standard","meta":{"footnotes":""},"categories":[467],"tags":[],"_links":{"self":[{"href":"https:\/\/www.tamayacikel.com\/index.php?rest_route=\/wp\/v2\/posts\/2997"}],"collection":[{"href":"https:\/\/www.tamayacikel.com\/index.php?rest_route=\/wp\/v2\/posts"}],"about":[{"href":"https:\/\/www.tamayacikel.com\/index.php?rest_route=\/wp\/v2\/types\/post"}],"author":[{"embeddable":true,"href":"https:\/\/www.tamayacikel.com\/index.php?rest_route=\/wp\/v2\/users\/1"}],"replies":[{"embeddable":true,"href":"https:\/\/www.tamayacikel.com\/index.php?rest_route=%2Fwp%2Fv2%2Fcomments&post=2997"}],"version-history":[{"count":0,"href":"https:\/\/www.tamayacikel.com\/index.php?rest_route=\/wp\/v2\/posts\/2997\/revisions"}],"wp:attachment":[{"href":"https:\/\/www.tamayacikel.com\/index.php?rest_route=%2Fwp%2Fv2%2Fmedia&parent=2997"}],"wp:term":[{"taxonomy":"category","embeddable":true,"href":"https:\/\/www.tamayacikel.com\/index.php?rest_route=%2Fwp%2Fv2%2Fcategories&post=2997"},{"taxonomy":"post_tag","embeddable":true,"href":"https:\/\/www.tamayacikel.com\/index.php?rest_route=%2Fwp%2Fv2%2Ftags&post=2997"}],"curies":[{"name":"wp","href":"https:\/\/api.w.org\/{rel}","templated":true}]}}