{"id":2998,"date":"2007-07-19T10:55:08","date_gmt":"2007-07-19T10:55:08","guid":{"rendered":"http:\/\/www.tamayacikel.com\/?p=177"},"modified":"2007-07-19T10:55:08","modified_gmt":"2007-07-19T10:55:08","slug":"simdi-tam-zamani-2","status":"publish","type":"post","link":"https:\/\/www.tamayacikel.com\/?p=2998","title":{"rendered":"&quot;\u015eimdi Tam Zaman\u0131!&quot;"},"content":{"rendered":"<p><strong><br \/>\n<\/strong><\/p>\n<p><strong> <\/strong><\/p>\n<p>\u015eark\u0131 s\u00f6zleri vard\u0131r\u2026 hayat\u0131m\u0131zdaki birini anlat\u0131r\u2026<\/p>\n<p>\u201cBana anlatma sak\u0131n \/ Riske girseydin e\u011fer \/ Yola \u00e7\u0131ksayd\u0131n e\u011fer \/ Neler yapard\u0131n neler<\/p>\n<p>Bana anlatma sak\u0131n \/ Yelken a\u00e7sayd\u0131n e\u011fer \/ \u00d6zg\u00fcr olsayd\u0131n e\u011fer \/ Neler yapard\u0131n neler<\/p>\n<p>Sen iskeleye ba\u011fl\u0131 \/ F\u0131rtnalardan yoksun \/ Tatl\u0131 r\u00fczg\u00e2ra raz\u0131<\/p>\n<p>Ben a\u00e7\u0131k denizdeyim \/ Deniz bu belli olmaz \/ Huyunu seveyim\u201d<em> (S\u00f6z: Sinan, M\u00fczik: Candan Er\u00e7etin)<\/em><\/p>\n<p>D\u00fc\u015f\u00fcnmeyiz ki asl\u0131nda bizden de bir tutam vard\u0131r bu s\u00f6zlerin i\u00e7inde.<\/p>\n<p>Nedense kader \u00e7ok u\u011fra\u015f\u0131r bizimle\u2026 G\u00f6r\u00fcnmeyen ipleriyle bir g\u00fczel ba\u011flar bizi s\u0131k\u0131ca\u2026 Geleneklerimizde, bu y\u00fcce otoriteye raz\u0131 olunmas\u0131 \u00f6\u011f\u00fctlenir. Ancak son zamanlarda i\u015fler de\u011fi\u015fti; ipler, insan davran\u0131\u015flar\u0131n\u0131 etkileme ve y\u00f6nlendirme uzmanlar\u0131n\u0131n eline ge\u00e7ti. \u00a0Topluma parmak \u0131s\u0131rtanlar art\u0131k bilginler, sanat\u00e7\u0131lar falan de\u011fil\u2026 Bu okus pokus\u00e7ular! \u0130nsan\u0131 k\u0131l\u0131ktan k\u0131l\u0131\u011fa sokabiliyor; safsatay\u0131 ger\u00e7ek gibi kabul ettirebiliyorlar.<\/p>\n<p>\u0130nsanlar ba\u015far\u0131s\u0131zl\u0131klar\u0131n\u0131n sorumlulu\u011funu kaderden ba\u015fka bir de babalar\u0131na y\u00fcklerler. O y\u00fczden, baba olmak zordur\u2026 \u201c<em>O beni yeti\u015ftirirken bana g\u00fcvenseydi\u2026 Bana sevgi g\u00f6sterseydi, destek olsayd\u0131\u2026<\/em>\u201d gibi s\u00f6zler duydu\u011fumuzda hi\u00e7 yad\u0131rgamay\u0131z. <em> <\/em><\/p>\n<p>D\u00f6n\u00fcp kendimize \u015f\u00f6yle mi demeliyiz yoksa:<\/p>\n<p>Hayat bir tiyatro; sen de provas\u0131 olmayan ve tekrarlanamayan bu oyunun, rol\u00fcn\u00fc kendi se\u00e7mekte \u00f6zg\u00fcr bir oyuncususun.<\/p>\n<p>Sanki prova yapm\u0131\u015f gibi kararl\u0131, deneyimli g\u00f6r\u00fcnmek zorunda de\u011filsin. Teredd\u00fctlerin var\u2026 \u00f6yleyse neden, hi\u00e7 a\u00e7\u0131k vermemen, a\u011fz\u0131ndan her \u00e7\u0131kan\u0131 kula\u011f\u0131n duyuyormu\u015f gibi yapman; rol\u00fcn\u00fc hi\u00e7 \u015fa\u015f\u0131rmaman gerekti\u011fini d\u00fc\u015f\u00fcn\u00fcyorsun?<\/p>\n<p>Oyundan tamamen \u00e7\u0131kaca\u011f\u0131n g\u00fcne kadar, \u015funu sor hep kendine: \u201c\u0130nsan\u0131 hayvandan ay\u0131ran nedir?\u201d<\/p>\n<p>\u0130nsan olma yolunda bir ad\u0131m atmaya \u00e7al\u0131\u015f ve bu kadar\u0131yla yetin. Ba\u015f\u0131m\u0131za ne geldiyse \u015fu kendinde a\u015f\u0131r\u0131 yeteneklere ve g\u00fcce vehmedenlerden gelmedi mi? Hep birlikte ilerlemeyi de\u011fil, kanserli h\u00fccre gibi kendini b\u00fcy\u00fctmeyi isteyenlerden? Sonunda topluma zarar verdiklerini bile anlamazlar, \u00e7\u00fcnk\u00fc beyinleridir asl\u0131nda anormalle\u015fen. B\u00f6yle bir beyinden \u00f6zele\u015ftiri yapmas\u0131 beklenemez.<\/p>\n<p>Televizyon hem dost hem d\u00fc\u015fman\u2026 Yepyeni bir silah! Onu anlamaya \u00e7al\u0131\u015f; her dedi\u011fine inanma hemen\u2026 Ve k\u0131yas\u0131ya ele\u015ftir ki o da haddini bilsin\u2026 Dev aynas\u0131 olmas\u0131n birilerine.<\/p>\n<p>Bireysel tepkilerinin g\u00fcc\u00fcn\u00fc \u00f6nemse; vars\u0131n baz\u0131lar\u0131 da durmadan irile\u015ftirsinler kendilerini\u2026 Unutma ki toplumun g\u00fcc\u00fc yan\u0131nda onlar\u0131n aptal, acayip c\u00fcsseleri hi\u00e7bir \u015fey de\u011fildir.<\/p>\n<p>Al\u0131nyaz\u0131s\u0131 anlam\u0131ndaki \u201ckader\u201d ile iyi gibi g\u00f6sterilerek dayat\u0131lan \u015feyler aras\u0131nda kalm\u0131\u015fken, bir bilinmezlik sarm\u0131\u015fken yan\u0131n\u0131 y\u00f6reni; akl\u0131n insani \u00f6l\u00e7\u00fclerine bir tutam da bilgi ve donan\u0131m ekleyip yal\u0131nk\u0131l\u0131\u00e7 at\u0131labilirsin bu ormana, korkmadan\u2026<\/p>\n<p><strong>***<\/strong><\/p>\n<p>T\u00fcrk halk\u0131 olarak kaderimizi etkileyecek se\u00e7imler var \u00f6n\u00fcm\u00fczde.<\/p>\n<p>Tiyatro sanat\u00e7\u0131s\u0131 Lemi Bilgin\u2019in, ya\u015fam\u0131n her alan\u0131na uyarlanabilen g\u00fczel \u015fiirine b\u0131rak\u0131yorum \u015fimdi s\u00f6z\u00fc\u2026<\/p>\n<p><strong>\u015eimdi Tam Zaman\u0131<\/strong><br \/>\nD\u00fc\u015f\u00fcnmenin, yaratman\u0131n ve yapman\u0131n<br \/>\nS\u00f6ze can katman\u0131n<br \/>\nYaln\u0131zl\u0131ktan kurtulman\u0131n<br \/>\nYa\u015fam\u0131n bir sorumluluk oldu\u011funu anlaman\u0131n<br \/>\nSorumluluklar\u0131m\u0131z\u0131 ya\u015faman\u0131n tam zaman\u0131 \u015fimdi.<br \/>\nK\u0131skan\u00e7l\u0131\u011f\u0131n, yalan\u0131n, bencilli\u011fin, nefretin, ihanetin<br \/>\nAma as\u0131l tam zaman\u0131 \u015fimdi erdemin, cesaretin<br \/>\n\u00d6zg\u00fcr ama sorumlu olman\u0131n<br \/>\nKorkulardan ar\u0131nman\u0131n<br \/>\nSessiz kalmaktan korkman\u0131n<br \/>\nVe t\u00fcm \u00e7\u0131plakl\u0131\u011f\u0131yla kendini g\u00f6rmenin tam zaman\u0131 \u015fimdi.<br \/>\n\u015eimdi tam zaman\u0131<br \/>\nBir tutam umudun<br \/>\nBir elin s\u0131cakl\u0131\u011f\u0131n\u0131 payla\u015fman\u0131n<br \/>\nG\u00f6zdeki p\u0131r\u0131lt\u0131n\u0131n<br \/>\nD\u00fc\u015f\u00fcncedeki ayd\u0131nl\u0131\u011f\u0131n<br \/>\nBar\u0131\u015f\u0131n, bar\u0131\u015fman\u0131n<br \/>\n\u015eimdi Tam zaman\u0131 ger\u00e7e\u011fin.<br \/>\n\u015e\u0130MD\u0130 OYUN ZAMANI<\/p>\n<p>Ge\u00e7ici olarak, \u201c\u015e\u0130MD\u0130 OY ZAMANI\u201d diyelim isterseniz!<\/p>\n<p><em> 19\/07\/2007<\/em><\/p>\n<p><em>Bizim Sakarya Gazetesi<\/em><\/p>\n","protected":false},"excerpt":{"rendered":"<p>\u015eark\u0131 s\u00f6zleri vard\u0131r\u2026 hayat\u0131m\u0131zdaki birini anlat\u0131r\u2026 \u201cBana anlatma sak\u0131n \/ Riske girseydin e\u011fer \/ Yola \u00e7\u0131ksayd\u0131n e\u011fer \/ Neler yapard\u0131n neler Bana anlatma sak\u0131n \/ Yelken a\u00e7sayd\u0131n e\u011fer \/ \u00d6zg\u00fcr olsayd\u0131n e\u011fer \/ Neler yapard\u0131n neler Sen iskeleye ba\u011fl\u0131 \/ F\u0131rtnalardan yoksun \/ Tatl\u0131 r\u00fczg\u00e2ra raz\u0131 Ben a\u00e7\u0131k denizdeyim \/ Deniz bu belli olmaz \/ [&hellip;]<\/p>\n","protected":false},"author":1,"featured_media":0,"comment_status":"open","ping_status":"open","sticky":false,"template":"","format":"standard","meta":{"footnotes":""},"categories":[467],"tags":[],"_links":{"self":[{"href":"https:\/\/www.tamayacikel.com\/index.php?rest_route=\/wp\/v2\/posts\/2998"}],"collection":[{"href":"https:\/\/www.tamayacikel.com\/index.php?rest_route=\/wp\/v2\/posts"}],"about":[{"href":"https:\/\/www.tamayacikel.com\/index.php?rest_route=\/wp\/v2\/types\/post"}],"author":[{"embeddable":true,"href":"https:\/\/www.tamayacikel.com\/index.php?rest_route=\/wp\/v2\/users\/1"}],"replies":[{"embeddable":true,"href":"https:\/\/www.tamayacikel.com\/index.php?rest_route=%2Fwp%2Fv2%2Fcomments&post=2998"}],"version-history":[{"count":0,"href":"https:\/\/www.tamayacikel.com\/index.php?rest_route=\/wp\/v2\/posts\/2998\/revisions"}],"wp:attachment":[{"href":"https:\/\/www.tamayacikel.com\/index.php?rest_route=%2Fwp%2Fv2%2Fmedia&parent=2998"}],"wp:term":[{"taxonomy":"category","embeddable":true,"href":"https:\/\/www.tamayacikel.com\/index.php?rest_route=%2Fwp%2Fv2%2Fcategories&post=2998"},{"taxonomy":"post_tag","embeddable":true,"href":"https:\/\/www.tamayacikel.com\/index.php?rest_route=%2Fwp%2Fv2%2Ftags&post=2998"}],"curies":[{"name":"wp","href":"https:\/\/api.w.org\/{rel}","templated":true}]}}