{"id":2999,"date":"2007-07-26T11:00:04","date_gmt":"2007-07-26T11:00:04","guid":{"rendered":"http:\/\/www.tamayacikel.com\/?p=179"},"modified":"2007-07-26T11:00:04","modified_gmt":"2007-07-26T11:00:04","slug":"179","status":"publish","type":"post","link":"https:\/\/www.tamayacikel.com\/?p=2999","title":{"rendered":"Al\u0131\u015ft\u0131ra Al\u0131\u015ft\u0131ra&#8230;"},"content":{"rendered":"<p>\u201cDenize s\u0131f\u0131r villalar\u201d diyen ilana tak\u0131lm\u0131\u015ft\u0131 g\u00f6z\u00fc. Denize ula\u015fmak i\u00e7in de bir \u00e7aba harcanmamas\u0131 gerekiyordu herhalde. D\u00fczen b\u00f6yle e\u011fitiyordu insan\u0131 fark\u0131nda olmadan. Hep zahmetsizce elde etme iste\u011fi y\u00f6n\u00fcnde\u2026 Hayaller, kredi kart\u0131 numaras\u0131n\u0131 tu\u015flayaca\u011f\u0131 klavye kadar yak\u0131nd\u0131lar.<\/p>\n<p>\u2014 K\u00f6t\u00fc m\u00fc oluyor? Her \u015feyi senin yerine d\u00fc\u015f\u00fcn\u00fclm\u00fc\u015f ve \u00fcretilmi\u015f olarak buluyorsun i\u015fte!<\/p>\n<p>\u2014 \u0130yi mi, peki?<\/p>\n<p>Evlerinde kullan\u0131lmayan bir s\u00fcr\u00fc e\u015fya ya\u015fam alan\u0131n\u0131 k\u0131s\u0131tl\u0131yordu insanlar\u0131n. S\u00fcrd\u00fcr\u00fclebilir bir \u015fey miydi bu?<\/p>\n<p>K\u00fc\u00e7\u00fckken hemen hemen her g\u00fcn paytona binip baya\u011f\u0131 uzaktaki bir plaja giderlerdi. Ne mutlu g\u00fcnlerdi. Ak\u015fam\u00fcst\u00fc denizden \u00e7\u0131kt\u0131klar\u0131nda gazozla halka yerlerdi. Anneler, babalar \u00e7ay i\u00e7erdi.<\/p>\n<p>Bir \u015fey, \u201cgerekiyorsa\u201d al\u0131n\u0131rd\u0131 o zamanlar\u2026 ve al\u0131n\u0131nca da kullan\u0131l\u0131rd\u0131.<\/p>\n<p>Toplumun ortak idealleri \u00fczerine ne \u00e7ok kafa yormu\u015f, ne umutlar beslemi\u015fti. \u201c\u00dclk\u00fcc\u00fc\u201d kelimesi bir partinin sempatizanlar\u0131na ad olmu\u015ftu. Ba\u015fka bir kar\u015f\u0131l\u0131\u011f\u0131 da kalmam\u0131\u015ft\u0131 anadilinde\u2026 \u201c\u0130dealist\u201d yerle\u015fti onun yerine.<\/p>\n<p>\u201cEmek\u201d kutsald\u0131, ama bunun da uluorta s\u00f6ylenmesi ho\u015f kar\u015f\u0131lanmazd\u0131. \u00c7\u00fcnk\u00fc o da ba\u015fka bir ideolojiyi \u00e7a\u011fr\u0131\u015ft\u0131r\u0131rd\u0131 ki bir zamanlar yak\u0131nl\u0131k duyan\u0131n bile ba\u015f\u0131na ne \u00e7oraplar \u00f6rerdi bu \u00e7a\u011fr\u0131\u015f\u0131m.<\/p>\n<p>Ayn\u0131 dili konu\u015fan, ayn\u0131 tarihi, ayn\u0131 co\u011frafyay\u0131 payla\u015fan insanlara ne oluyordu b\u00f6yle? Ortak dil bile tehlikeye girmi\u015fti. Bir meydana toplay\u0131p milleti, ba\u011f\u0131rd\u0131:<\/p>\n<p>\u2014 Tamam, hadi bakal\u0131m kavga bitti\u2026 Kucakla\u015f\u0131n!<\/p>\n<p>Sanki k\u00f6t\u00fc bir \u015fakaym\u0131\u015f gibi ya\u015fananlar, bir anda herkes yine T\u00fcrk kimli\u011fine d\u00f6n\u00fcverdi; ne Arap \u00f6zentisi kald\u0131 ne k\u00f6r\u00fc k\u00f6r\u00fcne bir Bat\u0131 hayranl\u0131\u011f\u0131\u2026 Bor\u00e7la do\u011fmalar, bor\u00e7la \u00f6lmeler bitti. \u0130\u015fsiz yatanlar, sabah giyinip i\u015flerine gittiler. Eve gelirken eli bo\u015f de\u011fildiler. Askere g\u00fcle oynaya g\u00f6nderildi delikanl\u0131lar. \u0130nsano\u011flu \u00e7i\u011f s\u00fct emmi\u015f\u2026 ara s\u0131ra h\u0131r g\u00fcr de oldu\u2026 Ama ula\u015f\u0131m sorununu bile en ak\u0131lc\u0131 bi\u00e7imde \u00e7\u00f6zm\u00fc\u015ft\u00fc evvel Allah!<\/p>\n<p>R\u00fcyayd\u0131 tabii\u2026 Uyand\u0131\u011f\u0131nda: \u201c\u0130nsano\u011flunun ihtiya\u00e7lar\u0131 birbirine t\u0131pat\u0131p benzerken bu ayr\u0131l\u0131k gayrilik neden?\u201d diye sordu kendi kendine\u2026 Kavramlar\u0131 kayd\u0131rarak, s\u00f6zc\u00fckleri biraz e\u011fip b\u00fckerek iddialar\u0131n\u0131 kan\u0131tlayabiliyor, kar\u015f\u0131 taraf\u0131nkini de \u00e7\u00fcr\u00fctebiliyorlard\u0131. Peki, kime ne yarar\u0131 vard\u0131 bunun?<\/p>\n<p>Milleti istedikleri her \u015feye y\u00f6nlendirebiliyorlard\u0131. Korku, deh\u015fet fikrini ortaya atarak bile para kazan\u0131l\u0131yordu s\u0131rt\u0131m\u0131zdan. Hastal\u0131k korkusuyla hastaneler dolup ta\u015f\u0131yor, evlerde kullan\u0131lmadan s\u00fcresi dolmu\u015f bir s\u00fcr\u00fc ila\u00e7, ger\u00e7ekten ihtiyac\u0131 olanlara ula\u015famazken \u00e7\u00f6pe gidiyordu. E\u011fitim, sa\u011fl\u0131k gibi en temel hizmetler \u00f6zelle\u015ftiriliyordu.<\/p>\n<p>\u0130stedikleri her \u015feye al\u0131\u015ft\u0131rabiliyorlard\u0131 halk\u0131. \u201cEmek kutsald\u0131r\u201d demeye \u00e7ekinilen g\u00fcnler geride kalm\u0131\u015ft\u0131. K\u00fcreselle\u015fme vard\u0131 art\u0131k! K\u00fcresel y\u00f6ntemin \u00f6zelli\u011fi, dayat\u0131lan her \u015feye bir tutam da \u201ckutsall\u0131k\u201d katmakt\u0131. Yenilir yutulur hale geliyordu b\u00f6ylece\u2026 Al\u0131\u015ft\u0131ra al\u0131\u015ft\u0131ra k\u00fcreselle\u015fiyor, k\u00fcreselle\u015ferek al\u0131\u015f\u0131yorduk.<\/p>\n<p><em>26\/07\/2007<\/em><\/p>\n<p><em>Bizim Sakarya Gazetesi<br \/>\n<\/em><\/p>\n<p><em> <\/em><\/p>\n","protected":false},"excerpt":{"rendered":"<p>\u201cDenize s\u0131f\u0131r villalar\u201d diyen ilana tak\u0131lm\u0131\u015ft\u0131 g\u00f6z\u00fc. Denize ula\u015fmak i\u00e7in de bir \u00e7aba harcanmamas\u0131 gerekiyordu herhalde. D\u00fczen b\u00f6yle e\u011fitiyordu insan\u0131 fark\u0131nda olmadan. Hep zahmetsizce elde etme iste\u011fi y\u00f6n\u00fcnde\u2026 Hayaller, kredi kart\u0131 numaras\u0131n\u0131 tu\u015flayaca\u011f\u0131 klavye kadar yak\u0131nd\u0131lar. \u2014 K\u00f6t\u00fc m\u00fc oluyor? Her \u015feyi senin yerine d\u00fc\u015f\u00fcn\u00fclm\u00fc\u015f ve \u00fcretilmi\u015f olarak buluyorsun i\u015fte! \u2014 \u0130yi mi, peki? Evlerinde [&hellip;]<\/p>\n","protected":false},"author":1,"featured_media":0,"comment_status":"open","ping_status":"open","sticky":false,"template":"","format":"standard","meta":{"footnotes":""},"categories":[467],"tags":[],"_links":{"self":[{"href":"https:\/\/www.tamayacikel.com\/index.php?rest_route=\/wp\/v2\/posts\/2999"}],"collection":[{"href":"https:\/\/www.tamayacikel.com\/index.php?rest_route=\/wp\/v2\/posts"}],"about":[{"href":"https:\/\/www.tamayacikel.com\/index.php?rest_route=\/wp\/v2\/types\/post"}],"author":[{"embeddable":true,"href":"https:\/\/www.tamayacikel.com\/index.php?rest_route=\/wp\/v2\/users\/1"}],"replies":[{"embeddable":true,"href":"https:\/\/www.tamayacikel.com\/index.php?rest_route=%2Fwp%2Fv2%2Fcomments&post=2999"}],"version-history":[{"count":0,"href":"https:\/\/www.tamayacikel.com\/index.php?rest_route=\/wp\/v2\/posts\/2999\/revisions"}],"wp:attachment":[{"href":"https:\/\/www.tamayacikel.com\/index.php?rest_route=%2Fwp%2Fv2%2Fmedia&parent=2999"}],"wp:term":[{"taxonomy":"category","embeddable":true,"href":"https:\/\/www.tamayacikel.com\/index.php?rest_route=%2Fwp%2Fv2%2Fcategories&post=2999"},{"taxonomy":"post_tag","embeddable":true,"href":"https:\/\/www.tamayacikel.com\/index.php?rest_route=%2Fwp%2Fv2%2Ftags&post=2999"}],"curies":[{"name":"wp","href":"https:\/\/api.w.org\/{rel}","templated":true}]}}