{"id":3000,"date":"2007-08-02T11:02:24","date_gmt":"2007-08-02T11:02:24","guid":{"rendered":"http:\/\/www.tamayacikel.com\/?p=182"},"modified":"2007-08-02T11:02:24","modified_gmt":"2007-08-02T11:02:24","slug":"mevlana-hakli-degil-mi-ahmet-2","status":"publish","type":"post","link":"https:\/\/www.tamayacikel.com\/?p=3000","title":{"rendered":"Mevlana hakl\u0131 de\u011fil mi, Ahmet?"},"content":{"rendered":"<p><strong> <\/strong><\/p>\n<p>Dar\u0131lma, diyorum Ahmet\u2019e, art\u0131k \u015fehirli oldunuz siz\u2026 Hele \u00e7ocu\u011funuz burada do\u011fdu; o tam \u015fehirli olacak. Dar\u0131lma bana, kar\u0131\u015fmak diye d\u00fc\u015f\u00fcnme, ama ben sana \u015fimdi bir \u015feyler s\u00f6yleyeyim, sen d\u00fc\u015f\u00fcn&#8230;<\/p>\n<p>Yok, dar\u0131lmam dedi Ahmet.<\/p>\n<p>Hanife gencecik; yirmi ya\u015f\u0131nda. \u0130ki ya\u015f\u0131nda bir o\u011flan Arif; annesinin ete\u011finde\u2026 Hanife \u00e7ok \u00e7al\u0131\u015fkan. Hanife iyi insan. \u0130nsan\u0131n tam g\u00f6z\u00fcn\u00fcn i\u00e7ine bak\u0131yor; dosdo\u011fru. Bizim yan\u0131m\u0131zda ba\u015f\u0131n\u0131 \u00f6rtm\u00fcyor. Spor giysiler giyiyor. Ahmet pantolon giymesine \u00e7ok zor raz\u0131 olmu\u015f; ama olmu\u015f i\u015fte\u2026 O da yirmi sekiz ya\u015f\u0131nda. Ahmet iyi insan. Ahmet \u00e7al\u0131\u015fkan. \u0130kisi de ak\u0131ll\u0131.<\/p>\n<p>\u00d6nceden konu\u015fmu\u015fuz Hanife\u2019yle; d\u00fcnyada raz\u0131 olmaz Ahmet ba\u015f\u0131m a\u00e7\u0131k gezmeme, diyor.<\/p>\n<p>Ama ben onu ba\u015f\u0131 \u00f6rt\u00fcl\u00fcyken be\u011feniyorum; bana daha g\u00fczel g\u00f6r\u00fcn\u00fcyor, diyor Ahmet.<\/p>\n<p>Bak Ahmet, ne kadar masum b\u00f6yle ba\u015f\u0131 a\u00e7\u0131k, diyorum. Ba\u015f\u0131n\u0131 \u00f6rt\u00fcnce makyaj yapacak belki. Gen\u00e7 kad\u0131n; bir \u015fey diyemeyeceksin. Sana g\u00fczel g\u00f6r\u00fcnd\u00fc\u011f\u00fc gibi ba\u015fkalar\u0131na da g\u00fczel g\u00f6r\u00fcnecek. Daha \u00e7ok bak\u0131lacak b\u00f6yle \u00e7er\u00e7evelenmi\u015f bir y\u00fcze ve g\u00f6zlere. Foto\u011fraf, resim neden \u00e7er\u00e7evelenir? Sadece duvara asabilmek i\u00e7in mi? Hay\u0131r! daha g\u00fczel g\u00f6r\u00fcns\u00fcn diye.<\/p>\n<p>D\u00fc\u015f\u00fcn! diyorum\u2026 Ben sana illa Hanife\u2019ye izin ver demiyorum; d\u00fc\u015f\u00fcn, diyorum. \u0130nsana d\u00fc\u015f\u00fcnmek yara\u015f\u0131r. Mevlana da b\u00f6yle der: \u201cD\u00fcnle beraber gitti canca\u011fz\u0131m, ne kadar s\u00f6z varsa d\u00fcne ait. \u015eimdi yeni \u015feyler s\u00f6ylemek laz\u0131m.\u201d<\/p>\n<p>\u2026 Ve b\u00f6yle kal\u0131yor konu\u015fmam\u0131z.<\/p>\n<p>A\u015fa\u011f\u0131dakileriyse okutaca\u011f\u0131m Ahmet\u2019e, gazetede \u00e7\u0131k\u0131nca:<\/p>\n<p>Ahmet bak! 2007 y\u0131l\u0131 d\u00fcnyada Mevlana Y\u0131l\u0131 olarak kabul edildi, biliyor musun? B\u00fcy\u00fck \u0130slam bilgini, tasavvuf \u015fairi Mevlana, halk hik\u00e2yeleri bi\u00e7imine sokar anlataca\u011f\u0131 \u015feyi. Halk\u0131n anlayaca\u011f\u0131 dille anlat\u0131r. \u015eiiri de b\u00f6yle \u00e7\u0131kar ortaya. Arap ve Fars edebiyat\u0131n\u0131 \u00e7ok iyi bilir oysa.<\/p>\n<p>Bildi\u011fimiz hik\u00e2yedir: Gramer bilgini bindi\u011fi geminin kaptan\u0131na sorar: Kaptan sen gramer bilir misin? Hay\u0131r, der kaptan. Eyvah! der bilgin, \u00f6yleyse gitti \u00f6mr\u00fcn\u00fcn yar\u0131s\u0131\u2026 Buna i\u00e7erleyen kaptan birden patlayan f\u0131rt\u0131nay\u0131 f\u0131rsat bilip sorar bilgine: Sen y\u00fczme bilir misin? Bilgin hay\u0131r, bilmem deyince, eyvah! der kaptan, gitti \u00f6mr\u00fcn\u00fcn tamam\u0131!<\/p>\n<p>Her bilgi, her h\u00fcner yeri gelir yararl\u0131 olur, ona g\u00f6re. Bilgi ama\u00e7 de\u011fil ara\u00e7t\u0131r.<\/p>\n<p>Mevlana\u2019y\u0131 bilmekse onun dediklerini anlamakt\u0131r. O evrensel bir dille konu\u015fur; t\u00fcm insanl\u0131\u011f\u0131, t\u00fcm zamanlar\u0131\u201d kucaklar. Bilginin sonsuz ve bilgiye ula\u015fman\u0131n \u00e7ok kolay oldu\u011fu g\u00fcn\u00fcm\u00fczde, kocaman bir y\u0131l\u0131 Mevlana\u2019ya adaman\u0131n anlam\u0131 budur, Ahmet!<\/p>\n<p>Mevl\u00e2na Cel\u00e2leddin-i Rum\u00ee yedi y\u00fcz y\u0131l \u00f6teden F\u00eehi M\u00e2-F\u00eeh\u2019te \u015funlar\u0131 s\u00f6ylemi\u015f kad\u0131n i\u00e7in:<\/p>\n<p>\u201cKad\u0131n nedir? D\u00fcnya ne?<\/p>\n<p>\u0130ster s\u00f6yle, ister s\u00f6yleme, o neyse odur; yapt\u0131\u011f\u0131n\u0131 b\u0131rakmayacakt\u0131r o.<br \/>\nHatta s\u00f6yledik\u00e7e daha beter olur.<br \/>\nMesel\u00e2 bir somun al, koltu\u011funa koy sakla, bunu kimseye vermeyece\u011fim de; vermek \u015f\u00f6yle dursun, g\u00f6stermeyece\u011fim de. Ekmek, bollu\u011fundan, ucuzlu\u011fundan yerlere d\u00f6k\u00fcl\u00fcp, sa\u00e7\u0131lm\u0131\u015f, k\u00f6pekler bile yemiyor olsa, onu vermemeye, g\u00f6stermemeye kalk\u0131\u015ft\u0131n m\u0131, b\u00fct\u00fcn halk ona d\u00fc\u015fer; saklad\u0131\u011f\u0131n, g\u00f6stermedi\u011fin o ekme\u011fi, mutlaka g\u00f6rece\u011fiz diye yalvarmaya, seni k\u0131namaya, sana s\u00f6vmeye koyulurlar. Hele koltu\u011funa, yenine saklad\u0131\u011f\u0131n, vermemeye, g\u00f6stermemeye sava\u015ft\u0131\u011f\u0131n o ekme\u011fe \u00f6ylesine d\u00fc\u015ferler ki bu d\u00fc\u015fk\u00fcnl\u00fck haddi, s\u0131n\u0131r\u0131 a\u015far gider. \u00c7\u00fcnk\u00fc &#8220;\u0130nsan menedildi\u011fi \u015feye d\u00fc\u015fer.&#8221; Kad\u0131na gizlen diye emrettik\u00e7e onda, kendini g\u00f6sterme iste\u011fi \u00e7o\u011fal\u0131r durur; halkta da o kad\u0131n ne kadar gizlenirse onu g\u00f6rmek iste\u011fi o kadar artar. \u015eu halde sen oturmu\u015fsun, iki taraf\u0131n da iste\u011fini k\u0131z\u0131\u015ft\u0131r\u0131yorsun, sonra da bunu do\u011fru d\u00fczen bir i\u015f say\u0131yorsun, oysa bu i\u015f bozgunculu\u011fun ta kendisi. Mayas\u0131nda k\u00f6t\u00fc bir i\u015fte \u00a0bulunmamak varsa, yapma desen de demesen de iyi huyuna, temiz yarat\u0131l\u0131\u015f\u0131na uyacak ve ona g\u00f6re hareket edecektir. B\u0131rak i\u015fkillenme! Ama mayas\u0131 pisse o gene kendi yolunu tutacakt\u0131r. Ger\u00e7ekten de yapma, etme, g\u00f6r\u00fcnme demek iste\u011fi artt\u0131r\u0131r ancak; ba\u015fka \u015feye yaramaz.&#8221;<\/p>\n<p>Bana g\u00fccenmedin, de\u011fil mi Ahmet?<\/p>\n<p><em> 02\/08\/2007<\/em><\/p>\n<p><em>Bizim Sakarya Gazetesi<\/em><\/p>\n","protected":false},"excerpt":{"rendered":"<p>Dar\u0131lma, diyorum Ahmet\u2019e, art\u0131k \u015fehirli oldunuz siz\u2026 Hele \u00e7ocu\u011funuz burada do\u011fdu; o tam \u015fehirli olacak. Dar\u0131lma bana, kar\u0131\u015fmak diye d\u00fc\u015f\u00fcnme, ama ben sana \u015fimdi bir \u015feyler s\u00f6yleyeyim, sen d\u00fc\u015f\u00fcn&#8230; Yok, dar\u0131lmam dedi Ahmet. Hanife gencecik; yirmi ya\u015f\u0131nda. \u0130ki ya\u015f\u0131nda bir o\u011flan Arif; annesinin ete\u011finde\u2026 Hanife \u00e7ok \u00e7al\u0131\u015fkan. Hanife iyi insan. \u0130nsan\u0131n tam g\u00f6z\u00fcn\u00fcn i\u00e7ine bak\u0131yor; [&hellip;]<\/p>\n","protected":false},"author":1,"featured_media":0,"comment_status":"open","ping_status":"open","sticky":false,"template":"","format":"standard","meta":{"footnotes":""},"categories":[467],"tags":[],"_links":{"self":[{"href":"https:\/\/www.tamayacikel.com\/index.php?rest_route=\/wp\/v2\/posts\/3000"}],"collection":[{"href":"https:\/\/www.tamayacikel.com\/index.php?rest_route=\/wp\/v2\/posts"}],"about":[{"href":"https:\/\/www.tamayacikel.com\/index.php?rest_route=\/wp\/v2\/types\/post"}],"author":[{"embeddable":true,"href":"https:\/\/www.tamayacikel.com\/index.php?rest_route=\/wp\/v2\/users\/1"}],"replies":[{"embeddable":true,"href":"https:\/\/www.tamayacikel.com\/index.php?rest_route=%2Fwp%2Fv2%2Fcomments&post=3000"}],"version-history":[{"count":0,"href":"https:\/\/www.tamayacikel.com\/index.php?rest_route=\/wp\/v2\/posts\/3000\/revisions"}],"wp:attachment":[{"href":"https:\/\/www.tamayacikel.com\/index.php?rest_route=%2Fwp%2Fv2%2Fmedia&parent=3000"}],"wp:term":[{"taxonomy":"category","embeddable":true,"href":"https:\/\/www.tamayacikel.com\/index.php?rest_route=%2Fwp%2Fv2%2Fcategories&post=3000"},{"taxonomy":"post_tag","embeddable":true,"href":"https:\/\/www.tamayacikel.com\/index.php?rest_route=%2Fwp%2Fv2%2Ftags&post=3000"}],"curies":[{"name":"wp","href":"https:\/\/api.w.org\/{rel}","templated":true}]}}