{"id":3003,"date":"2007-08-23T11:10:54","date_gmt":"2007-08-23T11:10:54","guid":{"rendered":"http:\/\/www.tamayacikel.com\/?p=188"},"modified":"2007-08-23T11:10:54","modified_gmt":"2007-08-23T11:10:54","slug":"turku-hayattir-2","status":"publish","type":"post","link":"https:\/\/www.tamayacikel.com\/?p=3003","title":{"rendered":"\u201cT\u00dcRK\u00dc HAYATTIR\u201d"},"content":{"rendered":"<p><strong> <\/strong><\/p>\n<p>Ge\u00e7en hafta uluslararas\u0131 d\u00fczeyde 18.&#8217;si d\u00fczenlenen Hac\u0131 Bekta\u015f Veli Anma T\u00f6renleri ve K\u00fclt\u00fcr Sanat Etkinlikleri kapsam\u0131nda, \u201cHac\u0131 Bekta\u015f Veli Dostluk ve Bar\u0131\u015f \u00d6d\u00fcl\u00fc\u201d T\u00fcrk Halk M\u00fczi\u011fi sanat\u00e7\u0131s\u0131 Sabahat Akkiraz\u2019a verildi.<\/p>\n<p>Farkl\u0131 k\u00fclt\u00fcrlere sahip insanlar\u0131n, yan yana, omuz omuza ya\u015famas\u0131na izin veren; farkl\u0131 g\u00f6r\u00fc\u015fleri, d\u00fc\u015f\u00fcnceleri, duygular\u0131 rahatl\u0131kla sindirebilen bir rejim Cumhuriyet. Tam bize g\u00f6re!<\/p>\n<p>Tarih\u00e7i-yazar Baki \u00d6z diyor ki: \u201cAlevilik-Bekta\u015filik, folkloruyla, m\u00fczi\u011fiyle, \u015fiiriyle, edebiyat\u0131yla, d\u00fc\u015f\u00fcncesiyle ve yaratt\u0131\u011f\u0131 insansal de\u011ferleriyle k\u00fclt\u00fcr\u00fcm\u00fcz\u00fcn temel ta\u015f\u0131d\u0131r. Alevi m\u00fczi\u011fini \u00e7ekti\u011finiz zaman b\u00fct\u00fcn radyolar susar. Yunus\u2019u, Pir Sultan\u2019\u0131 Nam\u0131k Kemal\u2019i ve \u00f6tekileri \u00e7\u0131kard\u0131\u011f\u0131n\u0131z zaman T\u00fcrk edebiyat\u0131 bo\u015fal\u0131r.\u201d Alevi-Bekta\u015fili\u011fi bir dinin, mezhebin, tarikat\u0131n dar kal\u0131plar\u0131na uyarlamak da zordur ona g\u00f6re\u2026 Bu inan\u0131\u015f bi\u00e7iminin yaln\u0131z dinsel ya\u015famla yetinmeyen d\u00fcnyasall\u0131\u011f\u0131; g\u00fcnl\u00fck ya\u015fay\u0131\u015f\u0131 ve insanlar aras\u0131 ili\u015fkileri d\u00fczenleyen y\u00f6n\u00fc vard\u0131r ki ona mezhepler, tarikatlar \u00fcst\u00fc bir nitelik, evrensellik kazand\u0131ran da bu y\u00f6n\u00fcd\u00fcr. \u00c7\u00fcnk\u00fc <em>\u201c\u0130man, ak\u0131l ile b\u00fct\u00fcnle\u015ftik\u00e7e, ya\u015fam ile \u00f6zde\u015fle\u015fir.\u201d- (<\/em><em>Abidin \u00d6zg\u00fcnay-Cem Dergisi \/ Temmuz 1991) <\/em><em> <\/em><\/p>\n<p>Ya\u015fam\u0131n k\u0131vrakl\u0131\u011f\u0131n\u0131 yakalay\u0131\u015f\u0131 ne g\u00fczeldir Bekta\u015fi\u2019nin\u2026 Bir inan\u00e7 sistemini dogmalar\u0131n kat\u0131l\u0131\u011f\u0131ndan s\u00fczen akl\u0131yla Tanr\u0131 sevgisini yery\u00fcz\u00fcne indiri\u015fi\u2026 Nitekim Hac\u0131 Bekta\u015f\u2019a giderek ileride ger\u00e7ekle\u015ftirece\u011fi devrimler i\u00e7in manevi destek isteyen Mustafa Kemal, burada arad\u0131\u011f\u0131 deste\u011fi bulaca\u011f\u0131n\u0131 biliyordu\u2026 Bekta\u015fi dedesi Cemalettin \u00c7elebi\u2019yi de Meclis \u0130kinci Ba\u015fkanl\u0131\u011f\u0131 g\u00f6revine getirmi\u015fti.<\/p>\n<p>Yirmi birinci y\u00fczy\u0131lda T\u00fcrk toplumu olarak \u00f6nce D\u00fcnyal\u0131; sonra Anadolulu ve M\u00fcsl\u00fcman\u2019\u0131z. Anadolu k\u00fclt\u00fcr\u00fcn\u00fcn bu de\u011fi\u015fik renklerinden kaynaklanan orijinalli\u011fimizin h\u00e2l\u00e2 fark\u0131nda de\u011filsek yaz\u0131k bize!<\/p>\n<p>Bekta\u015fili\u011fin d\u00fcnyaya, do\u011fdu\u011fu kaynaktan tan\u0131t\u0131lmas\u0131; bu topraklarda ya\u015fayan b\u00fct\u00fcn insanlar\u0131n Alevi-Bekta\u015fi k\u00fclt\u00fcr\u00fcne sahip \u00e7\u0131kmas\u0131, onunla bar\u0131\u015f\u0131k ya\u015famas\u0131 gerekir. Bunun aksini d\u00fc\u015f\u00fcn\u00fcrsek as\u0131l kendimizle kavgal\u0131 oluruz.<\/p>\n<p>Sabahat Akkiraz i\u015fte bunu yap\u0131yor. Halk m\u00fczi\u011fimizi d\u00fcnyaya tan\u0131tan bir bar\u0131\u015f el\u00e7isi o\u2026<\/p>\n<p>D\u00fcnyan\u0131n d\u00f6rt bir yan\u0131nda \u00f6nemli m\u00fczik festivallerine davet ediliyor\u2026 1999 y\u0131l\u0131nda Queen Elizabeth Hall\u2019da, \u201cWomens Of Tradition\u201d projesinde T\u00fcrkiye\u2019yi ve \u201cAlevi M\u00fczi\u011fi\u201dni temsil etti.<em> <\/em>Kas\u0131m 2000\u2019de, de\u011fi\u015fik k\u00fclt\u00fcrlerin m\u00fczi\u011finin mabedi kabul edilen \u201cTheatre De La Ville\u201dde konser verdi.<em> <\/em>Bu konserin ard\u0131ndan Le Monde, Le Figaro, Observateur gibi d\u00fcnyan\u0131n en \u00f6nemli gazetelerinde \u201cAlevi M\u00fczi\u011fi ve Sabahat Akkiraz\u201d s\u00f6yle\u015fileri tam sayfa yer ald\u0131. Fransa\u2019da \u201cAlevi M\u00fczi\u011fi\u201d en iyi otantik m\u00fczik, Sabahat Akkiraz da bu m\u00fczik dal\u0131nda y\u0131l\u0131n en ba\u015far\u0131l\u0131 sanat\u00e7\u0131s\u0131 se\u00e7ildi. Frans\u0131z-Bel\u00e7ika ortak yap\u0131m\u0131 olarak hayat\u0131, \u00e7al\u0131\u015fmalar\u0131 ve temsilcisi oldu\u011fu \u201cAlevi M\u00fczi\u011fi\u201d belgesel yap\u0131ld\u0131. Alb\u00fcmleri yabanc\u0131 \u00fclkelerde liste ba\u015f\u0131 oluyor.<\/p>\n<p>Alb\u00fcmlerinde \u00e7o\u011funlukla kendi derledi\u011fi semahlar, deyi\u015fler, mersiyeler okuyan sanat\u00e7\u0131m\u0131z, bunlar\u0131n asl\u0131na uygun bir bi\u00e7imde gelecek ku\u015faklara aktar\u0131lmas\u0131na \u00e7al\u0131\u015f\u0131yor. Seslendirdi\u011fi derlemeleri d\u0131\u015f\u0131nda y\u00fczlerce derlenmi\u015f eseri de ar\u015fivinde bulunuyor.<\/p>\n<p><em> <\/em>\u201c\u00c7ok g\u00fczel bir \u00f6\u011fretiden ve ozanl\u0131k gelene\u011finden geldim.\u201d diyor, Sabahat Akkiraz. \u201cBana aktar\u0131lan bu hazineyi gelecek nesillere b\u0131rakmak, bize gelen orijinal tatlar\u0131yla d\u00fcnyaya ta\u015f\u0131mak istiyorum. \u00c7ocuklar\u0131m\u0131za g\u00fczel bir \u00e7evrenin yan\u0131nda k\u00fclt\u00fcr ve sanat\u0131m\u0131z\u0131 da b\u0131rakmam\u0131z gerekiyor. Her zaman a\u011fz\u0131m\u0131z\u0131 ve midemizi doldurma \u015fans\u0131m\u0131z olur; ama y\u00fcrek a\u00e7l\u0131\u011f\u0131 hi\u00e7bir \u015feye benzemez. \u0130nsano\u011flunun kula\u011f\u0131ndan y\u00fcre\u011fini doldurmas\u0131na bir k\u00fc\u00e7\u00fck katk\u0131m olsun istiyorum.\u201d <em><\/em><\/p>\n<p>Sanat\u00e7\u0131m\u0131z\u0131n son alb\u00fcm\u00fcn\u00fcn ad\u0131: \u201cT\u00fcrk\u00fc Hayatt\u0131r\u201d. Bunu bir slogan yapmak; onun, t\u00fcrk\u00fclerimizin kaybolan renklerini g\u00fcn\u0131\u015f\u0131\u011f\u0131na \u00e7\u0131karmak ve d\u00fcnyaya tan\u0131tmak i\u00e7in tek ba\u015f\u0131na verdi\u011fi \u00f6zverili \u00e7abay\u0131 \u00f6rnek almak, desteklemek, yayg\u0131nla\u015ft\u0131rmak gerek.<\/p>\n<p>Sabahat Akkiraz\u2019\u0131n yurtd\u0131\u015f\u0131nda ald\u0131\u011f\u0131 \u00f6vg\u00fcler, ger\u00e7ek bir sanat\u00e7\u0131ya, onun k\u00fclt\u00fcr\u00fcne g\u00f6sterilen sayg\u0131 ve de\u011ferbilirliktir\u2026 Hac\u0131 Bekta\u015f Veli Dostluk ve Bar\u0131\u015f \u00d6d\u00fcl\u00fc de \u00f6yle\u2026 Ancak \u00f6rneklerini \u00e7ok g\u00f6rd\u00fc\u011f\u00fcm\u00fcz gibi, \u00f6d\u00fcl\u00fc verip sonra sanat\u00e7\u0131y\u0131 unutmak; \u00e7al\u0131\u015fmalar\u0131nda kolayl\u0131k sa\u011flamamak, ilgisizlik gelmesin arkas\u0131ndan. \u00c7\u00fcnk\u00fc her \u015feyden \u00f6nemlisi, s\u00fcrd\u00fcr\u00fclebilirliktir.<\/p>\n<p><em>23\/08\/2007<\/em><\/p>\n<p><em>Bizim Sakarya Gazetesi<\/em><\/p>\n","protected":false},"excerpt":{"rendered":"<p>Ge\u00e7en hafta uluslararas\u0131 d\u00fczeyde 18.&#8217;si d\u00fczenlenen Hac\u0131 Bekta\u015f Veli Anma T\u00f6renleri ve K\u00fclt\u00fcr Sanat Etkinlikleri kapsam\u0131nda, \u201cHac\u0131 Bekta\u015f Veli Dostluk ve Bar\u0131\u015f \u00d6d\u00fcl\u00fc\u201d T\u00fcrk Halk M\u00fczi\u011fi sanat\u00e7\u0131s\u0131 Sabahat Akkiraz\u2019a verildi. Farkl\u0131 k\u00fclt\u00fcrlere sahip insanlar\u0131n, yan yana, omuz omuza ya\u015famas\u0131na izin veren; farkl\u0131 g\u00f6r\u00fc\u015fleri, d\u00fc\u015f\u00fcnceleri, duygular\u0131 rahatl\u0131kla sindirebilen bir rejim Cumhuriyet. Tam bize g\u00f6re! Tarih\u00e7i-yazar Baki [&hellip;]<\/p>\n","protected":false},"author":1,"featured_media":0,"comment_status":"open","ping_status":"open","sticky":false,"template":"","format":"standard","meta":{"footnotes":""},"categories":[467],"tags":[],"_links":{"self":[{"href":"https:\/\/www.tamayacikel.com\/index.php?rest_route=\/wp\/v2\/posts\/3003"}],"collection":[{"href":"https:\/\/www.tamayacikel.com\/index.php?rest_route=\/wp\/v2\/posts"}],"about":[{"href":"https:\/\/www.tamayacikel.com\/index.php?rest_route=\/wp\/v2\/types\/post"}],"author":[{"embeddable":true,"href":"https:\/\/www.tamayacikel.com\/index.php?rest_route=\/wp\/v2\/users\/1"}],"replies":[{"embeddable":true,"href":"https:\/\/www.tamayacikel.com\/index.php?rest_route=%2Fwp%2Fv2%2Fcomments&post=3003"}],"version-history":[{"count":0,"href":"https:\/\/www.tamayacikel.com\/index.php?rest_route=\/wp\/v2\/posts\/3003\/revisions"}],"wp:attachment":[{"href":"https:\/\/www.tamayacikel.com\/index.php?rest_route=%2Fwp%2Fv2%2Fmedia&parent=3003"}],"wp:term":[{"taxonomy":"category","embeddable":true,"href":"https:\/\/www.tamayacikel.com\/index.php?rest_route=%2Fwp%2Fv2%2Fcategories&post=3003"},{"taxonomy":"post_tag","embeddable":true,"href":"https:\/\/www.tamayacikel.com\/index.php?rest_route=%2Fwp%2Fv2%2Ftags&post=3003"}],"curies":[{"name":"wp","href":"https:\/\/api.w.org\/{rel}","templated":true}]}}