{"id":3004,"date":"2007-08-30T11:12:16","date_gmt":"2007-08-30T11:12:16","guid":{"rendered":"http:\/\/www.tamayacikel.com\/?p=190"},"modified":"2007-08-30T11:12:16","modified_gmt":"2007-08-30T11:12:16","slug":"varligi-hissedilmek-2","status":"publish","type":"post","link":"https:\/\/www.tamayacikel.com\/?p=3004","title":{"rendered":"Varl\u0131\u011f\u0131 Hissedilmek"},"content":{"rendered":"<p><strong> <\/strong><\/p>\n<p>Bug\u00fcn b\u00fcy\u00fck zaferin y\u0131ld\u00f6n\u00fcm\u00fc\u2026 Yabanc\u0131 bas\u0131nda Mustafa Kemal hakk\u0131nda \u00e7ok \u015fey yaz\u0131lm\u0131\u015f zaferden sonra\u2026 \u0130lhan Bardak\u00e7\u0131\u2019n\u0131n \u201cTa\u015fhan\u2019dan Kadifekale\u2019ye\u201d adl\u0131 kitab\u0131nda, yazar\u0131n dikkat \u00e7ekti\u011fi bir yaz\u0131 ise L\u2019\u0130llustration Dergisi\u2019nin 26 \u015eubat 1921 tarihli say\u0131s\u0131nda, yani zaferden \u00e7ok \u00f6nce, \u201cMustafa Kemal Pa\u015fa\u201d ba\u015fl\u0131\u011f\u0131yla yay\u0131mlanm\u0131\u015f. Me\u00e7hul yazar\u0131 B\u00fcy\u00fck \u00d6nder\u2019i ne g\u00fczel \u00e7\u00f6z\u00fcmlemi\u015f! Hem de kimseden \u00e7ekinmeden yazabilmi\u015f\u2026 Ke\u015fke okunsa da onu anlamak istemeyen, yerli yabanc\u0131, ge\u00e7mi\u015f gelecek t\u00fcm gafillere ibret olsa!<\/p>\n<p>Yaz\u0131dan baz\u0131 b\u00f6l\u00fcmleri sizlerle payla\u015farak kutlamak istiyorum bayram\u0131n\u0131z\u0131:<\/p>\n<p>\u201c\u2026 Mustafa Kemal Pa\u015fa sadece m\u00fcttefiklere de\u011fil, fakat kadere de ba\u015fkald\u0131ran insand\u0131r. \u00dclkesi, baz\u0131 kimselerin hatalar\u0131n\u0131 \u00f6der ve \u00e7\u00f6kerken o, etraf\u0131nda toplananlarla birlikte kaderin a\u011flar\u0131n\u0131 \u00f6rmeye ba\u015flam\u0131\u015ft\u0131r. Kararl\u0131, sert, ama iman etmi\u015f bir insan olan Mustafa Kemal Pa\u015fa d\u00fcnyaya ba\u015fkald\u0131rm\u0131\u015ft\u0131r.<\/p>\n<p>\u0130lk ad\u0131mda terkedilmi\u015f ve d\u00fcnyadan kopar\u0131lm\u0131\u015f bir grup idiler. \u00d6nce bir parti, daha sonra bir kudret oldular. Yenilmi\u015f bir T\u00fcrkiye\u2019nin bile, \u0130zmir\u2019siz, \u0130stanbul\u2019suz, Edirne\u2019siz ve Trakya\u2019s\u0131z olamayaca\u011f\u0131na karar verdiler. Sevr Antla\u015fmas\u0131n\u0131 y\u0131rtmaya bile gerek g\u00f6rmediler. Okumay\u0131 reddettiler. \u015eimdi, isteklerini yerine getirmek i\u00e7in bir orduya sahiptirler. (\u2026) \u0130ki y\u0131l i\u00e7inde al\u0131nan mesafe Mustafa Kemal Pa\u015fa i\u00e7in ger\u00e7ekten gurur vericidir. Bu ba\u011f\u0131ms\u0131zl\u0131k kahraman\u0131 o zaman ancak k\u0131rk ya\u015f\u0131ndad\u0131r.<\/p>\n<p>(\u2026) Mustafa Kemal Pa\u015fa meslekten askerdir. \u0130lk D\u00fcnya Sava\u015f\u0131nda \u00c7anakkale\u2019de \u0130ngilizler kar\u015f\u0131s\u0131nda kazand\u0131\u011f\u0131 b\u00fcy\u00fck zafer anlat\u0131lmaya de\u011fer.<\/p>\n<p>Bu tecr\u00fcbeli general, kelimenin en geni\u015f anlam\u0131yla liderdir. \u0130nsanlar\u0131 idare etmek i\u00e7in do\u011fmu\u015ftur. Ba\u015fka insanlar\u0131n kendisine itaatlerini gerektiren esrarl\u0131 kudret onda mevcuttur. \u0130nat\u00e7\u0131l\u0131\u011f\u0131 karar verme yetene\u011finin, intikal g\u00fcc\u00fc muhakeme g\u00fcc\u00fcn\u00fcn temelidir. Olaylarda psikolojik zaman\u0131 se\u00e7mesini ve davay\u0131 kazanmas\u0131n\u0131 bilir. Onu yoran ve cesaretini k\u0131ran bir \u015fey d\u00fc\u015f\u00fcn\u00fclemez. Kimse onu, kendini vatan\u0131n \u00e7\u0131kar\u0131ndan daha \u00f6nce d\u00fc\u015f\u00fcnm\u00fc\u015f olmakla k\u0131nayamaz. Bug\u00fcn kazanan, Pa\u015fa\u2019n\u0131n vatan\u0131d\u0131r.<\/p>\n<p>(\u2026) \u00d6zel hayat\u0131nda Mustafa Kemal Pa\u015fa ba\u015fka bir renkle g\u00f6ze \u00e7arpar. Astlar\u0131 ile son derece iyi ili\u015fkileri vard\u0131r ve onlar\u0131 s\u0131k\u0131nt\u0131 ve dertlerinden kurtarmak i\u00e7in elinden geleni yapar. Onun i\u00e7in paran\u0131n \u00f6nemi yoktur. Komuta etmedi\u011fi zamanlarda, \u00e7o\u011fu zaman d\u00fc\u015fmanlar\u0131n\u0131n tenkidine yol a\u00e7acak \u015fekilde, \u00e7evresiyle bir aile havas\u0131n\u0131n i\u00e7ine girer. Son derece ileri bir toplum insan\u0131d\u0131r; bazen sabaha kadar uzanan sohbet toplant\u0131lar\u0131n\u0131 bu dostlar\u0131 ile yapar.<\/p>\n<p>Bo\u015f inan\u00e7lara kar\u015f\u0131 \u00e7\u0131k\u0131\u015f\u0131, d\u00fc\u015fmanlar\u0131n\u0131n kendisi aleyhinde, zaman zaman al\u00e7akl\u0131\u011fa kadar varan ithamlar\u0131na yol a\u00e7ar: \u0130\u00e7kiye d\u00fc\u015fk\u00fcnl\u00fc\u011f\u00fc\u2026 \u00c7o\u011fu zaman ne kadar \u00e7etin sorunlarla kar\u015f\u0131la\u015ft\u0131\u011f\u0131 d\u00fc\u015f\u00fcn\u00fcl\u00fcrse makul olmak gerekir. Ama bug\u00fcn son derece d\u00fczenli bir hayat\u0131n insan\u0131d\u0131r. (\u2026) Toplumun sa\u011f\u0131rla\u015fm\u0131\u015f, kat\u0131 ve anlams\u0131z \u00f6nyarg\u0131lar\u0131na kar\u015f\u0131d\u0131r. Onda Musset ve Byron\u2019\u0131n romantizmini g\u00f6rmek m\u00fcmk\u00fcnd\u00fcr.<\/p>\n<p>Bu hafta Londra Konferans\u0131nda haz\u0131r bulunmad\u0131\u011f\u0131 halde varl\u0131\u011f\u0131 hissedilen insan i\u015fte budur. Milletleraras\u0131 politika Mustafa Kemal Pa\u015fa ile m\u00fccadele edebilir, \u00e7\u00fcnk\u00fc bu gen\u00e7 pa\u015fa art\u0131k tarihe girmi\u015ftir\u2026\u201d<\/p>\n","protected":false},"excerpt":{"rendered":"<p>Bug\u00fcn b\u00fcy\u00fck zaferin y\u0131ld\u00f6n\u00fcm\u00fc\u2026 Yabanc\u0131 bas\u0131nda Mustafa Kemal hakk\u0131nda \u00e7ok \u015fey yaz\u0131lm\u0131\u015f zaferden sonra\u2026 \u0130lhan Bardak\u00e7\u0131\u2019n\u0131n \u201cTa\u015fhan\u2019dan Kadifekale\u2019ye\u201d adl\u0131 kitab\u0131nda, yazar\u0131n dikkat \u00e7ekti\u011fi bir yaz\u0131 ise L\u2019\u0130llustration Dergisi\u2019nin 26 \u015eubat 1921 tarihli say\u0131s\u0131nda, yani zaferden \u00e7ok \u00f6nce, \u201cMustafa Kemal Pa\u015fa\u201d ba\u015fl\u0131\u011f\u0131yla yay\u0131mlanm\u0131\u015f. Me\u00e7hul yazar\u0131 B\u00fcy\u00fck \u00d6nder\u2019i ne g\u00fczel \u00e7\u00f6z\u00fcmlemi\u015f! Hem de kimseden \u00e7ekinmeden yazabilmi\u015f\u2026 Ke\u015fke [&hellip;]<\/p>\n","protected":false},"author":1,"featured_media":0,"comment_status":"open","ping_status":"open","sticky":false,"template":"","format":"standard","meta":{"footnotes":""},"categories":[467],"tags":[],"_links":{"self":[{"href":"https:\/\/www.tamayacikel.com\/index.php?rest_route=\/wp\/v2\/posts\/3004"}],"collection":[{"href":"https:\/\/www.tamayacikel.com\/index.php?rest_route=\/wp\/v2\/posts"}],"about":[{"href":"https:\/\/www.tamayacikel.com\/index.php?rest_route=\/wp\/v2\/types\/post"}],"author":[{"embeddable":true,"href":"https:\/\/www.tamayacikel.com\/index.php?rest_route=\/wp\/v2\/users\/1"}],"replies":[{"embeddable":true,"href":"https:\/\/www.tamayacikel.com\/index.php?rest_route=%2Fwp%2Fv2%2Fcomments&post=3004"}],"version-history":[{"count":0,"href":"https:\/\/www.tamayacikel.com\/index.php?rest_route=\/wp\/v2\/posts\/3004\/revisions"}],"wp:attachment":[{"href":"https:\/\/www.tamayacikel.com\/index.php?rest_route=%2Fwp%2Fv2%2Fmedia&parent=3004"}],"wp:term":[{"taxonomy":"category","embeddable":true,"href":"https:\/\/www.tamayacikel.com\/index.php?rest_route=%2Fwp%2Fv2%2Fcategories&post=3004"},{"taxonomy":"post_tag","embeddable":true,"href":"https:\/\/www.tamayacikel.com\/index.php?rest_route=%2Fwp%2Fv2%2Ftags&post=3004"}],"curies":[{"name":"wp","href":"https:\/\/api.w.org\/{rel}","templated":true}]}}