{"id":3008,"date":"2007-10-11T11:19:20","date_gmt":"2007-10-11T11:19:20","guid":{"rendered":"http:\/\/www.tamayacikel.com\/?p=198"},"modified":"2007-10-11T11:19:20","modified_gmt":"2007-10-11T11:19:20","slug":"butun-yollarimiz-gecerdi-gul-bahcelerinden-2","status":"publish","type":"post","link":"https:\/\/www.tamayacikel.com\/?p=3008","title":{"rendered":"\u201cB\u00fct\u00fcn yollar\u0131m\u0131z ge\u00e7erdi g\u00fcl bah\u00e7elerinden\u2026\u201d"},"content":{"rendered":"<p><em> <\/em><\/p>\n<p><em><strong> <\/strong><\/em><strong><em><\/p>\n<p><\/em><\/strong><em><strong> <\/strong><\/em><\/p>\n<p><em> <\/em><\/p>\n<p><em>\u201cAh eski bayramlar, ah!\u201d diyenlerden misiniz? <\/em><\/p>\n<p><em>Ama zaman\u0131n de\u011fi\u015fimine ne kadar direnebilirdik ki? Ula\u015f\u0131m h\u0131zland\u0131, ileti\u015fim hayal edebilece\u011fimizin \u00e7ok \u00f6tesine ge\u00e7ti. Eskiden akl\u0131m\u0131zdan bile ge\u00e7meyen bir\u00e7ok \u015fey, bug\u00fcn vazge\u00e7ilmez oldu bizim i\u00e7in. <\/em><\/p>\n<p><em>Gereksinimler listesi uzad\u0131k\u00e7a uzad\u0131. Beklentilerimiz artt\u0131\u2026 Yeniliklere isteyerek al\u0131\u015ft\u0131k, yava\u015f yava\u015f biriktirdik\u2026 <\/em><\/p>\n<p><em>Sonra da yak\u0131n\u0131r olduk hayat\u0131m\u0131z\u0131 ku\u015fatmalar\u0131ndan.<\/em><\/p>\n<p><em>\u201cEski bayramlar\u201d derken \u00f6zledi\u011fimiz, belki de \u00e7ocuklu\u011fumuz, eski tasas\u0131z g\u00fcnlerimizdir\u2026 Doya doya ya\u015fard\u0131k \u00e7\u00fcnk\u00fc o g\u00fcnleri\u2026 S\u0131k\u0131nt\u0131lar\u0131, yorgunluklar\u0131 b\u00fcy\u00fckler \u00e7eker, ama belli etmezlerdi. Bize de sevindirilmek, \u015f\u0131mart\u0131lmak d\u00fc\u015ferdi.<\/em><\/p>\n<p><em>Hep bir b\u00fcy\u00fcme laf\u0131 dola\u015f\u0131rd\u0131 da ortal\u0131kta, b\u00fcy\u00fcyecekmi\u015fim gibi gelmezdi insana. Sonsuz gibiydi \u00e7ocukluk. O sonsuzluk duygusu kayboldu sonradan. Mutluluklara, ge\u00e7icili\u011fin g\u00f6lgesi mi d\u00fc\u015ft\u00fc ne?.. <\/em><\/p>\n<p><em> ***<\/em><\/p>\n<p><em>\u0130nsan\u0131n i\u00e7ini baymayan \u00f6zlem \u015fiirleri ne g\u00fczel gelir ruhumuza; y\u0131kan\u0131r, ar\u0131n\u0131r\u0131z iki damla g\u00f6zya\u015f\u0131yla\u2026 \u00d6zdemir Asaf\u2019\u0131n \u201cEskiden\u201d adl\u0131 \u015fiiri, \u015fu bayram arifesine pek uygun d\u00fc\u015fecek. Hi\u00e7 eskimeyen, tertemiz \u00e7ocuklu\u011fumuzun o b\u00fcy\u00fcl\u00fc d\u00fcnyas\u0131na g\u00f6t\u00fcrecek\u2026<\/em><\/p>\n<p><em> <\/em><\/p>\n<p><em><strong>ESK\u0130DEN<\/strong><\/em><\/p>\n<p><em><strong> <\/strong><\/em><\/p>\n<p><em><strong>Ne g\u00fczel insanlar vard\u0131 eskiden. <\/strong><\/em><strong><em><br \/>\n<em>\u00c7ocuklu\u011fumuzu kaplam\u0131\u015flard\u0131. <\/em><br \/>\n<em>Bize masal anlat\u0131rlard\u0131 <\/em><br \/>\n<em>Cinlerden, perilerden. <\/em><br \/>\n<em>B\u00fcy\u00fck anneler, b\u00fcy\u00fck babalar vard\u0131. <\/em><br \/>\n<em>O zaman hepsi uzakt\u0131 \u00f6l\u00fcmden. <\/em><br \/>\n<em>Hem sevdirir hem korkuturlard\u0131. <\/em><br \/>\n<em>Ac\u0131 hik\u00e2yeleri bile tatl\u0131 ba\u015flard\u0131. <\/em><br \/>\n<em>Demek bunun i\u00e7in gittiler hik\u00e2yelerden. <\/em><br \/>\n<em>Ne g\u00fczel insanlar vard\u0131 eskiden. <\/em><\/p>\n<p><em>Ne g\u00fczel \u015fark\u0131lar vard\u0131 eskiden. <\/em><br \/>\n<em>Gen\u00e7li\u011fimizi donat\u0131rlard\u0131. <\/em><br \/>\n<em>Hep iyi \u015feyler hat\u0131rlat\u0131rlard\u0131 <\/em><br \/>\n<em>Ge\u00e7ip gitmi\u015f devirlerden. <\/em><br \/>\n<em>Sevgi ve \u00fcmid yarat\u0131rlard\u0131. <\/em><br \/>\n<em>O zaman her \u015fey uzakt\u0131 \u00f6l\u00fcmden. <\/em><br \/>\n<em>Yan\u0131k \u015fark\u0131lar bile ne\u015feli ba\u015flard\u0131. <\/em><br \/>\n<em>\u0130ster istemez saadet ta\u015fard\u0131 <\/em><br \/>\n<em>Gams\u0131z g\u00fcnlerimizden. <\/em><br \/>\n<em>Ne g\u00fczel zamanlar vard\u0131 eskiden. <\/em><\/p>\n<p><em>Ne g\u00fczel \u015fark\u0131lar vard\u0131 eskiden. <\/em><br \/>\n<em>Hay\u00e2l i\u00e7inde ya\u015fat\u0131rlard\u0131. <\/em><br \/>\n<em>G\u00fcld\u00fcr\u00fcr a\u011flat\u0131rlard\u0131 <\/em><br \/>\n<em>Duymadan biz, d\u00fc\u015f\u00fcnmeden. <\/em><br \/>\n<em>Her an bir as\u0131r kadard\u0131. <\/em><br \/>\n<em>O zaman herkes uzakt\u0131 \u00f6l\u00fcmden. <\/em><br \/>\n<em>Candan sevdiklerimiz vard\u0131. <\/em><br \/>\n<em>Hepsi ba\u015fka g\u00fczeldi, bizi tan\u0131mazlard\u0131. <\/em><br \/>\n<em>B\u00fct\u00fcn yollar\u0131m\u0131z ge\u00e7erdi g\u00fcl bah\u00e7elerinden. <\/em><br \/>\n<em>Ne g\u00fczel zamanlar vard\u0131 eskiden.<\/em><\/em><\/strong><\/p>\n<p><em><strong> <\/strong><\/em><\/p>\n<p><em><strong>\u00d6zdemir ASAF<\/strong><\/em><\/p>\n<p><em><strong> <\/strong><\/em><\/p>\n<p><em> <\/em><\/p>\n<p><em>Haydi, 2007\u2019nin \u015feker bayram\u0131n\u0131n tad\u0131n\u0131 \u00e7\u0131karmaya bakal\u0131m! \u00c7\u00fcnk\u00fc otuz sene sonra da bug\u00fcnleri \u00f6zleyece\u011fiz nas\u0131l olsa\u2026 <\/em><\/p>\n<p><em>Bayram\u0131n\u0131z Kutlu Olsun!..<\/em><\/p>\n<p><em>11\/10\/2007<\/em><\/p>\n<p><em>Bizim Sakarya Gazetesi<br \/>\n<\/em><\/p>\n","protected":false},"excerpt":{"rendered":"<p>\u201cAh eski bayramlar, ah!\u201d diyenlerden misiniz? Ama zaman\u0131n de\u011fi\u015fimine ne kadar direnebilirdik ki? Ula\u015f\u0131m h\u0131zland\u0131, ileti\u015fim hayal edebilece\u011fimizin \u00e7ok \u00f6tesine ge\u00e7ti. Eskiden akl\u0131m\u0131zdan bile ge\u00e7meyen bir\u00e7ok \u015fey, bug\u00fcn vazge\u00e7ilmez oldu bizim i\u00e7in. Gereksinimler listesi uzad\u0131k\u00e7a uzad\u0131. Beklentilerimiz artt\u0131\u2026 Yeniliklere isteyerek al\u0131\u015ft\u0131k, yava\u015f yava\u015f biriktirdik\u2026 Sonra da yak\u0131n\u0131r olduk hayat\u0131m\u0131z\u0131 ku\u015fatmalar\u0131ndan. \u201cEski bayramlar\u201d derken \u00f6zledi\u011fimiz, belki [&hellip;]<\/p>\n","protected":false},"author":1,"featured_media":0,"comment_status":"open","ping_status":"open","sticky":false,"template":"","format":"standard","meta":{"footnotes":""},"categories":[467],"tags":[],"_links":{"self":[{"href":"https:\/\/www.tamayacikel.com\/index.php?rest_route=\/wp\/v2\/posts\/3008"}],"collection":[{"href":"https:\/\/www.tamayacikel.com\/index.php?rest_route=\/wp\/v2\/posts"}],"about":[{"href":"https:\/\/www.tamayacikel.com\/index.php?rest_route=\/wp\/v2\/types\/post"}],"author":[{"embeddable":true,"href":"https:\/\/www.tamayacikel.com\/index.php?rest_route=\/wp\/v2\/users\/1"}],"replies":[{"embeddable":true,"href":"https:\/\/www.tamayacikel.com\/index.php?rest_route=%2Fwp%2Fv2%2Fcomments&post=3008"}],"version-history":[{"count":0,"href":"https:\/\/www.tamayacikel.com\/index.php?rest_route=\/wp\/v2\/posts\/3008\/revisions"}],"wp:attachment":[{"href":"https:\/\/www.tamayacikel.com\/index.php?rest_route=%2Fwp%2Fv2%2Fmedia&parent=3008"}],"wp:term":[{"taxonomy":"category","embeddable":true,"href":"https:\/\/www.tamayacikel.com\/index.php?rest_route=%2Fwp%2Fv2%2Fcategories&post=3008"},{"taxonomy":"post_tag","embeddable":true,"href":"https:\/\/www.tamayacikel.com\/index.php?rest_route=%2Fwp%2Fv2%2Ftags&post=3008"}],"curies":[{"name":"wp","href":"https:\/\/api.w.org\/{rel}","templated":true}]}}