{"id":3009,"date":"2007-10-18T11:21:29","date_gmt":"2007-10-18T11:21:29","guid":{"rendered":"http:\/\/www.tamayacikel.com\/?p=200"},"modified":"2007-10-18T11:21:29","modified_gmt":"2007-10-18T11:21:29","slug":"bin-pinarli-ida-2","status":"publish","type":"post","link":"https:\/\/www.tamayacikel.com\/?p=3009","title":{"rendered":"\u201cBin P\u0131narl\u0131 \u0130da\u201d"},"content":{"rendered":"<p><em> <\/em><\/p>\n<p><strong><br \/>\n<\/strong><\/p>\n<p><em> <\/em><\/p>\n<p><em>\u201cDo\u011fa, sanki ba\u015f\u0131na gelecekleri biliyormu\u015f gibi en g\u00fczel \u00f6rneklerini, sevgisiz insanlardan koruyabilmek i\u00e7in, uzaklara, ula\u015f\u0131lmas\u0131 g\u00fc\u00e7 da\u011flara gizledi. Denizi ile da\u011flar\u0131n\u0131n aras\u0131na, sevgisiz insanlar girmesinler, rahat\u00e7a dola\u015famas\u0131nlar diye, a\u015f\u0131lmas\u0131 g\u00fc\u00e7 u\u00e7urumlar yapt\u0131. Orada, ormanlar\u0131n s\u0131k ge\u00e7itsiz dokusu i\u00e7inde \u00e7i\u00e7ekler, kopar\u0131lmayacaklar\u0131n\u0131 bildiklerinden olmal\u0131, \u00f6zg\u00fcrce ama sanki yar\u0131\u015f\u0131rcas\u0131na a\u00e7t\u0131lar. En g\u00fczel renkler orada olu\u015ftu. A\u011fa\u00e7lar iri yapraklar\u0131n\u0131 aralayarak onlara G\u00fcne\u015f\u2019i sundular. G\u00f6vdelerinde yuvalans\u0131nlar diye en g\u00fczel ku\u015flar\u0131 \u00e7a\u011f\u0131r\u0131p onlar\u0131 korudular. Ya\u011fmur, orman\u0131 ve \u00e7i\u00e7ekleri s\u0131k s\u0131k y\u0131kad\u0131. Onlar\u0131n \u00fczerine konabilecek en k\u00fc\u00e7\u00fck bir toz par\u00e7as\u0131na bile izin vermedi\u2026\u201d<\/em><\/p>\n<p>Tu\u011frul \u00c7akar\u2019\u0131n b\u00f6yle ba\u015flayan \u00f6yk\u00fcs\u00fc, bu da\u011flarda ya\u015famay\u0131 se\u00e7en insanlar\u0131n do\u011fayla dostlu\u011funu, bu dostlu\u011fun g\u00fczelli\u011fini anlatarak s\u00fcrer. Ama sevgisiz insanlar, bir yerlerde h\u00e2l\u00e2 \u00f6ld\u00fcremedikleri bir do\u011fa par\u00e7as\u0131n\u0131n varl\u0131\u011f\u0131n\u0131 haber al\u0131rlar\u2026 Sonras\u0131 hep bildi\u011fimiz \u015fey: Do\u011fay\u0131 \u00e7ok severler g\u00fcya; ama ona ayk\u0131r\u0131 ne varsa ba\u011fr\u0131na ta\u015f\u0131r, sonunu getirir ve ba\u015fka bir yer aramaya ba\u015flarlar h\u0131zla.<\/p>\n<p>B\u00f6yle bitmiyor mu hep?<\/p>\n<p>***<\/p>\n<p>Do\u011fa asl\u0131nda, t\u00fcm canl\u0131lar\u0131yla uyum i\u00e7inde ya\u015famaktayd\u0131. Hesaps\u0131z, kendili\u011finden\u2026 G\u00fczelli\u011fi de buradayd\u0131.<\/p>\n<p>Ama g\u00fcn\u00fcn birinde, o bir hesap yapt\u0131: Belki biraz da s\u0131n\u0131rlar\u0131 zorlamak i\u00e7in, ama deneye deneye insan\u0131 yaratt\u0131; geli\u015fmeye a\u00e7\u0131k bir ak\u0131l ba\u011f\u0131\u015flayarak se\u00e7me \u00f6zg\u00fcrl\u00fc\u011f\u00fc verdi, di\u011fer canl\u0131lardan farkl\u0131 k\u0131ld\u0131 onu\u2026<\/p>\n<p>Hesapta, \u00f6lece\u011fini bilen tek canl\u0131 olmakla, do\u011faya s\u0131k\u0131 s\u0131k\u0131ya sar\u0131lacakt\u0131 insan. Ondan ald\u0131\u011f\u0131n\u0131 hep yerine koyacakt\u0131. Bu al\u0131\u015fveri\u015fin g\u00fczelli\u011fini fark etmenin ayr\u0131cal\u0131\u011f\u0131n\u0131 ya\u015fayacakt\u0131.<\/p>\n<p>Buna kar\u015f\u0131l\u0131k do\u011fa da onun k\u00fc\u00e7\u00fck ta\u015fk\u0131nl\u0131klar\u0131na ses \u00e7\u0131karmayacakt\u0131; verdi\u011fi zarardan d\u00f6nmesine f\u0131rsat tan\u0131yacak, hemen cezaland\u0131rmayacakt\u0131. Sadece arada bir, o da e\u011fer \u00e7ok az\u0131t\u0131rsa\u2026<\/p>\n<p>\u00c7a\u011flar boyunca, akl\u0131 sayesinde hep ilerleyen insan, bug\u00fcn bilgi \u00e7a\u011f\u0131na ula\u015ft\u0131. Ama bir sorun var ki onu h\u00e2l\u00e2 \u00e7\u00f6zemiyor: Kurnazla ak\u0131ll\u0131 kar\u015f\u0131 kar\u015f\u0131ya gelince, kurnaz kazan\u0131yor! Neden? Galiba, kurnaz her k\u0131l\u0131\u011fa girebiliyor da ondan! \u0130nsanlar\u0131 kurnaz\u0131n pe\u015fine tak\u0131lmaktan vazge\u00e7irecek, silkeleyebilecek ayd\u0131nlar, \u00f6nderler gerek.<\/p>\n<p>\u015eimdi \u00fclkemize d\u00f6nelim\u2026 \u0130\u015fte, yeni bir \u00e7evre felaketi tehlikesiyle kar\u015f\u0131 kar\u015f\u0131yay\u0131z: Kaz Da\u011flar\u0131\u2019nda siyan\u00fcrle alt\u0131n \u00e7\u0131karma projesi!<\/p>\n<p>\u00c7anakkale \u00c7evre Platformu eylem haz\u0131rl\u0131klar\u0131na ba\u015flam\u0131\u015f\u2026 Pankartlar as\u0131lm\u0131\u015f:<\/p>\n<p><strong><em>&#8216;Kaz Da\u011f\u0131&#8217;n\u0131n alt\u0131n\u0131 zeytindir, alt\u0131n\u0131 oyma!&#8217;, <\/em><\/strong><\/p>\n<p><strong><em>&#8216;Kaz Da\u011flar\u0131&#8217;nda hayat alt\u0131ndan de\u011ferlidir.&#8217;<\/em><\/strong><\/p>\n<p>Sevgisiz insanlar i\u00e7in ne ifade eder bunlar?<em> <\/em>TEC COMINCO, T\u00dcPRAG, Stratex, Fronteer, Ariana Global Madencilik A.\u015e, Kanada\u2019l\u0131 AMDL (Anadolu Madenlerini Geli\u015ftirme Limited), Mediterranean Resources, Valhalla Resources, Silvermet Inc., Aldridge Minerals, Eldoradogold\u2026<em> <\/em>Anl\u0131 \u015fanl\u0131 uluslararas\u0131 \u015firketler; a\u011fa\u00e7lar\u0131 kesip yol a\u00e7\u0131yor, cenneti delik de\u015fik ediyorlar.<\/p>\n<p>\u0130zinli olarak sondaj yap\u0131yorlarm\u0131\u015f\u2026 \u00c7evreye zarar vermiyorlarm\u0131\u015f\u2026 T\u00fcrkiye\u2019nin zenginliklerini ekonomiye kazand\u0131rmaya \u00e7al\u0131\u015f\u0131yorlarm\u0131\u015f\u2026<\/p>\n<p>Kuzu gibi g\u00f6steriyorlar kendilerini, ama fena halde buland\u0131r\u0131yorlar suyumuzu:<\/p>\n<p>250 ton alt\u0131n i\u00e7in, d\u00fcnyada sadece Kaz Da\u011flar\u0131\u2019nda bulunan 47 \u00e7e\u015fit bitki t\u00fcr\u00fc yan\u0131nda t\u00fcm bitki \u00f6rt\u00fcs\u00fcn\u00fc feda edecekler. Alt\u0131n, bu zalim tercihi yapanlar\u0131n elinde, bitecek eninde sonunda. Ama kaybolan t\u00fcrler siyan\u00fcr\u00fcn bula\u015ft\u0131\u011f\u0131 bu topraklarda bir daha asla bitmeyecek. Havas\u0131, suyu da zehirlenip bozulacak; y\u00f6rede binlerce insan\u0131n ge\u00e7imini sa\u011flayan verimli topraklar\u0131, sa\u011fl\u0131kl\u0131 besinler sunmayacak art\u0131k.<\/p>\n<p>Siz! \u0130\u015fte b\u00f6yle korkun\u00e7 bir felaketi haz\u0131rlayanlars\u0131n\u0131z\u2026<\/p>\n<p>Siz! Do\u011fa\u2019n\u0131n biraz u\u00e7uk, biraz devrimci, ama masum tasar\u0131m\u0131, \u201c\u0130nsan\u201d olamazs\u0131n\u0131z!<\/p>\n<p>***<\/p>\n<p>Enerji Bakan\u0131 Hilmi G\u00fcler 27 Ekim\u2019de \u00c7anakkale\u2019ye gidecek\u2026 \u201cKazda\u011flar\u0131\u2019nda Madencilik, Turizm ve \u00c7evre\u201d konulu bir panele kat\u0131lacak.<\/p>\n<p>Alt\u0131n Madeni! Kula\u011fa ho\u015f geliyor, de\u011fil mi say\u0131n bakan?<\/p>\n<p>Ama alt\u0131nda alt\u0131n bar\u0131nd\u0131ran da\u011f\u0131n \u00f6b\u00fcr ad\u0131 \u201c\u0130da\u201dd\u0131r; \u201cBin P\u0131narl\u0131 \u0130da\u201d diye ge\u00e7er \u0130lyada Destan\u0131\u2019nda\u2026<\/p>\n<p>Efsaneler da\u011f\u0131\u2026<\/p>\n<p>D\u00fcnya\u2019n\u0131n Alpler\u2019den sonra en \u00e7ok oksijen \u00fcreten da\u011f\u0131\u2026<\/p>\n<p>\u201cArt\u0131k ok yaydan \u00e7\u0131kt\u0131!\u201d deyip <strong>i\u015fletme ruhsat\u0131<\/strong> verirseniz, tarihimizin en b\u00fcy\u00fck \u00e7evre eylemiyle kar\u015f\u0131n\u0131za dikilecek; alt\u0131n\u0131 unutturacak size \u201c\u0130da\u201d!<\/p>\n<p>Siyan\u00fcrl\u00fc alt\u0131n\u0131n yol a\u00e7aca\u011f\u0131 \u00e7evre felaketini bile bile, i\u015fi oldubittiye getiremeyeceksiniz bu sefer\u2026<\/p>\n<p><em>18\/10\/2007<\/em><\/p>\n<p><em>Bizim Sakarya Gazetesi<\/em><\/p>\n<p><em><br \/>\n<\/em><\/p>\n","protected":false},"excerpt":{"rendered":"<p>\u201cDo\u011fa, sanki ba\u015f\u0131na gelecekleri biliyormu\u015f gibi en g\u00fczel \u00f6rneklerini, sevgisiz insanlardan koruyabilmek i\u00e7in, uzaklara, ula\u015f\u0131lmas\u0131 g\u00fc\u00e7 da\u011flara gizledi. Denizi ile da\u011flar\u0131n\u0131n aras\u0131na, sevgisiz insanlar girmesinler, rahat\u00e7a dola\u015famas\u0131nlar diye, a\u015f\u0131lmas\u0131 g\u00fc\u00e7 u\u00e7urumlar yapt\u0131. Orada, ormanlar\u0131n s\u0131k ge\u00e7itsiz dokusu i\u00e7inde \u00e7i\u00e7ekler, kopar\u0131lmayacaklar\u0131n\u0131 bildiklerinden olmal\u0131, \u00f6zg\u00fcrce ama sanki yar\u0131\u015f\u0131rcas\u0131na a\u00e7t\u0131lar. En g\u00fczel renkler orada olu\u015ftu. A\u011fa\u00e7lar iri yapraklar\u0131n\u0131 [&hellip;]<\/p>\n","protected":false},"author":1,"featured_media":0,"comment_status":"open","ping_status":"open","sticky":false,"template":"","format":"standard","meta":{"footnotes":""},"categories":[467],"tags":[],"_links":{"self":[{"href":"https:\/\/www.tamayacikel.com\/index.php?rest_route=\/wp\/v2\/posts\/3009"}],"collection":[{"href":"https:\/\/www.tamayacikel.com\/index.php?rest_route=\/wp\/v2\/posts"}],"about":[{"href":"https:\/\/www.tamayacikel.com\/index.php?rest_route=\/wp\/v2\/types\/post"}],"author":[{"embeddable":true,"href":"https:\/\/www.tamayacikel.com\/index.php?rest_route=\/wp\/v2\/users\/1"}],"replies":[{"embeddable":true,"href":"https:\/\/www.tamayacikel.com\/index.php?rest_route=%2Fwp%2Fv2%2Fcomments&post=3009"}],"version-history":[{"count":0,"href":"https:\/\/www.tamayacikel.com\/index.php?rest_route=\/wp\/v2\/posts\/3009\/revisions"}],"wp:attachment":[{"href":"https:\/\/www.tamayacikel.com\/index.php?rest_route=%2Fwp%2Fv2%2Fmedia&parent=3009"}],"wp:term":[{"taxonomy":"category","embeddable":true,"href":"https:\/\/www.tamayacikel.com\/index.php?rest_route=%2Fwp%2Fv2%2Fcategories&post=3009"},{"taxonomy":"post_tag","embeddable":true,"href":"https:\/\/www.tamayacikel.com\/index.php?rest_route=%2Fwp%2Fv2%2Ftags&post=3009"}],"curies":[{"name":"wp","href":"https:\/\/api.w.org\/{rel}","templated":true}]}}