{"id":3010,"date":"2007-11-08T11:29:56","date_gmt":"2007-11-08T11:29:56","guid":{"rendered":"http:\/\/www.tamayacikel.com\/?p=208"},"modified":"2014-12-13T22:37:17","modified_gmt":"2014-12-13T20:37:17","slug":"ogretmen-benisa-2","status":"publish","type":"post","link":"https:\/\/www.tamayacikel.com\/?p=3010","title":{"rendered":"\u00d6\u011fretmen Benisa"},"content":{"rendered":"<div id=\"attachment_4242\" style=\"width: 310px\" class=\"wp-caption aligncenter\"><a href=\"http:\/\/tamayacikel.com\/wp-content\/uploads\/2007\/11\/DSC_1978_1.jpg\"><img aria-describedby=\"caption-attachment-4242\" decoding=\"async\" class=\"size-full wp-image-4242\" src=\"http:\/\/tamayacikel.com\/wp-content\/uploads\/2007\/11\/DSC_1978_1.jpg\" alt=\"Huriye Sara\u00e7\" width=\"300\" height=\"448\" srcset=\"https:\/\/www.tamayacikel.com\/wp-content\/uploads\/2007\/11\/DSC_1978_1.jpg 300w, https:\/\/www.tamayacikel.com\/wp-content\/uploads\/2007\/11\/DSC_1978_1-200x300.jpg 200w\" sizes=\"(max-width: 300px) 100vw, 300px\" \/><\/a><p id=\"caption-attachment-4242\" class=\"wp-caption-text\">Huriye Sara\u00e7<\/p><\/div>\n<p>Sevgili <strong>Bayram \u0130nce<\/strong>, T\u00fcrkiye\u2019nin \u00e7e\u015fitli b\u00f6lgelerinden, \u015fiir g\u00fcnleri, edebiyat g\u00fcnleri gibi etkinliklere \u00e7a\u011f\u0131r\u0131l\u0131r; <strong>Kadriye Han\u0131m<\/strong>\u2019la birlikte yeti\u015fmeye \u00e7al\u0131\u015f\u0131rlar. Yeni dostlar edinirler bu \u00e7evrelerde.<\/p>\n<p>Ge\u00e7enlerde bana iki ciltlik bir roman getirdi. Dramatik bir \u00f6zya\u015fam\u00f6yk\u00fcs\u00fc\u2026 Kitab\u0131 elimden b\u0131rakamayaca\u011f\u0131m\u0131; yazar\u0131 <strong>Huriye Sara\u00e7<\/strong>\u2019\u0131n yak\u0131nda Adapazar\u0131\u2019na gelece\u011fini ve beni onunla tan\u0131\u015ft\u0131rmak istedi\u011fini s\u00f6yledi. Kadriye Han\u0131m da hararetle destekledi. Bayram \u0130nce g\u00fczel olmayan bir \u015feye g\u00fczel demez, biliyorum. Sevinerek ald\u0131m.<\/p>\n<p>Toplam sekiz y\u00fcz sayfaya yak\u0131n, iki cilt\u2026 Ad\u0131: <strong>\u00d6\u011fretmen Benisa<\/strong>. \u0130kinci cilde ge\u00e7emedim hen\u00fcz. \u00c7abuk \u00e7abuk okuyup bitirmek istemiyorum. G\u00fczel T\u00fcrk\u00e7esini i\u00e7ime sindirmeli, d\u00f6n\u00fcp d\u00f6n\u00fcp okumal\u0131y\u0131m bulmu\u015fken. Tad\u0131na varmal\u0131y\u0131m bu yal\u0131n ve i\u00e7ten anlat\u0131m\u0131n\u2026<\/p>\n<p><em>\u201c1940\u2019l\u0131 y\u0131llar\u0131n karanl\u0131\u011f\u0131ndan <strong>K\u00f6y Enstit\u00fcleri<\/strong>\u2019nin ayd\u0131nl\u0131\u011f\u0131na \u00e7\u0131kmak\u2026\u201d<\/em><\/p>\n<p><strong>Afyon-\u00c7ifteler K\u00f6y Enstit\u00fcs\u00fc<\/strong>\u2026 Baba, ilerici, devrimci, \u00f6rnek bir insan gibi davran\u0131yor e\u011fitim konusunda; ele\u015ftirilere, bask\u0131lara kulak asm\u0131yor, inatla g\u00f6\u011f\u00fcsl\u00fcyor hepsini. Ac\u0131mas\u0131zca y\u00fckleniyorlar, k\u0131z\u0131n\u0131 oraya g\u00f6nderdi diye. Oysa k\u00f6y\u00fcnde s\u00f6z\u00fc ge\u00e7en, sayg\u0131 g\u00f6ren, \u00e7al\u0131\u015fkan bir adam. \u00c7ocuklar\u0131n\u0131 sevindirmesini de biliyor; onlar\u0131 sevgiye, \u00f6vg\u00fcye bo\u011fuyor yeri geldi\u011finde. Hem de \u00f6yle u\u00e7uk bir adam ki Huriye\u2019ye<strong> \u201cBenisa\u201d<\/strong> diyor. Uydurma bir ad bu; askerdeyken be\u011fendi\u011fi \u00fc\u00e7 k\u0131z\u0131n adlar\u0131n\u0131n ilk hecelerinden olu\u015fan. Gelgelelim, a\u00e7\u0131klanamayacak bir bi\u00e7imde, \u00e7ocuklar\u0131na eziyet eden o kad\u0131na, \u00fcvey anaya inan\u0131yor ve onun hakk\u0131nda s\u00f6ylenen hi\u00e7bir \u015feye de inanm\u0131yor. Onun taraf\u0131ndan k\u0131\u015fk\u0131rt\u0131ld\u0131\u011f\u0131nda, kendi \u00e7ocuklar\u0131na kar\u015f\u0131 ondan daha zalim olabiliyor. Yani, ayar\u0131 bozuk bir adam.<\/p>\n<p>Kad\u0131n\u0131n zoru, \u00e7ocuklar\u0131n terbiyesi falan de\u011fil asla\u2026 <em>Kat\u0131, ba\u011f\u0131rtlak suratl\u0131 kad\u0131n<\/em>, k\u00f6t\u00fcl\u00fckten b\u00fcy\u00fck bir haz al\u0131yor. Sevgiden yoksun bir yarat\u0131k\u2026 <em>\u201cBir sevince ortak bile olam\u0131yordu. \u00d6ylesine k\u0131ra\u00e7t\u0131.\u201d<\/em> diyor Benisa.<\/p>\n<p>Uzak bir k\u00f6ye atan\u0131yor. Onun ilk \u00f6\u011fretmenli\u011fi\u2026 K\u00f6y\u00fcn ilk \u00f6\u011fretmeni\u2026 Kad\u0131n \u00f6\u011fretmen istemi\u015f muhtar. \u0130lerici g\u00fcya\u2026 ama kendisi k\u0131zlar\u0131n\u0131 okula g\u00f6ndermiyor. Di\u011fer ana babalar da ona bak\u0131p g\u00f6ndermiyorlar k\u0131zlar\u0131n\u0131. Benisa\u2019n\u0131n o ilk y\u0131l tek bir k\u0131z \u00f6\u011frencisi oluyor sadece.<\/p>\n<p>Babas\u0131, iki erkek karde\u015fiyle birlikte lojmana yerle\u015ftiriyor onu. Bir s\u00fcr\u00fc yasaklarla donat\u0131p gidiyor. \u00d6\u011fretmen maa\u015f\u0131n\u0131 da babas\u0131 al\u0131yor.<\/p>\n<p>\u00d6ylesine ezik ki babas\u0131n\u0131n ve \u00fcvey annenin kar\u015f\u0131s\u0131nda\u2026 Ablas\u0131 ve erkek karde\u015fleri de \u00f6yle.<\/p>\n<p>\u201c<em>Anam\u0131n hat\u0131rlayamad\u0131\u011f\u0131m \u00f6l\u00fcm\u00fcyle daha o g\u00fcnlerde b\u00fck\u00fclm\u00fc\u015ft\u00fc boynumuz, bir daha da do\u011frulamam\u0131\u015ft\u0131.\u201d<\/em> diyor, ama\u2026<\/p>\n<p>Yine de bu kadar\u0131n\u0131 anlayam\u0131yor insan. <em>Tamam, art\u0131k ba\u015fkald\u0131racak, <\/em>diyorsunuz, ama hay\u0131r, bak\u0131yorsunuz bir sopa daha; bir a\u015fa\u011f\u0131lanma, bir ak\u0131llara s\u0131\u011fmaz haks\u0131zl\u0131k daha\u2026 \u00d6\u011fretmen olduktan sonra da boyun e\u011fi\u015f s\u00fcr\u00fcyor. \u00d6ylesine donan\u0131m kazand\u0131ran bir e\u011fitimden sonra farkl\u0131 olur gibi geliyor insana. \u00d6rne\u011fin, bir yaz tatilinde, y\u00fcr\u00fcmesi geciken k\u00fc\u00e7\u00fck karde\u015fi i\u00e7in y\u00fcr\u00fcte\u00e7 yapt\u0131racak \u00f6teki karde\u015fine\u2026 Tarif ederek, \u00f6l\u00e7\u00fcp bi\u00e7erek\u2026 \u00d6\u011frencilerinin okul \u00f6nl\u00fcklerini o dikecek\u2026 Okul bah\u00e7esine \u00e7i\u00e7ek ekecekler, a\u011fa\u00e7 dikecekler birlikte; \u00f6\u011frenerek, e\u011flenerek. <em>\u201cHer \u015feyimizi d\u00fc\u015f\u00fcne d\u00fc\u015f\u00fcne, a\u011f\u0131r a\u011f\u0131r, \u00f6z\u00fcmseyerek yapaca\u011f\u0131z. Nas\u0131l yapaca\u011f\u0131m\u0131z\u0131 \u00e7ok iyi d\u00fc\u015f\u00fcnece\u011fiz. Yapaca\u011f\u0131m\u0131z i\u015f ilkin kafam\u0131zdan, sonra elimizden \u00e7\u0131kmal\u0131\u2026\u201d<\/em> diyecek\u2026 En g\u00fczel \u00e7evirileriyle D\u00fcnya Klasiklerini \u00e7ocuk ya\u015fta okuyup tart\u0131\u015fm\u0131\u015f, ayd\u0131nlanm\u0131\u015f beyniyle \u00f6zg\u00fcven a\u015f\u0131layacak onlara\u2026 Ama kendisi, babas\u0131n\u0131n tutars\u0131zl\u0131klar\u0131na bir kez olsun ses \u00e7\u0131karamayacak. O insan bozuntusu kad\u0131n taraf\u0131ndan hor g\u00f6r\u00fclmeye raz\u0131 olacak. Buna ra\u011fmen dayak yiyecek, kal\u0131c\u0131 izler ta\u015f\u0131yacak hem g\u00f6vdesinde hem de ruhunda.<\/p>\n<p>Olur mu can\u0131m, diyorum\u2026<\/p>\n<p>Yaln\u0131z de\u011filmi\u015fim me\u011fer; kitab\u0131n\u0131 okuyup onu bu konuda ele\u015ftiren ba\u015fkalar\u0131 da varm\u0131\u015f. <em>Bu e\u011fitimden ge\u00e7mi\u015f bir \u00f6\u011fretmenin bu denli katlanmac\u0131 ve ki\u015filiksiz davranm\u0131\u015f olmas\u0131na <\/em>inanamam\u0131\u015flar. Onlara da hak verdi\u011fini s\u00f6yl\u00fcyor bir s\u00f6yle\u015fide. Kitab\u0131nda da demiyor muydu zaten: <em>\u201cTutuklu gibiydim. Hangi okulda \u00f6\u011fretmenlik yapaca\u011f\u0131ma bile onlar karar veriyordu. Ben bir \u015fey yapam\u0131yordum. S\u00f6z hakk\u0131m yoktu. Bir mald\u0131m, oradan oraya s\u00fcr\u00fckleniyordum. Kimliksizdim.\u201d <\/em><\/p>\n<p>Sorguluyoruz ezikli\u011fini\u2026 Ne hakla?<\/p>\n<p>\u00c7ocukken okumad\u0131k m\u0131 biz de K\u00fclkedisi\u2019ni? K\u0131zmad\u0131k m\u0131 hep, ta\u015f y\u00fcrekli \u00fcvey anne ve \u00fcvey ablalara? Nice ibret verici \u00f6yk\u00fcler okumad\u0131k m\u0131 ba\u015fka? Zaman zaman u\u011framad\u0131k m\u0131 haks\u0131zl\u0131klara? Belki kar\u015f\u0131 koyduk belki boyun e\u011fdik bizler de.<\/p>\n<p>Sonra ne oldu? O kadar y\u00fcrekliymi\u015fiz, katlanmac\u0131 de\u011filmi\u015fiz de ba\u015fta K\u00f6y Enstit\u00fcleri olmak \u00fczere, Cumhuriyetimizin b\u00fct\u00fcn kazan\u0131mlar\u0131n\u0131, antlar\u0131 i\u00e7e i\u00e7e yerle bir edenlere oy vermedik mi ulus\u00e7a? Yahut vermedik; verenleri k\u0131nad\u0131k da ne oldu?<\/p>\n<p>D\u00fcnya kamuoyu \u00f6n\u00fcnde ulusal onurumuzu \u00e7i\u011fnetenlere, daha do\u011fmam\u0131\u015f yavrular\u0131 bor\u00e7lu k\u0131lanlara, b\u00f6l\u00fcc\u00fclere, bizi <em>k\u00f6r k\u00f6r parma\u011f\u0131m g\u00f6z\u00fcne<\/em> kand\u0131ranlara, g\u00fczel dilimizi yozla\u015ft\u0131ranlara, y\u00fcce de\u011ferlerimize baya\u011f\u0131l\u0131k bula\u015ft\u0131ranlara, dinimizi kullananlara\u2026 g\u00f6z yummad\u0131k m\u0131?<\/p>\n<p>Yahut yeterince kar\u015f\u0131 durabildik mi bunlar i\u00e7in sava\u015fanlar\u0131n hapislerde, yoksunluklar i\u00e7inde, insanl\u0131k onurlar\u0131 ayaklar alt\u0131na al\u0131narak s\u00fcr\u00fcnd\u00fcr\u00fclmelerine\u2026 Hesap sorduk mu yahut s\u00fcrd\u00fcrd\u00fck m\u00fc hesap sormay\u0131?<\/p>\n<p>Koruyabildik mi hakk\u0131m\u0131z\u0131, hukukumuzu vatanda\u015f olarak?<\/p>\n<p>Ki\u015fili\u011finin bu zay\u0131f y\u00f6n\u00fcn\u00fc a\u00e7\u0131k y\u00fcreklilikle ifade etmekten \u00e7ekinmeyen bu Cumhuriyet kad\u0131n\u0131n\u0131n, \u00f6\u011fretmen Benisa\u2019n\u0131n \u00f6n\u00fcnde sayg\u0131yla e\u011filiyorum. Ondan cesaret alarak itiraf ediyorum ben de; evet! Hi\u00e7bir zaman \u00e7ok rahat etmesem de gerekti\u011fi kadar rahats\u0131z etmedim kendimi\u2026 Cesaret buymu\u015f, oysa\u2026<\/p>\n<p>Bug\u00fcn \u00f6\u011fretmen Benisa\u2019yla tan\u0131\u015faca\u011f\u0131m; devam\u0131 haftaya\u2026 Te\u015fekk\u00fcrler Bayram Amca!<\/p>\n<p><em> 08\/11\/2007<\/em><\/p>\n<p><em>Bizim Sakarya Gazetesi<br \/>\n<\/em><\/p>\n","protected":false},"excerpt":{"rendered":"<p>Sevgili Bayram \u0130nce, T\u00fcrkiye\u2019nin \u00e7e\u015fitli b\u00f6lgelerinden, \u015fiir g\u00fcnleri, edebiyat g\u00fcnleri gibi etkinliklere \u00e7a\u011f\u0131r\u0131l\u0131r; Kadriye Han\u0131m\u2019la birlikte yeti\u015fmeye \u00e7al\u0131\u015f\u0131rlar. Yeni dostlar edinirler bu \u00e7evrelerde. Ge\u00e7enlerde bana iki ciltlik bir roman getirdi. Dramatik bir \u00f6zya\u015fam\u00f6yk\u00fcs\u00fc\u2026 Kitab\u0131 elimden b\u0131rakamayaca\u011f\u0131m\u0131; yazar\u0131 Huriye Sara\u00e7\u2019\u0131n yak\u0131nda Adapazar\u0131\u2019na gelece\u011fini ve beni onunla tan\u0131\u015ft\u0131rmak istedi\u011fini s\u00f6yledi. Kadriye Han\u0131m da hararetle destekledi. Bayram \u0130nce [&hellip;]<\/p>\n","protected":false},"author":1,"featured_media":0,"comment_status":"open","ping_status":"open","sticky":false,"template":"","format":"standard","meta":{"footnotes":""},"categories":[467],"tags":[],"_links":{"self":[{"href":"https:\/\/www.tamayacikel.com\/index.php?rest_route=\/wp\/v2\/posts\/3010"}],"collection":[{"href":"https:\/\/www.tamayacikel.com\/index.php?rest_route=\/wp\/v2\/posts"}],"about":[{"href":"https:\/\/www.tamayacikel.com\/index.php?rest_route=\/wp\/v2\/types\/post"}],"author":[{"embeddable":true,"href":"https:\/\/www.tamayacikel.com\/index.php?rest_route=\/wp\/v2\/users\/1"}],"replies":[{"embeddable":true,"href":"https:\/\/www.tamayacikel.com\/index.php?rest_route=%2Fwp%2Fv2%2Fcomments&post=3010"}],"version-history":[{"count":2,"href":"https:\/\/www.tamayacikel.com\/index.php?rest_route=\/wp\/v2\/posts\/3010\/revisions"}],"predecessor-version":[{"id":4244,"href":"https:\/\/www.tamayacikel.com\/index.php?rest_route=\/wp\/v2\/posts\/3010\/revisions\/4244"}],"wp:attachment":[{"href":"https:\/\/www.tamayacikel.com\/index.php?rest_route=%2Fwp%2Fv2%2Fmedia&parent=3010"}],"wp:term":[{"taxonomy":"category","embeddable":true,"href":"https:\/\/www.tamayacikel.com\/index.php?rest_route=%2Fwp%2Fv2%2Fcategories&post=3010"},{"taxonomy":"post_tag","embeddable":true,"href":"https:\/\/www.tamayacikel.com\/index.php?rest_route=%2Fwp%2Fv2%2Ftags&post=3010"}],"curies":[{"name":"wp","href":"https:\/\/api.w.org\/{rel}","templated":true}]}}