{"id":3045,"date":"2008-09-25T14:34:23","date_gmt":"2008-09-25T14:34:23","guid":{"rendered":"http:\/\/www.tamayacikel.com\/?p=284"},"modified":"2008-09-25T14:34:23","modified_gmt":"2008-09-25T14:34:23","slug":"koprivnicanin-basarisi-2","status":"publish","type":"post","link":"https:\/\/www.tamayacikel.com\/?p=3045","title":{"rendered":"KOPR\u0130VN\u0130CA\u2019n\u0131n Ba\u015far\u0131s\u0131"},"content":{"rendered":"<p><strong><br \/>\n<\/strong><strong><\/strong><\/p>\n<p>D\u00fcnya Otomobilsiz \u015eehir hareketi 1998 y\u0131l\u0131n\u0131n 22 Eyl\u00fcl&#8217;\u00fcnde Fransa&#8217;da ortaya \u00e7\u0131kt\u0131. \u0130ki y\u0131l sonra, Avrupa Komisyonu taraf\u0131ndan ortak bir etkinlik g\u00fcn\u00fc olarak kabul edildi. Ayn\u0131 y\u0131l komisyon, program\u0131 geli\u015ftirerek 22 Eyl\u00fcl&#8217;\u00fc i\u00e7ine alan haftay\u0131 Avrupa Hareketlilik Haftas\u0131 (European Mobility Week) olarak ilan etti.<\/p>\n<p>Macarlar treni seviyor. Treni kim sevmez? Budape\u015fte\u2019de metro\u2019yla ve banliy\u00f6 treniyle ula\u015f\u0131m \u00e7ok rahat. Sabahlar\u0131 ve ak\u015fam i\u015f \u00e7\u0131k\u0131\u015f\u0131 saatlerinde kalabal\u0131k olmakla birlikte fazla beklemiyorsunuz. Treni ka\u00e7\u0131rd\u0131\u011f\u0131n\u0131zda hemen bir yenisi geliyor. Trafik s\u0131k\u0131\u015f\u0131kl\u0131\u011f\u0131 ya\u015fanm\u0131yor.<\/p>\n<p>&#8220;22 Eyl\u00fcl D\u00fcnya Otomobilsiz \u015eehir G\u00fcn\u00fc -World Car Free Day-&#8221; dolay\u0131s\u0131yla Macaristan&#8217;da otomobil ruhsat\u0131n\u0131 g\u00f6steren ki\u015filer, g\u00fcn boyunca trenlere \u00fccretsiz bindiler.<\/p>\n<p>H\u0131rvatistan\u2019\u0131n Koprivnica kenti, 2007 y\u0131l\u0131nda, 3 y\u0131ll\u0131k bir program ba\u015flatm\u0131\u015f. Program\u0131n amac\u0131, ad\u0131nda gizli: \u201cCaddeler \u0130nsanlar \u0130\u00e7indir\u201d. Kentte \u00e7evre ve g\u00fcr\u00fclt\u00fc kirlili\u011fine kar\u015f\u0131, y\u00fcr\u00fcmeyi ve bisikleti desteklemek i\u00e7in ara\u00e7 trafi\u011fine kapal\u0131 yollar yayg\u0131nla\u015ft\u0131r\u0131lm\u0131\u015f. Art\u0131k toplu ta\u015f\u0131mac\u0131l\u0131kta bio-diesel yak\u0131t kullan\u0131l\u0131yormu\u015f. Bu planl\u0131 de\u011fi\u015fim ve geli\u015fimin sonunda, European Mobility Week (Avrupa Mobilite Haftas\u0131) hareketinin 2008 y\u0131l\u0131 \u00f6d\u00fcl\u00fcne lay\u0131k g\u00f6r\u00fclm\u00fc\u015f Koprivnica. Avrupa Birli\u011fi deste\u011fiyle 2000 y\u0131l\u0131ndan bu yana yap\u0131lan ve her ge\u00e7en y\u0131l daha \u00e7ok \u00fclkenin ve \u015fehrin kat\u0131l\u0131m\u0131 ile b\u00fcy\u00fcyen bu etkinlik, Avrupa&#8217;da 2000&#8217;den fazla \u015fehirde kutlan\u0131yor. Bu \u015fehirler aras\u0131nda her y\u0131l yap\u0131lan de\u011ferlendirmeyle \u015fehiri\u00e7i ula\u015f\u0131mda \u00e7evreci \u00e7\u00f6z\u00fcmler \u00fcreten belediyeler \u00f6d\u00fcllendiriliyor.<\/p>\n<p>Biz ne yap\u0131yoruz? \u201cMarka \u015eehir\u201d olaca\u011f\u0131z diye bekliyoruz: B\u00fcy\u00fck\u015fehir Belediyesi, Sakarya\u2019y\u0131 \u201cMarka \u015eehir\u201d yapacak! Oysa toplumda \u00e7evre duyarl\u0131l\u0131\u011f\u0131n\u0131, hem\u015fehrilik bilincini geli\u015ftiren, kat\u0131l\u0131mc\u0131l\u0131\u011f\u0131 destekleyen bu gibi hedeflere de yer vermek gerek. Ama her \u015feyi y\u00f6neticilerden beklemek de, \u201cbizi dinlemezler,\u201d diye hi\u00e7bir giri\u015fimde bulunmamak, g\u00fczel fikirleri kendine saklamak da \u00e7a\u011fda\u015fl\u0131k de\u011fil.<\/p>\n<p>Belediyenin, yap\u0131m\u0131 s\u00fcren yeni k\u00fclt\u00fcr merkezinde b\u00f6yle bir payla\u015f\u0131m platformu kurulabilir \u00f6rne\u011fin. Burada, Sakarya \u00dcniversitesi\u2019nden g\u00f6n\u00fcll\u00fc \u00f6\u011frenciler d\u00f6n\u00fc\u015f\u00fcml\u00fc olarak g\u00f6rev alabilir\u2026 \u00dcniversiteyle \u015fehrin kayna\u015fmas\u0131n\u0131n yarataca\u011f\u0131 sinerjiyi hayal bile edemiyorum!<\/p>\n<p>G\u00f6stermelik de\u011fil de i\u015flevsel, dinamik; gen\u00e7leri de kucaklayan bir olu\u015fum kente hayat verir. O zaman, \u201cWorld Car Free Day&#8221;, \u201cEuropean Mobility Week\u201d gibi \u00e7evreci etkinlikler i\u00e7in \u00e7ok \u00f6nceden \u00f6rg\u00fctlenen Bat\u0131l\u0131 \u00e7a\u011fda\u015flar\u0131m\u0131z, bize uzayl\u0131 gibi g\u00f6r\u00fcnmezler. Hemen \u00e7oluk \u00e7ocuk sokaklara d\u00f6k\u00fcl\u00fcvermelerine \u015fa\u015fmaz, do\u011fal kar\u015f\u0131lar\u0131z.<\/p>\n<p><em>25\/09\/2008<\/em><\/p>\n<p><em>Bizim Sakarya Gazetesi<\/em><\/p>\n","protected":false},"excerpt":{"rendered":"<p>D\u00fcnya Otomobilsiz \u015eehir hareketi 1998 y\u0131l\u0131n\u0131n 22 Eyl\u00fcl&#8217;\u00fcnde Fransa&#8217;da ortaya \u00e7\u0131kt\u0131. \u0130ki y\u0131l sonra, Avrupa Komisyonu taraf\u0131ndan ortak bir etkinlik g\u00fcn\u00fc olarak kabul edildi. Ayn\u0131 y\u0131l komisyon, program\u0131 geli\u015ftirerek 22 Eyl\u00fcl&#8217;\u00fc i\u00e7ine alan haftay\u0131 Avrupa Hareketlilik Haftas\u0131 (European Mobility Week) olarak ilan etti. Macarlar treni seviyor. Treni kim sevmez? Budape\u015fte\u2019de metro\u2019yla ve banliy\u00f6 treniyle ula\u015f\u0131m [&hellip;]<\/p>\n","protected":false},"author":1,"featured_media":0,"comment_status":"open","ping_status":"open","sticky":false,"template":"","format":"standard","meta":{"footnotes":""},"categories":[467],"tags":[],"_links":{"self":[{"href":"https:\/\/www.tamayacikel.com\/index.php?rest_route=\/wp\/v2\/posts\/3045"}],"collection":[{"href":"https:\/\/www.tamayacikel.com\/index.php?rest_route=\/wp\/v2\/posts"}],"about":[{"href":"https:\/\/www.tamayacikel.com\/index.php?rest_route=\/wp\/v2\/types\/post"}],"author":[{"embeddable":true,"href":"https:\/\/www.tamayacikel.com\/index.php?rest_route=\/wp\/v2\/users\/1"}],"replies":[{"embeddable":true,"href":"https:\/\/www.tamayacikel.com\/index.php?rest_route=%2Fwp%2Fv2%2Fcomments&post=3045"}],"version-history":[{"count":0,"href":"https:\/\/www.tamayacikel.com\/index.php?rest_route=\/wp\/v2\/posts\/3045\/revisions"}],"wp:attachment":[{"href":"https:\/\/www.tamayacikel.com\/index.php?rest_route=%2Fwp%2Fv2%2Fmedia&parent=3045"}],"wp:term":[{"taxonomy":"category","embeddable":true,"href":"https:\/\/www.tamayacikel.com\/index.php?rest_route=%2Fwp%2Fv2%2Fcategories&post=3045"},{"taxonomy":"post_tag","embeddable":true,"href":"https:\/\/www.tamayacikel.com\/index.php?rest_route=%2Fwp%2Fv2%2Ftags&post=3045"}],"curies":[{"name":"wp","href":"https:\/\/api.w.org\/{rel}","templated":true}]}}