{"id":3046,"date":"2008-10-02T14:36:38","date_gmt":"2008-10-02T14:36:38","guid":{"rendered":"http:\/\/www.tamayacikel.com\/?p=286"},"modified":"2008-10-02T14:36:38","modified_gmt":"2008-10-02T14:36:38","slug":"zamane-yaslilari-2","status":"publish","type":"post","link":"https:\/\/www.tamayacikel.com\/?p=3046","title":{"rendered":"Zamane Ya\u015fl\u0131lar\u0131!"},"content":{"rendered":"<p><strong> <\/strong><strong><br \/>\n<\/strong><\/p>\n<p>Epey oluyor, babam elime bir gazete kesi\u011fi tutu\u015fturdu ve \u201cAdapazar\u0131\u2019nda da b\u00f6yle bir kurs a\u00e7\u0131lsa ne iyi olur, ben de giderim,\u201d dedi.<\/p>\n<p>\u201cKonya\u2019da ya\u015fl\u0131lara cep telefonu kursu\u201d idi haberin ba\u015fl\u0131\u011f\u0131. Kurs, Konya B\u00fcy\u00fck\u015fehir Belediyesi\u2019nin kurdu\u011fu Emekliler Lokali\u2019nde a\u00e7\u0131lm\u0131\u015f. Lokalde, \u201cHer ya\u015fta \u00f6\u011frenme\u201d anlay\u0131\u015f\u0131yla emeklilerin sosyal ya\u015famdan uzakla\u015fmamas\u0131n\u0131 sa\u011flamaya \u00e7al\u0131\u015f\u0131l\u0131yormu\u015f. Anlay\u0131\u015f ve uygulama ger\u00e7ekten \u00f6vg\u00fcye de\u011fer, ama her konuda oldu\u011fu gibi bunda da s\u00fcrd\u00fcr\u00fclebilirlik \u00e7ok \u00f6nemli tabii.<\/p>\n<p>Belediyenin Sosyal Ara\u015ft\u0131rmalar Merkezinin Almanya ve Avusturya\u2019daki uygulamalardan esinlenerek ba\u015flatt\u0131\u011f\u0131 cep telefonu kursuyla ilgili haber, 21 Ocak tarihli.<\/p>\n<p>Aradan sekiz ay ge\u00e7mi\u015f\u2026 Birileri mutlaka merak etmi\u015ftir sonucunu, diyerek k\u00fc\u00e7\u00fck bir ara\u015ft\u0131rma yapt\u0131m internette. Bulamad\u0131m. Kursu ba\u015far\u0131yla tamamlayanlar, e\u011fer uygulama yapmad\u0131larsa bo\u015fa gitti \u00f6\u011frendikleri.<\/p>\n<p>Ya\u015fl\u0131l\u0131kta teknolojiye kar\u015f\u0131 \u00e7ekingenlik \u00f6nemli bir olgu.<\/p>\n<p>\u0130ngiltere\u2019nin Liverpool kentinde, cep telefonuyla bar\u0131\u015fmak isteyen ya\u015fl\u0131larla orta\u00f6\u011fretim \u00e7a\u011f\u0131ndaki g\u00f6n\u00fcll\u00fc gen\u00e7leri bulu\u015fturmu\u015flar. Ne kadar ak\u0131ll\u0131ca! En iyi onlar \u00f6\u011fretir asl\u0131nda\u2026 \u00c7\u00fcnk\u00fc onlar, bilgisayar, cep telefonu gibi aletleri kullanmay\u0131 \u00f6\u011frenmemi\u015fler de kendili\u011finden biliyorlar sanki. Bir \u00fcst\u00fcnl\u00fck gibi g\u00f6rm\u00fcyorlar ki \u00f6\u011fretirken kalp k\u0131rs\u0131nlar.<\/p>\n<p>Liverpool\u2019daki kursu bitirenlerden bir han\u0131m \u015f\u00f6yle diyor:<em> \u201c\u0130lk ba\u015fta \u00e7ok endi\u015feliydim. Ortal\u0131kta ko\u015fu\u015fan \u00e7ocuklar\u0131n g\u00fcr\u00fclt\u00fcs\u00fcnden \u00fcrkt\u00fcm; neredeyse i\u00e7eri girmeden d\u00f6n\u00fcyordum. \u0130yi ki girmi\u015fim! Bu ya\u015ftakilerden asla beklemeyece\u011fim kadar anlay\u0131\u015fl\u0131yd\u0131lar bize kar\u015f\u0131\u2026 \u015ea\u015f\u0131rd\u0131m! Art\u0131k telefon numaralar\u0131n\u0131 k\u00e2\u011f\u0131t par\u00e7alar\u0131na not etmek yerine telefonuma kaydediyorum. Ge\u00e7enlerde, bir de mesaj atarak ye\u011fenimi \u015fa\u015f\u0131rtt\u0131m!\u201d <\/em><\/p>\n<p>\u00c7al\u0131\u015fma hayat\u0131n\u0131n b\u00fcy\u00fck bir b\u00f6l\u00fcm\u00fcn\u00fc giyim end\u00fcstrisinde ge\u00e7irmi\u015f 78 ya\u015f\u0131nda bir bey ise cep telefonu teknolojinin kafas\u0131n\u0131 kar\u0131\u015ft\u0131rd\u0131\u011f\u0131n\u0131 s\u00f6yl\u00fcyor.<\/p>\n<p>Bir ba\u015fka kursiyer de diyor ki: <em>\u201cBir grup gen\u00e7le bir arada olmak \u00e7ok ho\u015ftu. Bu ya\u015ftaki gen\u00e7ler hakk\u0131nda d\u00fc\u015f\u00fcncelerim de\u011fi\u015fti mi? Evet, de\u011fi\u015fti. Onlara art\u0131k daha farkl\u0131 bir g\u00f6zle bak\u0131yorum.\u201d<\/em><\/p>\n<p>Kursta \u00f6\u011fretmenlik yapan gen\u00e7lere (20 ya\u015f alt\u0131) soruyorlar izlenimlerini\u2026<\/p>\n<p><em>\u201cDaha \u00f6nceleri, ya\u015fl\u0131lar\u0131n g\u00f6rmede ve ellerini kullanmada zorluk \u00e7ektiklerini fark etmemi\u015fim. Do\u011fru d\u00fc\u011fmeye basamamak ya da harfleri okuyamamak k\u00f6t\u00fc bir \u015feydir herhalde. Biz de ya\u015flan\u0131nca b\u00f6yle mi olaca\u011f\u0131z?\u201d<\/em> diyor biri.<\/p>\n<p>Bir di\u011feri de: <em>\u201cBa\u015flang\u0131\u00e7ta zor geldi, rahat de\u011fildim. Ama \u015fimdi, cep telefonunun ya\u015fl\u0131 insanlar i\u00e7in ne kadar gerekli oldu\u011funu ve g\u00fcvenli bir \u015fekilde kullanmalar\u0131n\u0131n \u00f6nemini anlad\u0131\u011f\u0131m i\u00e7in bu \u00e7abaya de\u011fdi\u011fini d\u00fc\u015f\u00fcn\u00fcyorum.\u201d<\/em><\/p>\n<p>\u201cYa\u015fl\u0131lar\u0131n \u00f6\u011frenmeleri bize g\u00f6re de\u011fi\u015fik\u2026 Baz\u0131lar\u0131, bir \u015feyi hat\u0131rlayabilmek i\u00e7in mutlaka yaz\u0131yor.\u201d<\/p>\n<p>Babama da bak\u0131yorum, masan\u0131n \u00fcst\u00fcnde, sa\u011fda solda daima k\u00fc\u00e7\u00fck k\u00e2\u011f\u0131t par\u00e7alar\u0131 bulunduruyor. Hemen k\u00e2\u011f\u0131da kaleme sar\u0131l\u0131yor. Cep telefonuyla ilgili bir \u00e7al\u0131\u015fma yapm\u0131\u015ft\u0131k \u00e7ok \u00f6nce. Ba\u015far\u0131l\u0131 olamad\u0131\u011f\u0131m\u0131 itiraf ediyorum! En iyisi, bu i\u015fi teknolojiyi oyuncak gibi kullananlara b\u0131rakmak, \u0130ngilizlerin yapt\u0131\u011f\u0131 gibi.<\/p>\n<p>Ba\u015fka etkileri de ortaya \u00e7\u0131kabilir toplumda\u2026 Ya\u015fl\u0131lar\u0131n biraz ku\u015fkuyla bakt\u0131klar\u0131 \u201czamane gen\u00e7leri\u201d ve \u201czamane oyuncaklar\u0131\u201d daha sevimli ve \u00f6nemli g\u00f6r\u00fcn\u00fcr g\u00f6zlerine\u2026 \u00d6\u011frendik\u00e7e ilgileri tazelenir. Kendilerine g\u00f6n\u00fcll\u00fc olarak zaman ay\u0131ran gen\u00e7lerin yak\u0131nl\u0131\u011f\u0131 da yepyeni bir s\u0131cakl\u0131k katar g\u00f6n\u00fcllerine\u2026 Ve gen\u00e7ler i\u00e7in de ailelerinden g\u00f6rd\u00fckleri ko\u015fulsuz sevgiden \u00f6te; bir i\u015fe yaramak, de\u011fer verilmek, g\u00fcvenilmek gibi yeni duygular tatt\u0131ran erken bir ya\u015fam deneyimi olur. Kar\u015f\u0131l\u0131kl\u0131 \u00f6nyarg\u0131lar kaybolur.<\/p>\n<p><em>02\/10\/2008<\/em><\/p>\n<p><em>Bizim Sakarya Gazetesi<\/em><\/p>\n","protected":false},"excerpt":{"rendered":"<p>Epey oluyor, babam elime bir gazete kesi\u011fi tutu\u015fturdu ve \u201cAdapazar\u0131\u2019nda da b\u00f6yle bir kurs a\u00e7\u0131lsa ne iyi olur, ben de giderim,\u201d dedi. \u201cKonya\u2019da ya\u015fl\u0131lara cep telefonu kursu\u201d idi haberin ba\u015fl\u0131\u011f\u0131. Kurs, Konya B\u00fcy\u00fck\u015fehir Belediyesi\u2019nin kurdu\u011fu Emekliler Lokali\u2019nde a\u00e7\u0131lm\u0131\u015f. Lokalde, \u201cHer ya\u015fta \u00f6\u011frenme\u201d anlay\u0131\u015f\u0131yla emeklilerin sosyal ya\u015famdan uzakla\u015fmamas\u0131n\u0131 sa\u011flamaya \u00e7al\u0131\u015f\u0131l\u0131yormu\u015f. Anlay\u0131\u015f ve uygulama ger\u00e7ekten \u00f6vg\u00fcye de\u011fer, [&hellip;]<\/p>\n","protected":false},"author":1,"featured_media":0,"comment_status":"open","ping_status":"open","sticky":false,"template":"","format":"standard","meta":{"footnotes":""},"categories":[467],"tags":[],"_links":{"self":[{"href":"https:\/\/www.tamayacikel.com\/index.php?rest_route=\/wp\/v2\/posts\/3046"}],"collection":[{"href":"https:\/\/www.tamayacikel.com\/index.php?rest_route=\/wp\/v2\/posts"}],"about":[{"href":"https:\/\/www.tamayacikel.com\/index.php?rest_route=\/wp\/v2\/types\/post"}],"author":[{"embeddable":true,"href":"https:\/\/www.tamayacikel.com\/index.php?rest_route=\/wp\/v2\/users\/1"}],"replies":[{"embeddable":true,"href":"https:\/\/www.tamayacikel.com\/index.php?rest_route=%2Fwp%2Fv2%2Fcomments&post=3046"}],"version-history":[{"count":0,"href":"https:\/\/www.tamayacikel.com\/index.php?rest_route=\/wp\/v2\/posts\/3046\/revisions"}],"wp:attachment":[{"href":"https:\/\/www.tamayacikel.com\/index.php?rest_route=%2Fwp%2Fv2%2Fmedia&parent=3046"}],"wp:term":[{"taxonomy":"category","embeddable":true,"href":"https:\/\/www.tamayacikel.com\/index.php?rest_route=%2Fwp%2Fv2%2Fcategories&post=3046"},{"taxonomy":"post_tag","embeddable":true,"href":"https:\/\/www.tamayacikel.com\/index.php?rest_route=%2Fwp%2Fv2%2Ftags&post=3046"}],"curies":[{"name":"wp","href":"https:\/\/api.w.org\/{rel}","templated":true}]}}