{"id":3047,"date":"2008-11-13T14:40:08","date_gmt":"2008-11-13T14:40:08","guid":{"rendered":"http:\/\/www.tamayacikel.com\/?p=288"},"modified":"2008-11-13T14:40:08","modified_gmt":"2008-11-13T14:40:08","slug":"dupduru-bir-su-gibi-2","status":"publish","type":"post","link":"https:\/\/www.tamayacikel.com\/?p=3047","title":{"rendered":"Dupduru Bir Su Gibi\u2026"},"content":{"rendered":"<p><strong> <\/strong><\/p>\n<p><strong><br \/>\n<\/strong><\/p>\n<p>Gen\u00e7ler Atat\u00fcrk\u2019\u00fc yanl\u0131\u015f anlayacaklar diye kayg\u0131lanmam\u0131za gerek var m\u0131? Can D\u00fcndar\u2019\u0131n \u201cMustafa\u201ds\u0131na m\u0131 kald\u0131lar sanki? Kapans\u0131nlar, okusunlar; kar\u0131\u015ft\u0131rs\u0131nlar tarihimizin yapraklar\u0131n\u0131, didik didik etsinler de \u00f6yle anlas\u0131nlar. G\u00f6rm\u00fcyorlar m\u0131 \u00fclkenin durumunu?<\/p>\n<p>Lisedeyken, her zaman sayg\u0131yla and\u0131\u011f\u0131m felsefe hocam\u0131z \u0130smet Han\u0131m\u2019\u0131n (Demirel), bir 10 Kas\u0131m t\u00f6reninden sonra bizi s\u0131n\u0131fa \u00e7ekip; <em>\u201cHaydi bakal\u0131m, a\u00e7\u0131n Atat\u00fcrk\u2019\u00fcn Gen\u00e7li\u011fe Hitabesini! Ne anlam\u0131\u015fs\u0131n\u0131z g\u00f6relim!\u201d<\/em> deyi\u015fini hi\u00e7 unutmam. Onun k\u0131pk\u0131rm\u0131z\u0131 olmu\u015f y\u00fcz\u00fcn\u00fc sevgiyle an\u0131msar\u0131m. Atat\u00fcrk\u2019\u00fcn, a\u011flamakl\u0131 \u015fiirler ve s\u0131radanla\u015fm\u0131\u015f \u00f6vg\u00fclerle ge\u00e7i\u015ftirilmesine dayanamayarak k\u0131zg\u0131nl\u0131\u011f\u0131n\u0131 bizden \u00e7\u0131karmas\u0131 ne kadar etkileyiciydi. Dersin sonuna kadar can\u0131m\u0131za okumu\u015ftu\u2026 Ama helal olsun, hak etmi\u015ftik!<\/p>\n<p>Atat\u00fcrk\u2019\u00fc okumak ve anlamak asl\u0131nda bir zevk olmal\u0131 gen\u00e7ler i\u00e7in. \u00c7\u00fcnk\u00fc onda gen\u00e7lerin hi\u00e7 sevmedikleri \u2018ezber\u2019 yoktur.<\/p>\n<p><em>\u201cBen manevi miras olarak hi\u00e7bir ayet, hi\u00e7bir dogma, hi\u00e7bir kal\u0131pla\u015fm\u0131\u015f kural b\u0131rakm\u0131yorum. Benim manevi miras\u0131m bilim ve ak\u0131ld\u0131r\u2026 <\/em><\/p>\n<p><em>Zaman s\u00fcratle ilerliyor. Milletlerin, toplumlar\u0131n, ki\u015filerin mutluluk ve mutsuzluk anlay\u0131\u015flar\u0131 bile de\u011fi\u015fiyor. B\u00f6yle bir d\u00fcnyada asla de\u011fi\u015fmeyecek h\u00fck\u00fcmler getirdi\u011fini iddia etmek, akl\u0131n ve bilimin geli\u015fimini ink\u00e2r etmek olur&#8230; Benim T\u00fcrk milleti i\u00e7in yapmak istediklerim ve ba\u015farmaya \u00e7al\u0131\u015ft\u0131klar\u0131m ortadad\u0131r. <\/em><\/p>\n<p><em>Benden sonra beni benimsemek isteyenler, bu temel eksen \u00fczerinde ak\u0131l ve bilimin rehberli\u011fini kabul ederlerse, manevi miras\u00e7\u0131lar\u0131m olurlar.\u201d (D\u00f6nemin Milli E\u011fitim Bakan\u0131 Dr. Re\u015fit Galip\u2019in sorusuna yan\u0131t\u0131)<\/p>\n<p><\/em><em> <\/em><\/p>\n<p><em> <\/em>Ulusuna duydu\u011fu sevgi ve g\u00fcven, ona sonsuz bir diren\u00e7 verir\u2026<em> <\/em><\/p>\n<p><em>\u201cYa\u015fam\u0131m\u0131n b\u00fct\u00fcn evrelerinde oldu\u011fu gibi, son zamanlar\u0131n bunal\u0131mlar\u0131 ve y\u0131k\u0131mlar\u0131 aras\u0131nda da bir dakika ge\u00e7memi\u015ftir ki her t\u00fcrl\u00fc erin\u00e7 ve dinlencemi, her t\u00fcrl\u00fc ki\u015fisel duygular\u0131m\u0131 ulusun esenli\u011fi ve mutlulu\u011fu ad\u0131na g\u00f6zden \u00e7\u0131karmaktan tat alm\u0131\u015f olmayay\u0131m\u2026\u201d (24.4.1920 g\u00fcn\u00fc, T.B.M.M. ba\u015fkan\u0131 se\u00e7ildikten sonra yapt\u0131\u011f\u0131 konu\u015fmadan)<\/em><\/p>\n<p>Ulusunu iyi tan\u0131m\u0131\u015f olmak, onun en b\u00fcy\u00fck \u00f6v\u00fcnc\u00fc ve mutlulu\u011fudur\u2026<\/p>\n<p><strong> <\/strong>\u201c\u2026 <em>Ben ulusumun d\u00fc\u015f\u00fcnce ve duygular\u0131n\u0131 yak\u0131ndan bilmekten, aziz ulusumda g\u00f6rd\u00fc\u011f\u00fcm yetenek ve gereksinmeyi anlatmaktan ba\u015fka bir \u015fey yapmad\u0131m. Onun bu yetenek ve duygular\u0131na olan bilgimle \u00f6v\u00fcn\u00fcyorum. Ulusumda, bug\u00fcnk\u00fc zaferleri do\u011furabilecek niteli\u011fi g\u00f6rebilmi\u015f olmak; b\u00fct\u00fcn mutlulu\u011fum i\u015fte budur.\u201d (<\/em><em>23.3.1923 g\u00fcn\u00fc, Afyon\u2019da belediye meclisi \u00fcyeleriyle konu\u015fmas\u0131ndan)<\/em><strong><em> <\/em><\/strong><\/p>\n<p><em> <\/em><\/p>\n<p>O da hayat\u0131 anlamaya \u00e7al\u0131\u015fm\u0131\u015f, kafa yormu\u015ftur d\u00fcnya \u00fczerine\u2026<\/p>\n<p><em> \u201cVaktiyle kitaplar kar\u0131\u015ft\u0131rd\u0131m. Ya\u015fam \u00fczerine filozoflar\u0131n ne dediklerini anlamak istedim. Bir kesimi her \u015feyi kara g\u00f6r\u00fcyordu. \u2018De\u011fil mi ki hi\u00e7iz ve s\u0131f\u0131ra varaca\u011f\u0131z, d\u00fcnyadaki ge\u00e7ici ya\u015fam s\u0131ras\u0131nda sevin\u00e7 ve mutlulu\u011fa yer bulunmaz.\u2019 diyorlard\u0131. <\/em><\/p>\n<p><em>Ba\u015fka kitaplar okudum; bunlar\u0131 daha ak\u0131ll\u0131 adamlar yazm\u0131\u015flard\u0131. Diyorlard\u0131 ki: \u2018De\u011fil mi ki sonu nas\u0131l olsa s\u0131f\u0131rd\u0131r; bari ya\u015fad\u0131\u011f\u0131m\u0131z s\u00fcrece \u015fen ve \u015fakrak olal\u0131m.\u2019 <\/em><\/p>\n<p><em>Ben kendi yarad\u0131l\u0131\u015f\u0131m bak\u0131m\u0131ndan ikinci ya\u015fam anlay\u0131\u015f\u0131n\u0131 ye\u011fliyorum; ama \u015fu ko\u015fularla: <\/em><\/p>\n<p><em>\u2026<\/em><\/p>\n<p><em>Herhangi bir kimsenin, ya\u015fad\u0131k\u00e7a k\u0131van\u00e7l\u0131 ve mutlu olmas\u0131 i\u00e7in gereken \u015fey, kendisi i\u00e7in de\u011fil, kendisinden sonra gelecekler i\u00e7in \u00e7al\u0131\u015fmakt\u0131r. <\/em><\/p>\n<p><em>\u2026Hayatta tam zevk ve mutluluk, ancak gelecek ku\u015faklar\u0131n onuru, varl\u0131\u011f\u0131 ve mutlulu\u011fu i\u00e7in \u00e7al\u0131\u015fmakta bulunabilir.<\/em><\/p>\n<p><em>Bir insan b\u00f6yle davran\u0131rken \u2018Benden sonra gelecekler acaba b\u00f6yle bir ruhla \u00e7al\u0131\u015ft\u0131\u011f\u0131m\u0131 fark edecekler mi?\u2019 diye bile d\u00fc\u015f\u00fcnmemelidir. \u00dcstelik en mutlu olanlar, hizmetlerinin b\u00fct\u00fcn ku\u015faklarca bilinmez kalmas\u0131n\u0131 ye\u011fleyecek karakterde bulunanlard\u0131r.\u201d (17.3.1937 g\u00fcn\u00fc, Ankara Palas\u2019ta, Romanya D\u0131\u015fi\u015fleri Bakan\u0131 Antonescu\u2019ya s\u00f6ylediklerinden) <\/em><\/p>\n<p>\u0130nsan bunlar\u0131 okuduktan sonra, d\u00fc\u015f\u00fcnceleri dupduru bir su gibi akmaya ba\u015fl\u0131yor. Gen\u00e7ler Atat\u00fcrk\u2019\u00fc yanl\u0131\u015f anlayacaklar diye kayg\u0131lanmam\u0131za gerek var m\u0131 sizce?<\/p>\n<p><em> 13\/11\/2008<\/em><\/p>\n<p><em>Bizim Sakarya Gazetesi<\/em><\/p>\n","protected":false},"excerpt":{"rendered":"<p>Gen\u00e7ler Atat\u00fcrk\u2019\u00fc yanl\u0131\u015f anlayacaklar diye kayg\u0131lanmam\u0131za gerek var m\u0131? Can D\u00fcndar\u2019\u0131n \u201cMustafa\u201ds\u0131na m\u0131 kald\u0131lar sanki? Kapans\u0131nlar, okusunlar; kar\u0131\u015ft\u0131rs\u0131nlar tarihimizin yapraklar\u0131n\u0131, didik didik etsinler de \u00f6yle anlas\u0131nlar. G\u00f6rm\u00fcyorlar m\u0131 \u00fclkenin durumunu? Lisedeyken, her zaman sayg\u0131yla and\u0131\u011f\u0131m felsefe hocam\u0131z \u0130smet Han\u0131m\u2019\u0131n (Demirel), bir 10 Kas\u0131m t\u00f6reninden sonra bizi s\u0131n\u0131fa \u00e7ekip; \u201cHaydi bakal\u0131m, a\u00e7\u0131n Atat\u00fcrk\u2019\u00fcn Gen\u00e7li\u011fe Hitabesini! Ne [&hellip;]<\/p>\n","protected":false},"author":1,"featured_media":0,"comment_status":"open","ping_status":"open","sticky":false,"template":"","format":"standard","meta":{"footnotes":""},"categories":[467],"tags":[],"_links":{"self":[{"href":"https:\/\/www.tamayacikel.com\/index.php?rest_route=\/wp\/v2\/posts\/3047"}],"collection":[{"href":"https:\/\/www.tamayacikel.com\/index.php?rest_route=\/wp\/v2\/posts"}],"about":[{"href":"https:\/\/www.tamayacikel.com\/index.php?rest_route=\/wp\/v2\/types\/post"}],"author":[{"embeddable":true,"href":"https:\/\/www.tamayacikel.com\/index.php?rest_route=\/wp\/v2\/users\/1"}],"replies":[{"embeddable":true,"href":"https:\/\/www.tamayacikel.com\/index.php?rest_route=%2Fwp%2Fv2%2Fcomments&post=3047"}],"version-history":[{"count":0,"href":"https:\/\/www.tamayacikel.com\/index.php?rest_route=\/wp\/v2\/posts\/3047\/revisions"}],"wp:attachment":[{"href":"https:\/\/www.tamayacikel.com\/index.php?rest_route=%2Fwp%2Fv2%2Fmedia&parent=3047"}],"wp:term":[{"taxonomy":"category","embeddable":true,"href":"https:\/\/www.tamayacikel.com\/index.php?rest_route=%2Fwp%2Fv2%2Fcategories&post=3047"},{"taxonomy":"post_tag","embeddable":true,"href":"https:\/\/www.tamayacikel.com\/index.php?rest_route=%2Fwp%2Fv2%2Ftags&post=3047"}],"curies":[{"name":"wp","href":"https:\/\/api.w.org\/{rel}","templated":true}]}}