{"id":3048,"date":"2008-12-04T14:42:18","date_gmt":"2008-12-04T14:42:18","guid":{"rendered":"http:\/\/www.tamayacikel.com\/?p=290"},"modified":"2008-12-04T14:42:18","modified_gmt":"2008-12-04T14:42:18","slug":"hizli-yavas-2","status":"publish","type":"post","link":"https:\/\/www.tamayacikel.com\/?p=3048","title":{"rendered":"H\u0131zl\u0131 &#8211; Yava\u015f"},"content":{"rendered":"<p><strong><br \/>\n<\/strong><\/p>\n<p>\u201cD\u00fcnyada obezite salg\u0131n\u0131 ve \u2018fast-food\u2019lara ba\u011fl\u0131 di\u011fer sa\u011fl\u0131k sorunlar\u0131 ald\u0131 y\u00fcr\u00fcd\u00fc. Bat\u0131l\u0131 \u00fcreticiler de art\u0131k bu konuyu d\u00fc\u015f\u00fcnmek gerekti\u011fini anlad\u0131lar.\u00a0 D\u00fc\u015f\u00fcnd\u00fcler ki birbirinden de\u011fi\u015fik, birbirinden g\u00f6z al\u0131c\u0131 ambalajlar\u0131n \u00fczerine hi\u00e7 de\u011filse ger\u00e7ekleri yazarak, alternatif \u00fcr\u00fcnler de sunarak yava\u015flat\u0131labilir bu gidi\u015f\u2026\u201d Yabanc\u0131 bir internet sitesinden ald\u0131\u011f\u0131m bu haberdeki olumlu \u00f6rnekse T\u00fcrkiye\u2019den: \u201cSade simit, ha\u015flanm\u0131\u015f ya da \u0131zgara m\u0131s\u0131r, kestane kebap, insan\u0131n a\u011fz\u0131n\u0131 suland\u0131ran salatal\u0131klar\u2026 Bunlar, T\u00fcrkiye\u2019de eskiden beri sokakta sat\u0131lan sa\u011fl\u0131kl\u0131 yiyecekler, \u00fcstelik de h\u0131zl\u0131. Ama de\u011fi\u015fiyor\u2026 B\u00fcy\u00fck al\u0131\u015fveri\u015f merkezleri ve uzmanla\u015fm\u0131\u015f firma zincirleri h\u0131zla yay\u0131l\u0131yor,\u201d diyor.<\/p>\n<p>Ne yapal\u0131m, siz ba\u015flatt\u0131n\u0131z! \u00dcretimin art\u0131k durdurulamayan art\u0131\u015f\u0131n\u0131 kutsad\u0131n\u0131z. Yaratt\u0131\u011f\u0131n\u0131z ejderhay\u0131 d\u00fcnyan\u0131n \u00fczerine sald\u0131n\u0131z. Ad\u0131na da \u2018k\u00fcreselle\u015fme\u2019 dediniz. Biz de ka\u00e7amad\u0131k i\u015fte. Oysa el ele verip birbirinden g\u00fc\u00e7 alarak, uyumlu ve temkinli ad\u0131mlarla birlikte geli\u015fseydi Bat\u0131 ve Do\u011fu\u2026 Ne g\u00fczel bir d\u00fcnya olurdu!<\/p>\n<p>***<\/p>\n<p>\u2018Sakin \u015eehirler Hareketi\u2019, 2000 y\u0131l\u0131nda \u0130talya\u2019da 32 \u015fehrin y\u00f6neticilerinin bir araya gelerek imzalad\u0131\u011f\u0131 bir proje. Belli kurallar\u0131 ve salyangoz bi\u00e7iminde bir logosu var. N\u00fcfusu 50 binden az olan \u015fehirler, bu kurallar\u0131 da yerine getirirse \u00fcye olabiliyor. Uzun bir liste, ama insan bunlar\u0131 az \u00e7ok tahmin edebiliyor.<\/p>\n<p>Mc. Donald\u2019s gibi fast-food restoranlar bu \u015fehirlere giremiyor tabii. Y\u00f6resel yemeklerin bulunaca\u011f\u0131 lokantalar de\u011fer kazan\u0131yor. Tabii g\u0131da \u00fcr\u00fcnlerinin de \u00e7evreye zarar vermeyen do\u011fal y\u00f6ntemlerle \u00fcretilmesi gerekiyor. Yerel \u00fcr\u00fcnlerin ve sa\u011fl\u0131kl\u0131 \u00e7e\u015fitlerin sat\u0131ld\u0131\u011f\u0131 d\u00fckk\u00e2nlar \u00e7o\u011fal\u0131yor. B\u00fcy\u00fck marketlerin yerini bunlar al\u0131yor.<\/p>\n<p>Ye\u015fil alanlar ve yaya b\u00f6lgeleri geni\u015fliyor. Elektrikle \u00e7al\u0131\u015fan ta\u015f\u0131t ara\u00e7lar\u0131 kullan\u0131lmaya ba\u015fl\u0131yor. Bisiklete binmek \u00f6zendiriliyor. G\u00fcr\u00fclt\u00fc ve g\u00f6r\u00fcnt\u00fc kirlili\u011fi yaratan her \u015fey denetim alt\u0131na al\u0131n\u0131yor.<\/p>\n<p>\u0130nsan do\u011fan\u0131n bir par\u00e7as\u0131 asl\u0131nda, ama h\u0131zl\u0131 ya\u015fam unutturuyor bunu\u2026 T\u00fcketen, ama pek \u00e7ok t\u00fcketen bir yarat\u0131k olmaya zorlan\u0131yor. Varl\u0131\u011f\u0131ndan kopart\u0131lmak isteniyor sanki.<\/p>\n<p>Sakin \u015eehirler, a\u015f\u0131r\u0131 t\u00fcketim anlay\u0131\u015f\u0131na yer vermiyor. Ve bu ya\u015fam bi\u00e7iminin b\u00fct\u00fcn al\u0131\u015fkanl\u0131klar\u0131 yava\u015f yava\u015f b\u0131rak\u0131l\u0131yor. Sakin okullar, sakin ya\u015fam, sakin seyahat gibi aray\u0131\u015flar ba\u015fl\u0131yor. Bunlar \u00fczerine deneyimler payla\u015f\u0131l\u0131yor, kitaplar yaz\u0131l\u0131yor. \u00c7al\u0131\u015fma saatleri azalt\u0131l\u0131yor. Dostluklar, sohbetler \u00e7o\u011fal\u0131yor.<\/p>\n<p>\u0130nsanlar art\u0131k insanca ya\u015famak istiyor. Sava\u015f istemiyor, bar\u0131\u015f istiyor. N\u00fcfuslar\u0131ndan dolay\u0131 salyangoz logosunu ve \u2018cittaslow\u2019 unvan\u0131n\u0131 alamasalar da Avrupa\u2019n\u0131n b\u00fcy\u00fck kentlerinde de art\u0131k bir yava\u015flama e\u011filimi g\u00f6r\u00fcl\u00fcyor. \u00d6rne\u011fin Milano\u2019da, Paris\u2019te bisiklet kullan\u0131m\u0131n\u0131 yayg\u0131nla\u015ft\u0131rmak i\u00e7in \u00e7al\u0131\u015fmalar yap\u0131l\u0131yor. Paris belediyesi binlerce bisikleti halk\u0131n hizmetine sunmu\u015f. Y\u00fczlerce istasyon kurmu\u015f. Birinden al\u0131p di\u011ferine b\u0131rakabiliyorsunuz. Yar\u0131m saati \u00fccretsiz. Abonelerin haftal\u0131k kullan\u0131m \u00fccretiyse sadece 1 euro.<\/p>\n<p>\u2018Sakin \u015eehirler\u2019 aras\u0131na kat\u0131lma hedefi Adapazar\u0131 i\u00e7in hayal de\u011fil asl\u0131nda. K\u00fclt\u00fcrel \u00e7e\u015fitlilik bak\u0131m\u0131ndan benzersiz bir yer. Do\u011fas\u0131 da \u00f6yle. Gayet g\u00fcvenli ve \u00e7evreci bir ula\u015f\u0131m bi\u00e7imi olarak bisikleti her ya\u015fta kullanabilirsiniz Adapazar\u0131\u2019nda. Gelenekler hen\u00fcz canl\u0131 ya da canland\u0131r\u0131labilecek durumda. Genel olarak ko\u015fullar uygun\u2026 Yerel se\u00e7imler de yak\u0131n. Oktay Ekinci 30 Kas\u0131m\u2019da Cumhuriyet\u2019teki yaz\u0131s\u0131nda: Var m\u0131 kentini bu hareketin \u00fcyesi yapmaya s\u00f6z veren babayi\u011fit bir belediye ba\u015fkan aday\u0131? Oyumuz onlarad\u0131r\u2026\u201d diyor. Ben de verirdim oyumu, yaln\u0131z \u00e7ok da g\u00f6n\u00fcl rahatl\u0131\u011f\u0131yla de\u011fil\u2026 \u00c7\u00fcnk\u00fc T\u00fcrkiye\u2019de y\u00f6netimin ba\u015f\u0131na gelip oturanlar\u0131n, do\u011fru ve iyi bir i\u015f yapt\u0131klar\u0131nda genellikle bir de yanl\u0131\u015f i\u015f yapma al\u0131\u015fkanl\u0131klar\u0131 var. Neden b\u00f6yle bu, bilmiyorum.<\/p>\n<p><em>04\/12\/2008<\/em><\/p>\n<p><em>Bizim Sakarya Gazetesi<\/em><\/p>\n","protected":false},"excerpt":{"rendered":"<p>\u201cD\u00fcnyada obezite salg\u0131n\u0131 ve \u2018fast-food\u2019lara ba\u011fl\u0131 di\u011fer sa\u011fl\u0131k sorunlar\u0131 ald\u0131 y\u00fcr\u00fcd\u00fc. Bat\u0131l\u0131 \u00fcreticiler de art\u0131k bu konuyu d\u00fc\u015f\u00fcnmek gerekti\u011fini anlad\u0131lar.\u00a0 D\u00fc\u015f\u00fcnd\u00fcler ki birbirinden de\u011fi\u015fik, birbirinden g\u00f6z al\u0131c\u0131 ambalajlar\u0131n \u00fczerine hi\u00e7 de\u011filse ger\u00e7ekleri yazarak, alternatif \u00fcr\u00fcnler de sunarak yava\u015flat\u0131labilir bu gidi\u015f\u2026\u201d Yabanc\u0131 bir internet sitesinden ald\u0131\u011f\u0131m bu haberdeki olumlu \u00f6rnekse T\u00fcrkiye\u2019den: \u201cSade simit, ha\u015flanm\u0131\u015f ya da [&hellip;]<\/p>\n","protected":false},"author":1,"featured_media":0,"comment_status":"open","ping_status":"open","sticky":false,"template":"","format":"standard","meta":{"footnotes":""},"categories":[467],"tags":[],"_links":{"self":[{"href":"https:\/\/www.tamayacikel.com\/index.php?rest_route=\/wp\/v2\/posts\/3048"}],"collection":[{"href":"https:\/\/www.tamayacikel.com\/index.php?rest_route=\/wp\/v2\/posts"}],"about":[{"href":"https:\/\/www.tamayacikel.com\/index.php?rest_route=\/wp\/v2\/types\/post"}],"author":[{"embeddable":true,"href":"https:\/\/www.tamayacikel.com\/index.php?rest_route=\/wp\/v2\/users\/1"}],"replies":[{"embeddable":true,"href":"https:\/\/www.tamayacikel.com\/index.php?rest_route=%2Fwp%2Fv2%2Fcomments&post=3048"}],"version-history":[{"count":0,"href":"https:\/\/www.tamayacikel.com\/index.php?rest_route=\/wp\/v2\/posts\/3048\/revisions"}],"wp:attachment":[{"href":"https:\/\/www.tamayacikel.com\/index.php?rest_route=%2Fwp%2Fv2%2Fmedia&parent=3048"}],"wp:term":[{"taxonomy":"category","embeddable":true,"href":"https:\/\/www.tamayacikel.com\/index.php?rest_route=%2Fwp%2Fv2%2Fcategories&post=3048"},{"taxonomy":"post_tag","embeddable":true,"href":"https:\/\/www.tamayacikel.com\/index.php?rest_route=%2Fwp%2Fv2%2Ftags&post=3048"}],"curies":[{"name":"wp","href":"https:\/\/api.w.org\/{rel}","templated":true}]}}