{"id":3648,"date":"2008-09-12T13:37:10","date_gmt":"2008-09-12T10:37:10","guid":{"rendered":"http:\/\/tamayacikel.com\/?p=3648"},"modified":"2014-10-01T14:01:24","modified_gmt":"2014-10-01T11:01:24","slug":"sen-saz","status":"publish","type":"post","link":"https:\/\/www.tamayacikel.com\/?p=3648","title":{"rendered":"\u015eEN SAZ"},"content":{"rendered":"<p>&nbsp;<\/p>\n<p><strong>\u201cSanat \u00f6\u011fretilmez! Sanat \u00f6\u011frenilir!\u201d<\/strong><\/p>\n<p><a href=\"http:\/\/tamayacikel.com\/wp-content\/uploads\/2014\/10\/1-SENSAZ_1.jpg\"><img decoding=\"async\" class=\"aligncenter size-medium wp-image-3651\" src=\"http:\/\/tamayacikel.com\/wp-content\/uploads\/2014\/10\/1-SENSAZ_1-200x300.jpg\" alt=\"1-SENSAZ_1\" width=\"200\" height=\"300\" srcset=\"https:\/\/www.tamayacikel.com\/wp-content\/uploads\/2014\/10\/1-SENSAZ_1-200x300.jpg 200w, https:\/\/www.tamayacikel.com\/wp-content\/uploads\/2014\/10\/1-SENSAZ_1.jpg 534w\" sizes=\"(max-width: 200px) 100vw, 200px\" \/><\/a><br \/>\n<strong>Sabri usta\u2026<\/strong><br \/>\nSaz ustas\u0131<strong> Sabri Uzun<\/strong>. Hem \u00fcretiyor hem de \u00e7al\u0131yor. Ya\u015f\u0131 56. 15 ya\u015f\u0131nda baba olmu\u015f. \u00dc\u00e7 o\u011flu bir k\u0131z\u0131 ve 6 torunu varm\u0131\u015f. O\u011fullar\u0131n\u0131n birini, \u00fc\u00e7 y\u0131l \u00f6nce kaybetmi\u015f\u2026 Torunlar\u0131ndan biri askere gidecek. Adresi:<br \/>\n<strong>\u015eEN SAZ M\u00fczik Aletleri \u0130malat ve Tic. San.<\/strong><br \/>\nAdnan Menderes Caddesi<br \/>\nBerber Sokak, No:6<br \/>\nAdapazar\u0131<br \/>\nS\u00f6zle\u015fmi\u015ftik bir g\u00fcn \u00f6nceden. Dedi\u011fimiz saatte, e\u015fimle birlikte kap\u0131n\u0131n \u00f6n\u00fcndeyiz. \u201cZile bas\u0131n!\u201d diye bir not var. Zile bas\u0131yoruz. \u201cTamam, geliyorum,\u201d diye sesleniyor a\u015fa\u011f\u0131ya\u2026 Birka\u00e7 dakika sonra iniyor, buyur ediyor d\u00fckk\u00e2na.<\/p>\n<p><em><strong>\u2014 Memleket neresi Sabri usta?<\/strong><\/em><br \/>\nTrabzon, Be\u015fikd\u00fcz\u00fc. Bizimkiler 42\u2019den sonra gelmi\u015fler Adapazar\u0131\u2019na. Ben burada do\u011fmu\u015fum. Batum T\u00fcrklerin elindeyken \u00e7al\u0131\u015fmaya gitmi\u015fler oraya. Babam t\u00fct\u00fcn i\u015fleri, eksperlik, d\u00fclgerlik yapm\u0131\u015f. Buraya geldikten sonra bu i\u015fi yapt\u0131.<br \/>\n\u2014 Baba mesle\u011fi yani\u2026<br \/>\nTabii. Ben ilkokulu bitirdikten sonra bir f\u0131r\u0131na girdim. Sonra f\u0131r\u0131n i\u015fi a\u011f\u0131r geldi, babam\u0131n yan\u0131nda saz yap\u0131m\u0131na ba\u015flad\u0131m.11 ya\u015f\u0131nda faland\u0131m. Ortaokula gitmedim. Yedi sene Arap\u00e7a okudum.<br \/>\nBizim d\u00fckk\u00e2n\u0131n kurulu\u015fu, 1956. O zamanlar buralar k\u00f6yle birdi. Neredeyse 60 senesinden beri \u00e7al\u0131\u015f\u0131yorum.<br \/>\nSaz imalat\u00e7\u0131s\u0131 yok ba\u015fka Adapazar\u0131\u2019nda. O\u011flum Karaa\u011fa\u00e7dibi\u2019nde: Y\u0131ld\u0131r\u0131m Organizasyon. D\u00fc\u011f\u00fcnlerde, derneklerde \u00e7al\u0131yorlar. O da saz yapmas\u0131n\u0131 biliyor, ama i\u015fleri ay\u0131rd\u0131k. \u201cBen m\u00fczikle ilgileneyim, sen saz yap baba,\u201d dedi. \u201cM\u00fczi\u011fi b\u0131rak, demiyorum. Ba\u011flama \u00e7al yine, ders ver,\u201d dedi. \u0130\u015fleri iyi. Maddi bak\u0131mdan benden ileride \u015fimdi.<br \/>\nBen d\u00fc\u011f\u00fcnlerde \u00e7almay\u0131 b\u0131rakal\u0131 baya\u011f\u0131 oldu. 86\u2019da b\u0131rakt\u0131m. Org \u00e7\u0131k\u0131nca bu sanat\u0131n bir de\u011feri kalmad\u0131 art\u0131k. Al\u0131yor orgu koltu\u011funun alt\u0131na\u2026 \u0130ki de kolon\u2026 Ba\u011fl\u0131yor disketi, kendi oturuyor sigara i\u00e7iyor! Sanat bu mu? Bizim gitti\u011fimiz zaman bateri vard\u0131, canl\u0131 m\u00fczik yap\u0131yorduk. Bongo vard\u0131, darbuka vard\u0131.<\/p>\n<p><a href=\"http:\/\/tamayacikel.com\/wp-content\/uploads\/2014\/10\/1-Sabri_Uzun_1.jpg\"><img decoding=\"async\" class=\"aligncenter size-medium wp-image-3653\" src=\"http:\/\/tamayacikel.com\/wp-content\/uploads\/2014\/10\/1-Sabri_Uzun_1-201x300.jpg\" alt=\"1-Sabri_Uzun_1\" width=\"201\" height=\"300\" srcset=\"https:\/\/www.tamayacikel.com\/wp-content\/uploads\/2014\/10\/1-Sabri_Uzun_1-201x300.jpg 201w, https:\/\/www.tamayacikel.com\/wp-content\/uploads\/2014\/10\/1-Sabri_Uzun_1.jpg 536w\" sizes=\"(max-width: 201px) 100vw, 201px\" \/><\/a><\/p>\n<p><strong><em>\u2014 Hi\u00e7 gazeteci geldi mi size daha \u00f6nce?<\/em><\/strong><br \/>\nGeldi. Bir ara yuvarlak de\u011fil de d\u00fcz sazlar yapt\u0131m ben. Ondan sebep geldiler. Baya\u011f\u0131 satt\u0131m o sazlardan. 50\u201360 tane yapt\u0131m, sat\u0131ld\u0131. \u015eu arkas\u0131 d\u00fcz olanlar. Mandolinden esinlenmi\u015ftim. \u201cKesik ba\u011flama\u201d koyduk ad\u0131n\u0131. Sesten anlayan onu al\u0131r. Anlamayan, \u201cbu nas\u0131l saz?\u201d diyor. Bir bocal\u0131yor yani.<br \/>\nKemen\u00e7e, ba\u011flama, ut\u2026 A\u011fa\u00e7tan olan t\u00fcm enstr\u00fcmanlar\u0131 yapar\u0131m. Tamirat\u0131n\u0131 da yapar\u0131m hepsinin.<br \/>\nKeman da yapar\u0131m. Kal\u0131p i\u015fi onlar. En \u00f6nemli \u015fey kal\u0131pt\u0131r. Kal\u0131b\u0131 oturdu mu ondan sonra gider i\u015f.<br \/>\n\u00c7alacak olan insan\u0131n yap\u0131s\u0131na uygun mu olmal\u0131 saz\u0131n boyutlar\u0131? Tabii. Kendisi b\u00fcy\u00fckse b\u00fcy\u00fck saz istiyor. Mesela, kocaman parmaklar\u0131 var b\u00f6yle\u2026 Diyor ki \u201cbenim saz\u0131m\u0131n sap\u0131n\u0131 kal\u0131n yap.\u201d 48\u2019lik ba\u011flama var mesela\u2026 38\u2019lik, 40\u2019l\u0131k, 42\u2019lik, 50\u2019lik var\u2026 S\u0131ra s\u0131ra gidiyor tekne boylar\u0131\u2026<br \/>\nS\u00fcsleme iste\u011fe ba\u011fl\u0131. \u015eu g\u00f6rd\u00fc\u011f\u00fcn\u00fcz ba\u011flamadaki i\u015f\u00e7ilik yakla\u015f\u0131k 9\u201310 g\u00fcnde \u00e7\u0131k\u0131yor. \u201cFiyat\u0131 500 lira,\u201d dedi\u011fimiz zaman, adam kap\u0131y\u0131 \u00e7ekip ka\u00e7\u0131yor. Normal ba\u011flamalar, 150 liradan ba\u015fl\u0131yor\u2026 \u00d6\u011frenci sazlar\u0131, 150, 200\u2026 Boy boy gidiyor.<br \/>\n\u0130stenirse sedef kakma da yap\u0131yorum tabii, ama ben s\u00fcslemenin \u00fczerine d\u00fc\u015fmem.<br \/>\nBizim geleneklerimize g\u00f6re, saz yapmaya en elveri\u015fli a\u011fa\u00e7 meyve a\u011fac\u0131d\u0131r. Hepsinden olur; dut a\u011fac\u0131ndan, kiraz a\u011fac\u0131ndan, erik a\u011fac\u0131ndan\u2026 En iyi duttan olur.<br \/>\nCila olarak vernik kullan\u0131r\u0131m. Eskisi gibi gomalak \u00e7al\u0131\u015fan yok \u015fimdi. Ben elle yapar\u0131m verni\u011fi. \u0130nce yapar\u0131m, \u00e7\u00fcnk\u00fc cilan\u0131n kal\u0131nl\u0131\u011f\u0131 sesi etkiler.<br \/>\nBizim ruhumuza i\u015fledi art\u0131k o sesler. Mesela, \u00fcniversiteden hoca gelip oturuyor buraya. Saz \u00e7alacak; \u201cHocam, \u015funu ayarlar m\u0131s\u0131n?\u201d diyor, bana uzat\u0131yor saz\u0131.<br \/>\nBu \u00e7ift tarafl\u0131 ba\u011flamay\u0131 ben yapt\u0131m. Ad\u0131n\u0131 hen\u00fcz koymad\u0131m. Bizim rahmetli \u00d6zay G\u00f6nl\u00fcm\u2019\u00fcn bir saz\u0131 vard\u0131. \u00dc\u00e7l\u00fcyd\u00fc o, ama \u00fcst \u00fcsteydi. Benimki iki tarafl\u0131 bir saz, onun gibi de\u011fil, \u00e7ok de\u011fi\u015fik bu. Bir taraf\u0131 k\u0131sa sap ba\u011flama, \u00f6teki uzun sap ba\u011flama. \u00c7eviriyorsun \u00f6b\u00fcr taraf\u0131n\u0131 \u00e7al\u0131yorsun. Bu \u00e7e\u015fidi hi\u00e7 kimsede yok ama\u2026<br \/>\nBu da benim yapt\u0131\u011f\u0131m bir ut. Yenisini yap dedi\u011fin zaman 1200 dolar\u2019dan ba\u015fl\u0131yor. \u00c7ok g\u00fcn al\u0131yor. Ut\u00e7uya sipari\u015f verdi\u011fin zaman iki sene bekleyeceksin, yoksa atars\u0131n \u00e7\u00f6pe! Tavan aras\u0131nda kiremitlerin aras\u0131na koyacak, orada iyice kuruyacak\u2026<br \/>\nEn basit saz, saat tutmaca, 36 saatten a\u015fa\u011f\u0131 \u00e7\u0131km\u0131yor. G\u00fcnde sekiz saat \u00e7al\u0131\u015f\u0131r\u0131m; sen hesapla, ka\u00e7 g\u00fcn!<br \/>\nBa\u015fka yere giderseniz akl\u0131n\u0131zda olsun; \u015fu kal\u0131nl\u0131kta (6 mm) \u2018yaprak ba\u011flama\u2019y\u0131* yapan T\u00fcrkiye\u2019de, hatta d\u00fcnyada yoktur. K\u00e2\u011f\u0131t gibi yap\u0131yorlar. \u00c7at diye k\u0131r\u0131l\u0131r o.<br \/>\nA\u011fa\u00e7 bulamad\u0131klar\u0131 i\u00e7in tabii. Bilhassa \u0130stanbul\u2019da\u2026 Ceviz a\u011fac\u0131n\u0131n metrek\u00fcp\u00fc d\u00fcnya para! S\u00f6ylemesi ay\u0131pt\u0131r, be\u015f metrek\u00fcp a\u011faca 18 bin dolar verdim. \u015eu kerestelere\u2026 Hesapla, ka\u00e7 liraya geliyor metrek\u00fcp\u00fc.<br \/>\n\u201c\u0130nce yap, ucuza \u00e7\u0131ks\u0131n!\u201d Yapmam! Ben sanat\u0131m\u0131 lekelemem. Tur\u015fu suyu satar\u0131m gene para kazan\u0131r\u0131m ben, yahu! Burada \u015fimdi, para kazanmak \u00f6nemli de\u011fil. Hizmet etmek \u00f6nemli. Do\u011fru d\u00fcr\u00fcst bir hizmet vermek\u2026 Yanl\u0131\u015f m\u0131 konu\u015fuyorum?<\/p>\n<p><em><strong>\u2014 Yeti\u015ftirdi\u011finiz kimse var m\u0131?<\/strong><\/em><br \/>\nYozgatl\u0131 bir \u00e7ocuk var. Ankara\u2019da bu i\u015fi yap\u0131yor \u015fimdi.<\/p>\n<p><a href=\"http:\/\/tamayacikel.com\/wp-content\/uploads\/2014\/10\/1-DSC_0543-16.jpg\"><img decoding=\"async\" class=\"aligncenter size-medium wp-image-3650\" src=\"http:\/\/tamayacikel.com\/wp-content\/uploads\/2014\/10\/1-DSC_0543-16-199x300.jpg\" alt=\"1-DSC_0543 (16)\" width=\"199\" height=\"300\" srcset=\"https:\/\/www.tamayacikel.com\/wp-content\/uploads\/2014\/10\/1-DSC_0543-16-199x300.jpg 199w, https:\/\/www.tamayacikel.com\/wp-content\/uploads\/2014\/10\/1-DSC_0543-16.jpg 533w\" sizes=\"(max-width: 199px) 100vw, 199px\" \/><\/a><br \/>\n<em><strong>\u2014 Merak eden, geleyim \u00f6\u011freneyim diyen yok mu?<\/strong><\/em><br \/>\nVar, olmaz olur mu? Fakat \u015fimdi eskisi gibi de\u011fil. Eskiden babalar b\u0131rak\u0131rd\u0131 \u00e7ocu\u011fu, \u201cEti senin kemi\u011fi benim,\u201dderlerdi. \u201cKa\u00e7 lira vereceksin?\u201d demezlerdi. \u015eimdi maddiyata d\u00f6nd\u00fc i\u015f.<br \/>\nEn ba\u015fta temizli\u011fi \u00f6\u011fretmek laz\u0131m. D\u00fckk\u00e2n\u0131 silip s\u00fcp\u00fcrmesini\u2026 Sanat \u00f6\u011fretilmez! Sanat \u00f6\u011frenilir! Asla bir insana sanat\u0131 \u00f6\u011fretemezsiniz! G\u00f6rerek \u00f6\u011frenecek. Sanat h\u0131rs\u0131z\u0131 vard\u0131r, \u00e7alar: \u015eimdi ben burada \u00e7al\u0131\u015f\u0131rken adam gelir\u2026 \u00d6yle durup bakar. Ne yap\u0131yorsun, ne ediyorsun? \u201cBen \u00e7al\u0131\u015fay\u0131m senin yan\u0131nda usta be! Yard\u0131m edeyim sana\u2026\u201d Hemen anlar\u0131m niyetini, yol veririm.<br \/>\n50 senedir \u00e7al\u0131\u015f\u0131yorum ben, h\u00e2l\u00e2 bir \u015fey bilmiyorum. Ama \u015funu biliyorum: Yapan de\u011fildir usta, yapt\u0131rand\u0131r. Bunun modelini \u00e7izip bana verendir usta! \u201c25\u2019e 38\u2019lik ba\u011flama istiyorum, 26 olacak teknenin geni\u015fli\u011fi\u2026\u201d diyecek. Oyuncak de\u011fil ki. Hani kavak a\u011fac\u0131ndan portakal sand\u0131klar\u0131 var ya, adam bir saatte d\u00f6rt tane tekne yapt\u0131 onlarla, g\u00f6rd\u00fcm. Saz de\u011fil ki o! Al\u0131yorsun Unkapan\u0131\u2019ndan, buraya gelene kadar bozuluyor. Zaten bozuk. \u00c7alm\u0131yor ki. Vatanda\u015f bak\u0131yor, b\u00fcy\u00fckl\u00fck ayn\u0131, \u00fcst\u00fcn\u00fcn boyas\u0131 at\u0131lm\u0131\u015f, saz m\u0131, saz\u2026 Geliyor, \u201cSabri Amca be, Unkapan\u0131\u2019nda g\u00f6rd\u00fcm, k\u0131l\u0131f\u0131yla beraber 35 liraya saz sat\u0131l\u0131yor\u201d. \u201cEvlad\u0131m bende de var onlardan. Bana 12\u201313 liradan veriyor, o 35 liral\u0131k sazlar\u0131\u201d. \u00c7in mal\u0131 sazlar bunlardan iyi\u2026<br \/>\nDaha \u00e7ok satabilmek i\u00e7in kaliteyi d\u00fc\u015f\u00fcrmeye raz\u0131 olur muyum? Kati surette yapmam! \u00c7al\u0131\u015ft\u0131\u011f\u0131m toptanc\u0131ya dedim ki \u201cArkada\u015f\u0131m, masraf \u00e7\u0131kt\u0131ktan sonra 17 liraya geliyor benim g\u00fcnl\u00fck yevmiyem. \u0130nsaf et yani! Anlay\u0131\u015fl\u0131 ol da biraz, birbirimizi idare edelim\u201d. \u00d6yle deyince, bu sefer sazlar\u0131 b\u0131rakt\u0131. Neden? Tek ele d\u00fc\u015fmeye \u00e7al\u0131\u015f\u0131yor adam: Bana muhta\u00e7 olsun, benim yan\u0131ma gelsin\u2026 T\u00fcccar, \u00fcreticiyi daima ezer. Pazarlama i\u015flerimizi \u00fcstlenen bir kooperatif yok Adapazar\u0131\u2019nda. \u0130stanbul\u2019da da yok. Yapt\u0131lar \u00f6yle bir \u015fey, tutmad\u0131. Tutturamad\u0131lar yani.<br \/>\nDepremden dolay\u0131 baz\u0131 \u015fartlar de\u011fi\u015fti. Ekonomi bozuldu. \u0130nsan g\u0131daya para yeti\u015ftiremiyor. Elektrik paras\u0131, su paras\u0131, telefon paras\u0131\u2026 Ald\u0131\u011f\u0131m\u0131z\u0131 bunlara harc\u0131yoruz. Sanatk\u00e2rl\u0131\u011f\u0131 \u00f6ld\u00fcrd\u00fcler yahu! Sanat diye bir \u015fey kalmad\u0131.<br \/>\nDepremde burada yoktuk. Benim \u0130zmit\u2019te iki tane d\u00fckk\u00e2n\u0131m vard\u0131\u2026 G\u00fczel makineler vard\u0131. Yapm\u0131\u015ft\u0131m her \u015feyi. At\u00f6lye vard\u0131. Fakat i\u015fte buradan kazand\u0131\u011f\u0131m\u0131z\u0131 oraya harcad\u0131k, oradan kazand\u0131\u011f\u0131m\u0131z\u0131 buraya, sermayeyi d\u00fc\u015f\u00fcrd\u00fck. Depremde oras\u0131 y\u0131k\u0131lmad\u0131. Burada benim 680 milyarl\u0131k (680 bin TL) mal\u0131m gitti. Ne yapay\u0131m?.. Bir eski arabam vard\u0131. K\u0131rm\u0131z\u0131 Renault\u2026 \u00c7\u0131kt\u0131m bakt\u0131m; ev gitmi\u015f, ama araba duruyor! Dedim, \u201cEskiden arabam da yoktu, Allaha \u015f\u00fck\u00fcr be!\u201d Kar\u015f\u0131ya hemen bir baraka yapt\u0131m. Bu evin y\u0131k\u0131lan kiremitlerini dizdim barakan\u0131n \u00fczerine. \u00c7ekyat\u0131 da koydum\u2026 Tak\u0131mlar gitmi\u015f; bir tane de mengene ald\u0131m hurdac\u0131dan. Ba\u015flad\u0131m saz yapmaya\u2026<\/p>\n<p><a href=\"http:\/\/tamayacikel.com\/wp-content\/uploads\/2014\/10\/1-SSA_1.jpg\"><img decoding=\"async\" class=\"aligncenter size-medium wp-image-3649\" src=\"http:\/\/tamayacikel.com\/wp-content\/uploads\/2014\/10\/1-SSA_1-199x300.jpg\" alt=\"1-SSA_1\" width=\"199\" height=\"300\" srcset=\"https:\/\/www.tamayacikel.com\/wp-content\/uploads\/2014\/10\/1-SSA_1-199x300.jpg 199w, https:\/\/www.tamayacikel.com\/wp-content\/uploads\/2014\/10\/1-SSA_1.jpg 533w\" sizes=\"(max-width: 199px) 100vw, 199px\" \/><\/a><br \/>\n<em><strong>\u2014 Depremden ka\u00e7 g\u00fcn sonrayd\u0131?<\/strong><\/em><br \/>\nD\u00f6rt be\u015f g\u00fcn sonra.<br \/>\n<em><strong>\u2014 Peki, kal\u0131p yok bir \u015fey yok\u2026<\/strong><\/em><br \/>\nK\u0131sa ufak bir sac\u0131 e\u011fdim b\u00f6yle kal\u0131p yerine\u2026 T\u00fcpgaz\u0131n \u00fczerine koyuyorum sac\u0131 ve onun \u00fczerinde \u00e7\u0131talar\u0131 tek tek b\u00fckmeye \u00e7al\u0131\u015f\u0131yorum. Yok ki bir \u015fey! Her \u015fey gitmi\u015f, nas\u0131l yapay\u0131m ba\u015fka?<br \/>\nMillet geliyor: \u201cAbi ne yap\u0131yorsun?\u201d \u201cSaz yap\u0131yorum\u201d. \u201cYahu sen deli misin, deprem oluyor!\u201d<br \/>\nDeprem her zaman oluyor. Zaten deli olmayan yapmaz ki bu i\u015fi, ger\u00e7ek bu!<br \/>\nD\u00fczce depreminde Japonlar geldi buraya. Yerel televizyondan\u2026 Bakt\u0131lar ben \u00e7al\u0131\u015f\u0131yorum. \u00d6n taraf y\u0131k\u0131lm\u0131\u015f, herkes beni g\u00f6r\u00fcyor zaten. Bir \u00e7ocuk geldi, \u201cAmca merhaba!\u201d dedi. \u201cMerhaba!\u201d dedim. \u201cBunlar Japon\u201d dedi. \u201cEe?\u201d \u201cSeninle r\u00f6portaj yapmak istiyorlar. 10\u201315 g\u00fcn kalacaklarm\u0131\u015f. Devlet veriyormu\u015f paralar\u0131n\u0131. Sen ne kadar istiyorsun?\u201d Biraz d\u00fc\u015f\u00fcnd\u00fcm; saat \u00fccretiyle olur dedim. Saat \u00fccreti 50 dolar verirler dedim.<br \/>\nDokuz g\u00fcn m\u00fc, on g\u00fcn m\u00fc oturdular ba\u015f\u0131mda. Saz\u0131n bitimine kadar beklediler, \u00e7ekim yapt\u0131lar. Saz nas\u0131l yap\u0131l\u0131r?.. Ne a\u011fac\u0131ndan olur?..<br \/>\nHesaplad\u0131k: 3500 dolar! Sonradan \u00e7ocuk uyand\u0131rd\u0131 beni: \u201cNe yapt\u0131n sen abi ya! Bunlardan isteyecektin otuz-k\u0131rk bin dolar,\u201d dedi. \u201cSen de zaman\u0131nda s\u00f6yleseydin ya!\u201d dedim. Ah kafam! (G\u00fcl\u00fcyor.)<br \/>\nHesab\u0131 kestik\u2026 Onlar gittikten sonra ben hemen temeli kazmaya ba\u015flad\u0131m, buray\u0131 yapt\u0131m.<br \/>\nBeni bu camiada tan\u0131mayan yok! Burada olsun, yurtd\u0131\u015f\u0131nda olsun\u2026 1976 senesinde, TRT Ankara Radyosu\u2019nun sazlar\u0131n\u0131 yapt\u0131m ben. \u0130haleye girdim, ben ald\u0131m yani. 36 tane saz yapt\u0131m. H\u00e2l\u00e2 benim ba\u011flamalar\u0131m \u00e7al\u0131n\u0131yor orada, ama benim ismim ge\u00e7miyor, sazlar\u0131 yapt\u0131 diye!<br \/>\nDepremden \u00f6nce bizim i\u015flerimiz iyiydi, fena de\u011fildi. \u00d6zel olarak gelirlerdi d\u00fckk\u00e2na. Fakat alt ge\u00e7it yapt\u0131lar, bozdular \u015furay\u0131! Yerimizi bulam\u0131yorlar. \u0130stanbul\u2019dan bir m\u00fc\u015fterim Adapazar\u0131\u2019na gelmi\u015f, benim d\u00fckk\u00e2n\u0131 ka\u00e7\u0131rm\u0131\u015f alt ge\u00e7itten ge\u00e7erken. Ta D\u00fczce\u2019ye kadar gitmi\u015f! Nas\u0131l bulsun?<br \/>\nYani elli senelik yerimizde kendimizi kaybettirdik.<br \/>\nBir lokanta vard\u0131. Alt ge\u00e7itten \u00f6nce i\u015fleri gayet iyiydi. Kirac\u0131 olduklar\u0131 d\u00fckk\u00e2n\u0131 almay\u0131 bile d\u00fc\u015f\u00fcn\u00fcyorlard\u0131. \u201cYer ar\u0131yoruz, \u00e7\u0131kaca\u011f\u0131z gidece\u011fiz,\u201d diyorlar \u015fimdi. Mahrumiyet b\u00f6lgesi\u2026 Hem ka\u00e7 ki\u015fi \u00f6ld\u00fc burada, yaz\u0131k g\u00fcnah de\u011fil mi? Ticaret de bitti. \u0130\u015fte g\u00f6r\u00fcyorsun bak, ne gelen var ne giden! Mecburen toptanc\u0131ya \u00e7al\u0131\u015faca\u011f\u0131z.<br \/>\n<strong><em>\u2014 Peki, usta; \u015fehir i\u00e7inde bir yer g\u00f6sterseler size, \u201cKurun buraya at\u00f6lyenizi, \u00e7al\u0131\u015f\u0131n,\u201d deseler?<\/em> <\/strong><br \/>\nO zaman olur, ama benim sermayem yok ki\u2026 Ama evvelallah a\u011fa\u00e7tan yapamayaca\u011f\u0131m hi\u00e7bir \u015fey yok! Sa\u011fl\u0131\u011f\u0131m iyi. Bir tek, ta\u015f var b\u00f6bre\u011fimde. A\u011fr\u0131 yap\u0131yor ara s\u0131ra. Bol bol su i\u00e7ince ge\u00e7iyor o da. Yoruldum mu, \u00e7\u0131kar yukar\u0131 dinlenirim.<\/p>\n<p>***<br \/>\nDavetsiz misafirleri var ustan\u0131n: Yaramaz sokak kedileri ve bir k\u00f6pek! K\u00f6pe\u011fi durmadan kovuyor:<br \/>\n<em><strong>\u2014 \u00c7\u0131k d\u0131\u015far\u0131, hi\u015ft!<\/strong><\/em><br \/>\nD\u00f6n\u00fcp geliyor az sonra\u2026 \u0130\u00e7erisi serin, soka\u011fa g\u00f6re. Ald\u0131rm\u0131yor art\u0131k kovulmaya. K\u0131vr\u0131l\u0131p yat\u0131yor yere.<\/p>\n<p><a href=\"http:\/\/tamayacikel.com\/wp-content\/uploads\/2014\/10\/1-Sabri_Uzun.jpg\"><img decoding=\"async\" class=\"aligncenter wp-image-3654 size-medium\" src=\"http:\/\/tamayacikel.com\/wp-content\/uploads\/2014\/10\/1-Sabri_Uzun-300x225.jpg\" alt=\"1-Sabri_Uzun\" width=\"300\" height=\"225\" srcset=\"https:\/\/www.tamayacikel.com\/wp-content\/uploads\/2014\/10\/1-Sabri_Uzun-300x225.jpg 300w, https:\/\/www.tamayacikel.com\/wp-content\/uploads\/2014\/10\/1-Sabri_Uzun.jpg 800w\" sizes=\"(max-width: 300px) 100vw, 300px\" \/><\/a><br \/>\nTekir kedi omzunda, kuca\u011f\u0131nda\u2026 Bizle konu\u015fmas\u0131n\u0131 istemiyor gibi. K\u0131skan\u0131yor, rahat vermiyor ustaya.<br \/>\n<em><strong>\u2014 Hi\u015f\u015f! Ne oldu, sen de gazeteye mi \u00e7\u0131kmak istiyorsun? Kalksana! Kalk, kalk hadi adam gibi\u2026 Hah, \u015f\u00f6ylee!.. Gel, \u00e7ek abla\u2026<\/strong><\/em><\/p>\n<p>Foto\u011fraflar: Tamay A\u00e7\u0131kel &#8211; Arzu A\u00e7\u0131kel<\/p>\n<p><em>*Bir k\u00fct\u00fc\u011f\u00fcn oyulmas\u0131 ile yap\u0131lan ba\u011flamalara \u2018oyma ba\u011flama\u2019, bir\u00e7ok par\u00e7an\u0131n birle\u015ftirilerek g\u00f6vde olu\u015fturulmas\u0131 yolu ile yap\u0131lan ba\u011flamalara da \u2018yaprak ba\u011flama\u2019 ad\u0131 verilir.(www.baglamakursu.net)<\/em><\/p>\n","protected":false},"excerpt":{"rendered":"<p>&nbsp; \u201cSanat \u00f6\u011fretilmez! Sanat \u00f6\u011frenilir!\u201d Sabri usta\u2026 Saz ustas\u0131 Sabri Uzun. Hem \u00fcretiyor hem de \u00e7al\u0131yor. Ya\u015f\u0131 56. 15 ya\u015f\u0131nda baba olmu\u015f. \u00dc\u00e7 o\u011flu bir k\u0131z\u0131 ve 6 torunu varm\u0131\u015f. O\u011fullar\u0131n\u0131n birini, \u00fc\u00e7 y\u0131l \u00f6nce kaybetmi\u015f\u2026 Torunlar\u0131ndan biri askere gidecek. Adresi: \u015eEN SAZ M\u00fczik Aletleri \u0130malat ve Tic. San. Adnan Menderes Caddesi Berber Sokak, No:6 [&hellip;]<\/p>\n","protected":false},"author":1,"featured_media":3652,"comment_status":"open","ping_status":"open","sticky":false,"template":"","format":"standard","meta":{"footnotes":""},"categories":[463],"tags":[],"_links":{"self":[{"href":"https:\/\/www.tamayacikel.com\/index.php?rest_route=\/wp\/v2\/posts\/3648"}],"collection":[{"href":"https:\/\/www.tamayacikel.com\/index.php?rest_route=\/wp\/v2\/posts"}],"about":[{"href":"https:\/\/www.tamayacikel.com\/index.php?rest_route=\/wp\/v2\/types\/post"}],"author":[{"embeddable":true,"href":"https:\/\/www.tamayacikel.com\/index.php?rest_route=\/wp\/v2\/users\/1"}],"replies":[{"embeddable":true,"href":"https:\/\/www.tamayacikel.com\/index.php?rest_route=%2Fwp%2Fv2%2Fcomments&post=3648"}],"version-history":[{"count":1,"href":"https:\/\/www.tamayacikel.com\/index.php?rest_route=\/wp\/v2\/posts\/3648\/revisions"}],"predecessor-version":[{"id":3655,"href":"https:\/\/www.tamayacikel.com\/index.php?rest_route=\/wp\/v2\/posts\/3648\/revisions\/3655"}],"wp:featuredmedia":[{"embeddable":true,"href":"https:\/\/www.tamayacikel.com\/index.php?rest_route=\/wp\/v2\/media\/3652"}],"wp:attachment":[{"href":"https:\/\/www.tamayacikel.com\/index.php?rest_route=%2Fwp%2Fv2%2Fmedia&parent=3648"}],"wp:term":[{"taxonomy":"category","embeddable":true,"href":"https:\/\/www.tamayacikel.com\/index.php?rest_route=%2Fwp%2Fv2%2Fcategories&post=3648"},{"taxonomy":"post_tag","embeddable":true,"href":"https:\/\/www.tamayacikel.com\/index.php?rest_route=%2Fwp%2Fv2%2Ftags&post=3648"}],"curies":[{"name":"wp","href":"https:\/\/api.w.org\/{rel}","templated":true}]}}