{"id":495,"date":"2007-04-05T18:01:55","date_gmt":"2007-04-05T18:01:55","guid":{"rendered":"http:\/\/www.tamayacikel.com\/?p=495"},"modified":"2015-02-06T23:47:55","modified_gmt":"2015-02-06T21:47:55","slug":"side-muzesi-ve-dietmar-friese-2-2","status":"publish","type":"post","link":"https:\/\/www.tamayacikel.com\/?p=495","title":{"rendered":"Side M\u00fczesi ve Dietmar Friese"},"content":{"rendered":"<div id=\"attachment_4393\" style=\"width: 310px\" class=\"wp-caption aligncenter\"><a href=\"http:\/\/tamayacikel.com\/wp-content\/uploads\/2007\/04\/Fatma-ve-Dietmar-Friese.jpg\"><img aria-describedby=\"caption-attachment-4393\" decoding=\"async\" class=\"wp-image-4393 size-medium\" src=\"http:\/\/tamayacikel.com\/wp-content\/uploads\/2007\/04\/Fatma-ve-Dietmar-Friese-300x297.jpg\" alt=\"\" width=\"300\" height=\"297\" srcset=\"https:\/\/www.tamayacikel.com\/wp-content\/uploads\/2007\/04\/Fatma-ve-Dietmar-Friese-300x297.jpg 300w, https:\/\/www.tamayacikel.com\/wp-content\/uploads\/2007\/04\/Fatma-ve-Dietmar-Friese-150x150.jpg 150w, https:\/\/www.tamayacikel.com\/wp-content\/uploads\/2007\/04\/Fatma-ve-Dietmar-Friese.jpg 800w\" sizes=\"(max-width: 300px) 100vw, 300px\" \/><\/a><p id=\"caption-attachment-4393\" class=\"wp-caption-text\">Fatma ve Dietmar Friese<\/p><\/div>\n<p><strong><em>S\u00f6yle\u015fi: Tamay A\u00e7\u0131kel <\/em><\/strong><\/p>\n<p><em>tamayacikel@yahoo.com<\/em><\/p>\n<p>&nbsp;<\/p>\n<p><strong><em>\u201cBiz yokluk i\u00e7inde bu i\u015fe ba\u015flad\u0131k! Yar\u0131m as\u0131rdan beri deve ku\u015fu gibi ba\u015f\u0131m\u0131z\u0131 kuma g\u00f6md\u00fck! Art\u0131k yeter!<\/em><\/strong><\/p>\n<p><strong><em>\u0130nsan ve hayvan aras\u0131ndaki fark, bilin\u00e7 ve k\u00fclt\u00fcrden do\u011fan sanatt\u0131r!<\/em><\/strong><\/p>\n<p><strong><em>Biz bu k\u00fclt\u00fcr zincirinin son halkas\u0131y\u0131z.<\/em><\/strong><\/p>\n<p><strong><em>Anadolu topra\u011f\u0131ndan \u00e7\u0131kan k\u00fclt\u00fcrlerin eserleri b\u00fct\u00fcn insanlara, hepimize aittir! \u00d6yleyse hepimiz, birlik ve beraberlikle bu eserleri koruma g\u00f6revini sonuna kadar g\u00f6t\u00fcrelim!<\/em><\/strong><\/p>\n<p><em>Side M\u00fczesi\u2019nin durumunu -faziletinize ve k\u00fclt\u00fcr\u00fcn\u00fcze emanet ederek- anlatt\u0131m. <\/em><\/p>\n<p><em>01 \/ 12 \/ 2004\u00a0\u00a0\u00a0\u00a0\u00a0\u00a0\u00a0\u00a0\u00a0\u00a0\u00a0\u00a0\u00a0\u00a0\u00a0\u00a0\u00a0\u00a0\u00a0\u00a0\u00a0\u00a0\u00a0\u00a0\u00a0\u00a0\u00a0\u00a0\u00a0\u00a0\u00a0\u00a0\u00a0\u00a0\u00a0\u00a0\u00a0\u00a0\u00a0\u00a0\u00a0\u00a0\u00a0\u00a0\u00a0\u00a0\u00a0\u00a0\u00a0\u00a0\u00a0\u00a0\u00a0\u00a0\u00a0\u00a0\u00a0\u00a0\u00a0\u00a0\u00a0\u00a0\u00a0\u00a0\u00a0\u00a0\u00a0\u00a0\u00a0\u00a0\u00a0\u00a0\u00a0\u00a0\u00a0\u00a0\u00a0\u00a0\u00a0\u00a0\u00a0\u00a0\u00a0\u00a0\u00a0\u00a0\u00a0\u00a0\u00a0\u00a0\u00a0\u00a0\u00a0\u00a0\u00a0\u00a0\u00a0\u00a0\u00a0\u00a0\u00a0\u00a0 \u00a0\u00a0\u00a0Te\u015fekk\u00fcr ederim.<\/em><\/p>\n<p><strong><em>Dietmar Friese, Heykelt\u0131ra\u015f\u201d<\/em><\/strong><\/p>\n<p>\u015eubat\u2019\u0131n ikinci haftas\u0131\u2026 Antalya\u2019day\u0131z. Dostlar\u0131m\u0131z, <strong>Sakarya G\u00fczel Sanatlar Derne\u011fi (<\/strong>SAG\u00dcSAD) ba\u015fkan\u0131 H\u0131fz\u0131 Kavray\u0131\u015f ve e\u015fi Dilara tan\u0131\u015ft\u0131r\u0131yor bizi <strong>Friese<\/strong>lerle.<\/p>\n<p>\u00d6nce telefon edip bir saat sonras\u0131 i\u00e7in s\u00f6zle\u015fiyoruz. Side M\u00fczesi\u2019ne gidip <strong>Beyzade Yayc\u0131o\u011flu<\/strong>\u2019yu buluyoruz. Beyzade, Dietmar Friese\u2019nin yard\u0131mc\u0131s\u0131, sa\u011f kolu\u2026 <strong>Hermes<\/strong> heykelinin de oldu\u011fu b\u00f6l\u00fcm\u00fc, sonra da heykel onar\u0131m laboratuar\u0131n\u0131 gezdiriyor ve bilgi veriyor bize.<\/p>\n<p>Fatma ve Dietmar Friese Manavgat\u2019\u0131n <strong>Evrenseki<\/strong> beldesi, <strong>Kalemli<\/strong> k\u00f6y\u00fcnde ya\u015f\u0131yorlar.<\/p>\n<p><strong>1955 y\u0131l\u0131\u2026 Dietmar<\/strong>, o zaman 25 ya\u015f\u0131nda bir heykeltra\u015f\u2026 Almanya\u2019dan kalk\u0131p otostopla T\u00fcrkiye\u2019ye geliyor. <strong>Fatma han\u0131mla Kad\u0131k\u00f6y\u2019de<\/strong> tan\u0131\u015f\u0131yorlar. 1957\u2019de evleniyorlar. Gen\u00e7 Dietmar, Beyo\u011flu\u2019nda bir at\u00f6lyede a\u011fa\u00e7 ve mermer heykeller yaparak hayat\u0131n\u0131 kazan\u0131yor.<\/p>\n<p style=\"text-align: left;\"><a href=\"http:\/\/tamayacikel.com\/wp-content\/uploads\/2007\/04\/IMG_3610.jpg\"><img decoding=\"async\" class=\"aligncenter wp-image-4398 size-medium\" src=\"http:\/\/tamayacikel.com\/wp-content\/uploads\/2007\/04\/IMG_3610-300x245.jpg\" alt=\"IMG_3610\" width=\"300\" height=\"245\" srcset=\"https:\/\/www.tamayacikel.com\/wp-content\/uploads\/2007\/04\/IMG_3610-300x245.jpg 300w, https:\/\/www.tamayacikel.com\/wp-content\/uploads\/2007\/04\/IMG_3610.jpg 800w\" sizes=\"(max-width: 300px) 100vw, 300px\" \/><\/a><\/p>\n<p style=\"text-align: left;\">\n<p style=\"text-align: left;\">1961 y\u0131l\u0131nda Side\u2019ye gidiyorlar; \u201chayatlar\u0131 de\u011fi\u015fiyor\u201d. Dietmar\u2019\u0131n Side a\u015fk\u0131 ba\u015fl\u0131yor. O d\u00f6nemde Side&#8217;nin yolu, suyu, elektri\u011fi yok. 200 metrekare arsa sat\u0131n al\u0131yorlar. Ancak buraya yerle\u015febilmeleri i\u00e7in para kazanmalar\u0131 gerek; Almanya\u2019ya gidiyorlar.<\/p>\n<p>D\u00f6rt y\u0131l sonra biriktirdikleri parayla d\u00f6nd\u00fcklerinde, art\u0131k su ve elektrik de gelmi\u015ftir Side\u2019ye. Ev yap\u0131yorlar, ama bu para evin ancak d\u0131\u015f ah\u015fap k\u0131s\u0131mlar\u0131na yetiyor. Sandalyeleri, masalar\u0131 bile Dietmar yap\u0131yor, kalan malzemeyle\u2026 Buzdolab\u0131 alamad\u0131klar\u0131 i\u00e7in Fatma Han\u0131m \u0130stanbul\u2019daki dolab\u0131n\u0131 getiriyor. Onunla idare ediyor, yiyeceklerin bir k\u0131sm\u0131n\u0131 da \u201ckuyuya sal\u0131yor\u201d.<\/p>\n<p>Sonra yava\u015f yava\u015f eksiklerini tamaml\u0131yorlar. Bir kafe a\u00e7\u0131yorlar. Ad\u0131: <strong>Apollonik<\/strong>.<\/p>\n<p>Dietmar\u2019\u0131n g\u00f6nl\u00fc heykel yapmaktad\u0131r art\u0131k\u2026 ama d\u00fc\u015fler erteleniyor.<\/p>\n<p>Side M\u00fczesi\u2019ne 1966 senesinden beri \u201cmeslek\u00ee bilgileriyle, sanat ve tarih co\u015fkusuyla g\u00f6n\u00fcll\u00fc olarak\u201d yard\u0131mda bulunuyor ve ona g\u00f6re bu \u201c\u00e7ok do\u011fal\u201d.<\/p>\n<p><strong>***<\/strong><\/p>\n<p>Ordinaryus <strong>Prof. Dr. Arif M\u00fcfit Mansel<\/strong> ba\u015fkanl\u0131\u011f\u0131nda 1947 y\u0131l\u0131nda Side kaz\u0131lar\u0131nda \u00e7\u0131kar\u0131lan eserlerin ilk restorasyonlar\u0131 k\u0131s\u0131tl\u0131 imk\u00e2nlarla yap\u0131l\u0131yor. Bu y\u00fczden de k\u0131r\u0131k par\u00e7alar\u0131 ba\u011flamak i\u00e7in kullan\u0131lan demir \u00e7ubuk ve pimler zamanla paslanarak mermere zarar veriyor.<\/p>\n<p>2005 y\u0131l\u0131nda, Dietmar Friese\u2019nin \u00f6nerisi ve \u00e7abas\u0131yla, eserlerin onar\u0131m\u0131 i\u00e7in bir laboratuar kurulmas\u0131 sa\u011flanm\u0131\u015f ve bu sayede pek \u00e7ok mermer heykel kurtar\u0131lm\u0131\u015f, ama daha y\u00fczlercesi s\u0131rada bekliyor. Ba\u015fka m\u00fczelerden de eserler geliyor, onar\u0131m i\u00e7in\u2026 <strong>Side M\u00fczesi M\u00fcd\u00fcr Vekili Arif K\u00fc\u00e7\u00fck\u00e7oban<\/strong>\u00b4\u0131n da deste\u011fiyle iki y\u0131lda 78 eser, ekip taraf\u0131ndan onar\u0131lm\u0131\u015f.<\/p>\n<div id=\"attachment_4396\" style=\"width: 162px\" class=\"wp-caption alignleft\"><a href=\"http:\/\/tamayacikel.com\/wp-content\/uploads\/2007\/04\/Beyzade-Yaycioglu.jpg\"><img aria-describedby=\"caption-attachment-4396\" decoding=\"async\" class=\"wp-image-4396 size-medium\" src=\"http:\/\/tamayacikel.com\/wp-content\/uploads\/2007\/04\/Beyzade-Yaycioglu-152x300.jpg\" alt=\"\" width=\"152\" height=\"300\" srcset=\"https:\/\/www.tamayacikel.com\/wp-content\/uploads\/2007\/04\/Beyzade-Yaycioglu-152x300.jpg 152w, https:\/\/www.tamayacikel.com\/wp-content\/uploads\/2007\/04\/Beyzade-Yaycioglu-518x1024.jpg 518w, https:\/\/www.tamayacikel.com\/wp-content\/uploads\/2007\/04\/Beyzade-Yaycioglu.jpg 1059w\" sizes=\"(max-width: 152px) 100vw, 152px\" \/><\/a><p id=\"caption-attachment-4396\" class=\"wp-caption-text\">Beyzade Yaycioglu<\/p><\/div>\n<p>Bay Dietmar, m\u00fczede d\u00f6rt y\u0131ld\u0131r e\u011fitim verdi\u011fi <strong>Beyzade Yayc\u0131o\u011flu<\/strong>\u2019yla birlikte ger\u00e7ekle\u015ftiriyor bunlar\u0131. Beyzade\u2019yi \u00e7ok yetenekli buluyor. \u0130\u015fini sevmesi de \u00e7ok \u00f6nemli ona g\u00f6re: <em>\u201c\u0130\u015fine \u00e2\u015f\u0131k!\u201d<\/em> diyor. Ancak, h\u00e2l\u00e2 kadroya al\u0131nmam\u0131\u015f; d\u00fc\u015f\u00fck bir \u00fccretle ge\u00e7ici i\u015f\u00e7i olarak \u00e7al\u0131\u015f\u0131yor.<\/p>\n<p>&nbsp;<\/p>\n<p><em>En son yapt\u0131\u011f\u0131m\u0131z i\u015f \u2018<strong>Hermes<\/strong>\u2019ti. Tabii en zor \u00e7al\u0131\u015fmayd\u0131. Demirleri, mermere zarar vermeden \u00e7\u0131kartmak, sonra da yenilerini yerle\u015ftirmek tabii biraz zor oluyor\u2026 Beyzade\u2019nin baz\u0131 iyi deneyimleri var. Mesela o y\u0131lan\u2026 be\u015f alt\u0131 par\u00e7a idi, fakat bug\u00fcn o kadar sa\u011flam ki art\u0131k hi\u00e7bir \u015fey olmaz. Hermes, her bak\u0131mdan hepsinden daha de\u011ferli\u2026 Bunlarla deneyim kazanmak \u00f6nemlidir. <\/em><\/p>\n<p><em>Tabii Beyzade\u2019nin bir eksi\u011fi var; okumam\u0131\u015f!<\/em> diyor Friese.<em> \u0130lkokulu bitirmi\u015f, o kadar\u2026 Fakat el becerisi m\u00fckemmel! Bir\u00e7ok i\u015fi art\u0131k ben yapam\u0131yorum, ona yapt\u0131r\u0131yorum. Benden iyi yap\u0131yor. O kadar g\u00fczel yeti\u015fti, o kadar titiz ki\u2026Ama bazen bak\u0131yorum ba\u015fkas\u0131n\u0131n da yapabilece\u011fi i\u015fleri ona yapt\u0131r\u0131yorlar; kaynak yap, \u00a0\u015funu yap bunu yap diyorlar. Olmaz! M\u00fcd\u00fcr\u00fcn bile onu dinlemesi laz\u0131m, \u00e7\u00fcnk\u00fc \u00e7ok de\u011ferli e\u015fyalar elinde. Bu anlay\u0131\u015f da de\u011fi\u015fecek tabii zamanla\u2026<\/em> <em>Bir geli\u015fme, bir a\u015fama i\u00e7inde kendi kendine de\u011fi\u015fecek bu gibi \u015feyler\u2026 Mecburen de\u011fi\u015fecek! <\/em><\/p>\n<p>Bay Dietmar 2004, 2005 ve 2006 y\u0131llar\u0131n\u0131 kapsayan \u00e7ok ayr\u0131nt\u0131l\u0131 bir rapor<\/p>\n<p>haz\u0131rlam\u0131\u015f\u2026 \u015eimdi b\u00fct\u00fcn mesele bu raporun ilgililer taraf\u0131ndan okunmas\u0131!<\/p>\n<p>T\u00fcrk Tarih Vakf\u0131\u2019ndan \u00e7a\u011f\u0131rm\u0131\u015flar Bay Dietmar\u2019\u0131; tan\u0131\u015fmak istemi\u015fler. Raporu vermi\u015f onlara, destekleme program\u0131na al\u0131rlar umuduyla\u2026<\/p>\n<p>Rapor h\u00e2l\u00e2 genel yay\u0131n kurulunda bekliyormu\u015f. \u201c<em>Ben Nasreddin Hoca hik\u00e2yesine benzetiyorum bunu.\u201d <\/em>diyor.<\/p>\n<p>M\u00fczelerdeki heykeller a\u011fl\u0131yor; eller d\u00fc\u015f\u00fcyor, kollar d\u00fc\u015f\u00fcyor; yap\u0131\u015ft\u0131r\u0131yorsun yine d\u00fc\u015f\u00fcyor. Oras\u0131 \u00e7atl\u0131yor, buras\u0131 patl\u0131yor. \u0130nsanlar gibi\u2026 \u0130nsanlar da kendilerine bakmazlarsa hastalan\u0131rlar ya\u2026 Bunlar da ayn\u0131d\u0131r. Tedbir almazsan g\u00fcne\u015f, havan\u0131n rutubeti\u2026 \u00e7e\u015fitli tehlikeler vard\u0131r onlar\u0131 da y\u0131pratan. Mermer yiyen, a\u015f\u0131nd\u0131ran bakteriler vard\u0131r mesela\u2026<\/p>\n<p><em>\u201cOnlarla \u00e7ok u\u011fra\u015ft\u0131m; sonra vazge\u00e7tim, \u00e7\u00fcnk\u00fc benim g\u00fcc\u00fcm\u00fc a\u015f\u0131yor\u201d, <\/em>diyor.<\/p>\n<p>&nbsp;<\/p>\n<p><strong>Yok etmenin ya da \u00f6nlemenin \u00e7aresi yok mu?<\/strong><\/p>\n<p><em>Var tabii! Avrupa\u2019da yap\u0131l\u0131yor. Bunun iki yolu var. Biri lazerle temizleme y\u00f6ntemi. G\u00f6rmek i\u00e7in Almanya\u2019ya gittim. Cihaz 40 bin Euro, yani a\u015fa\u011f\u0131 yukar\u0131 80 bin YTL\u2026 Bizim zavall\u0131 fakir(!) k\u00fclt\u00fcr bakanl\u0131\u011f\u0131 bu paray\u0131 \u00e7\u0131kartamaz!.. M\u00fczelere giri\u015f parayla de\u011fil mi? Onunla beslemeleri laz\u0131m. \u00c7ok a\u011f\u0131r bir rapor yazd\u0131m, ama a\u011f\u0131r oldu\u011fu i\u00e7in ta\u015f\u0131yamad\u0131lar! Ben \u00f6yle anl\u0131yorum, \u00e7\u00fcnk\u00fc b\u00fct\u00fcn bu sorunlar\u0131 inceliyorum ve \u00e7ok a\u00e7\u0131k bir lisanla s\u00f6yl\u00fcyorum\u2026 Hi\u00e7bir \u015feyi gizlemiyorum. Bilsinler u\u011fra\u015fs\u0131nlar. Raporumu hep yan\u0131mda ta\u015f\u0131yorum; size de g\u00f6stereyim.<\/em><\/p>\n<p>&nbsp;<\/p>\n<p><strong>Bu raporun k\u00fclt\u00fcr bakanl\u0131\u011f\u0131nda olmas\u0131 laz\u0131m. H\u0131fz\u0131 Bey daha \u00f6nce sizin verdi\u011finiz kopyay\u0131 kitap\u00e7\u0131k haline getirip, K\u00fclt\u00fcr Bakanl\u0131\u011f\u0131 M\u00fcste\u015far\u0131 Mustafa \u0130sen\u2019e elden g\u00f6ndermi\u015f. Ona yan\u0131t gelmemi\u015f. Size geldi mi?<\/strong><\/p>\n<p><em>Hay\u0131r, gelmedi. Raporumu okuyan yok\u2026 Sanki almam\u0131\u015flar, g\u00f6rmemi\u015fler, fark\u0131nda de\u011filler! Oraya veriyorum, buraya veriyorum bas\u0131ls\u0131n diye\u2026 Ka\u00e7 tane \u00fcniversite var, ka\u00e7 tane m\u00fcze var\u2026 da\u011f\u0131tmam laz\u0131m. \u00a0Benim meselem de\u011fil bu; b\u00fct\u00fcn insanl\u0131\u011f\u0131 ilgilendiren bir \u015fey, ama T\u00fcrkiye\u2019nin emaneti tabii. \u00a0AB var, UNESCO var; \u015fu var bu var, ama oralara ula\u015fmak da zor. AB\u2019den para vereceklerdi desteklemek i\u00e7in; beni aday g\u00f6sterdiler, ama hava!<\/em><\/p>\n<p><strong><em><a href=\"http:\/\/tamayacikel.com\/wp-content\/uploads\/2007\/04\/IMG_3593.jpg\"><img decoding=\"async\" class=\"aligncenter wp-image-4397 size-medium\" src=\"http:\/\/tamayacikel.com\/wp-content\/uploads\/2007\/04\/IMG_3593-300x192.jpg\" alt=\"IMG_3593\" width=\"300\" height=\"192\" srcset=\"https:\/\/www.tamayacikel.com\/wp-content\/uploads\/2007\/04\/IMG_3593-300x192.jpg 300w, https:\/\/www.tamayacikel.com\/wp-content\/uploads\/2007\/04\/IMG_3593-1024x657.jpg 1024w\" sizes=\"(max-width: 300px) 100vw, 300px\" \/><\/a><\/em><\/strong><\/p>\n<p><strong><em>\u201cT.C. m\u00fczelerindeki eski mermer heykeller, antik kentler, tiyatrolar T\u00fcrk turizminin d\u00fcnyaca tan\u0131nm\u0131\u015f simgeleridir. Devletin en b\u00fcy\u00fck gelir kaynaklar\u0131ndan biri de turizm oldu\u011funa g\u00f6re;<\/em><\/strong><\/p>\n<p><strong><em>O eserlerin gerekti\u011fi gibi korunmas\u0131 ve bak\u0131m\u0131n\u0131n sa\u011flanmas\u0131 konusunda devletin g\u00fc\u00e7l\u00fc maddi \u2013 manevi deste\u011fini g\u00f6rmek ola\u011fan bir \u015fey olmal\u0131d\u0131r<\/em><\/strong><em>.\u201d <\/em>diyor raporunda.<\/p>\n<p>&nbsp;<\/p>\n<div id=\"attachment_4403\" style=\"width: 190px\" class=\"wp-caption aligncenter\"><a href=\"http:\/\/tamayacikel.com\/wp-content\/uploads\/2007\/04\/Hermes.jpg\"><img aria-describedby=\"caption-attachment-4403\" decoding=\"async\" class=\"wp-image-4403 size-medium\" src=\"http:\/\/tamayacikel.com\/wp-content\/uploads\/2007\/04\/Hermes-180x300.jpg\" alt=\"\" width=\"180\" height=\"300\" srcset=\"https:\/\/www.tamayacikel.com\/wp-content\/uploads\/2007\/04\/Hermes-180x300.jpg 180w, https:\/\/www.tamayacikel.com\/wp-content\/uploads\/2007\/04\/Hermes.jpg 479w\" sizes=\"(max-width: 180px) 100vw, 180px\" \/><\/a><p id=\"caption-attachment-4403\" class=\"wp-caption-text\">Hermes<\/p><\/div>\n<p>Olumlu \u015feyleri de s\u00f6ylemek laz\u0131m: Side\u2019de yap\u0131lanlar\u0131 merak edip ziyarete gelen m\u00fcze m\u00fcd\u00fcrlerinin say\u0131s\u0131 art\u0131yormu\u015f. Son iki y\u0131lda Akdeniz \u00dcniversitesi\u2019nden \u00f6\u011frenciler gelmi\u015f. A\u015fa\u011f\u0131 yukar\u0131 bir bu\u00e7uk ay onunla \u00e7al\u0131\u015fm\u0131\u015flar. Baya\u011f\u0131 merakl\u0131ym\u0131\u015flar.<\/p>\n<p>Konya\u2019da bir onar\u0131m at\u00f6lyesi yap\u0131lm\u0131\u015f. Antalya Serik\u2019te yine onar\u0131mla ilgili bir e\u011fitim var, ama laboratuar yok! Antalya\u2019da bile \u00fcniversitede laboratuar yok. M\u00fczede en m\u00fchim \u015fey olan teknik olanaklar yok, e\u011fitimli uzman yok.<\/p>\n<p><strong>Peki, \u00fcniversiteler ne g\u00fcne duruyor?<\/strong><\/p>\n<p><em>Akademisyenler pratik yeti\u015fmiyorlar, \u00e7ivi \u00e7akmas\u0131n\u0131 bilmiyorlar\u2026 Pratik yapan da arkeoloji \u00f6\u011frenecek. \u00d6nce onar\u0131m yapacak eleman e\u011fitilmeli. Bunun i\u00e7in, sanat akademileriyle arkeoloji fak\u00fclteleri ortak \u00e7al\u0131\u015facak\u2026 Ama bu meslekte yeti\u015fen bir talebenin istikbali yoktur. Bir yerde vas\u0131fs\u0131z i\u015f\u00e7i olarak \u00e7al\u0131\u015f\u0131p \u00e7apa sallasa, hakikaten daha iyi para kazan\u0131r. T\u00fcrkiye\u2019nin durumu b\u00f6yle\u2026 E\u011fitime de\u011fer verilmiyor. \u00dc\u00e7 sene e\u011fitim verdi\u011fim uzman\u0131n ald\u0131\u011f\u0131 \u00fccret, asgari \u00fccretten de a\u015fa\u011f\u0131. Belediyeden, kaymakaml\u0131ktan bir \u015feyler ilave ediyorlar, ama yine g\u00fcl\u00fcn\u00e7 bir para! <\/em><\/p>\n<p><em>Profes\u00f6rleri dinlemem ben. Onlar pratik \u00e7al\u0131\u015fanlar\u0131 pek sevmezler. \u0130lerleme istemezler\u2026<\/em> <em>Akademisyenler umumiyetle el i\u015finden \u00e7ekiniyorlar. Ellerini kirletmekten ho\u015flanmazlar. Almanya\u2019da da durum b\u00f6yle.<\/em><\/p>\n<p><em>Hele arkeologlar teorilerden ayr\u0131lmazlar. Yap\u0131c\u0131 de\u011fillerdir. Dar g\u00f6r\u00fc\u015fl\u00fc, muhafazak\u00e2r, kariyer d\u00fc\u015fk\u00fcn\u00fcd\u00fcrler. Hepsi ayn\u0131 de\u011fil tabii\u2026 <\/em><\/p>\n<p><em>Ben mant\u0131\u011f\u0131ma g\u00fcveniyorum. Tan\u0131\u015ft\u0131\u011f\u0131m talebelere de s\u00f6yl\u00fcyorum bunu. Hayatta ezbercilik bir i\u015fe yaram\u0131yor; kendi mant\u0131\u011f\u0131n\u0131za g\u00fcvenin diyorum. Netice nedir ona bak\u0131n. B\u00fct\u00fcn akademik \u00e7al\u0131\u015fmalarda\u2026 Bir netice \u00e7\u0131k\u0131yor mu? Bu\u011fday \u00e7\u0131k\u0131yor mu, yoksa bo\u015funa harman m\u0131 d\u00f6v\u00fcl\u00fcyor? <\/em><\/p>\n<p><em> ***<\/em><\/p>\n<p>O, toprak alt\u0131ndan \u00e7\u0131kan eserleri yaratan insanlar kar\u015f\u0131s\u0131nda duydu\u011fu sorumlulu\u011fu ve sayg\u0131y\u0131 a\u015fa\u011f\u0131daki s\u00f6zlerle dile getiriyor. Atalar\u0131ndan gelen \u00fcst\u00fcn sanat yetene\u011fini bile ikinci plana atm\u0131\u015f bu u\u011furda; kar\u0131nca karar\u0131nca insanl\u0131k miras\u0131n\u0131 korumaya ve ya\u015fatmaya \u00e7al\u0131\u015f\u0131yor:<\/p>\n<p><strong><em>Arkeologlar insan\u0131 unutuyorlar. Eski bir yap\u0131 olsun, heykel olsun, mabet olsun\u2026 Eseri \u00f6l\u00e7\u00fcyorlar bi\u00e7iyorlar, \u00fczerine yaz\u0131yorlar; fakat buna ba\u011fl\u0131 insan\u0131 unutuyorlar. Tek bir eserin i\u00e7inde neler var, neler var! Anlat\u0131lan zaman\u0131n d\u00fc\u015f\u00fcnce tarzlar\u0131, felsefeleri\u2026 Bunlar\u0131n hepsini b\u00f6yle birlikte vermek laz\u0131m. Eski insanlara \u00e7ok haks\u0131zl\u0131k yap\u0131l\u0131yor; iptidai g\u00f6r\u00fcl\u00fcyorlar\u2026 Ben as\u0131l bug\u00fcnk\u00fc insan\u0131 iptidai g\u00f6r\u00fcyorum. \u00c7\u00fcnk\u00fc bir kopuklu\u011fu var; hem gelenekten hem de do\u011faldan, kaynaktan bir kopuklu\u011fu var. \u0130ster dindar ol, ister olma, ama insan\u0131n bir ba\u011f\u0131 olmas\u0131 laz\u0131m. Do\u011fala, kayna\u011fa ve onun gelene\u011fine\u2026 Arkeolojiyle u\u011fra\u015fanlar bunu unutmamal\u0131.<\/em><\/strong><\/p>\n<p><strong>***<\/strong><\/p>\n<p><strong>2004 Senesi Side M\u00fczesinde Onar\u0131m ve Ara\u015ft\u0131rma Raporu<\/strong>\u2019nda ise \u015f\u00f6yle sesleniyor Dietmar Friese:<\/p>\n<p><strong><em>\u201cB\u00fct\u00fcn d\u00fcnya milliyetlerine mensup, y\u0131lda 125 000 turist, Side M\u00fczesi\u2019ni ziyaret edip heykellerini \u00e7ok dikkatle incelemekteler. Heykellerin y\u00fcrekler ac\u0131s\u0131 durumunu fark etmektedirler. T\u00fcrk devletinin imaj\u0131n\u0131 olumlu bir d\u00fczeye getirmek ve bu paha bi\u00e7ilmez eserleri kurtarmak i\u00e7in elimizden geleni yapal\u0131m!\u201d<\/em><\/strong><\/p>\n<p>***<\/p>\n<p>Salonun her k\u00f6\u015fesinde, sohbet esnas\u0131nda s\u00fcrekli g\u00f6z\u00fcm\u00fcze ili\u015fen sanat yap\u0131tlar\u0131; tablolar, heykeller ve tabii kitaplar var. Bay Dietmar\u2019\u0131n raporunu ta\u015f\u0131nabilir belle\u011fe y\u00fckledikten sonra bunlar\u0131 inceliyoruz birlikte\u2026 Bir yandan da foto\u011fraf \u00e7ekiyoruz.<\/p>\n<p><strong>\u00c7ok k\u0131sa bir s\u00fcrede yapt\u0131\u011f\u0131n\u0131z heykel bu muydu Bay Dietmar?<\/strong><\/p>\n<p><em><a href=\"http:\/\/tamayacikel.com\/wp-content\/uploads\/2007\/04\/IMG_3600.jpg\"><img decoding=\"async\" class=\"aligncenter wp-image-4388 size-medium\" src=\"http:\/\/tamayacikel.com\/wp-content\/uploads\/2007\/04\/IMG_3600-300x201.jpg\" alt=\"IMG_3600\" width=\"300\" height=\"201\" srcset=\"https:\/\/www.tamayacikel.com\/wp-content\/uploads\/2007\/04\/IMG_3600-300x201.jpg 300w, https:\/\/www.tamayacikel.com\/wp-content\/uploads\/2007\/04\/IMG_3600.jpg 797w\" sizes=\"(max-width: 300px) 100vw, 300px\" \/><\/a><\/em><\/p>\n<p>&nbsp;<\/p>\n<p><em>Evet, \u00e7ok k\u0131sa s\u00fcrede yapm\u0131\u015ft\u0131m bunu\u2026 d\u00f6rt saatte filan yapt\u0131m; Fatma Han\u0131m\u2019\u0131n annesiyle babas\u0131\u2026<\/em><\/p>\n<p><em>\u201cAyn\u0131s\u0131!\u201d<\/em> diyor Fatma Han\u0131m.<\/p>\n<p><em>Ayn\u0131s\u0131 de\u011fil b\u0131y\u0131k biraz daha uzundu, teknik bak\u0131mdan biraz k\u0131rpt\u0131m onu. <\/em><\/p>\n<p><strong>Bronz mu? <\/strong><\/p>\n<p>&nbsp;<\/p>\n<p><em>Bronz. En sa\u011flam \u015fey bu\u2026 \u00fc\u00e7 bin sene sonraki arkeologlar bulacaklar\u2026<\/em><\/p>\n<p><em>Bu babam, bu gelinimiz, bu torunumuz\u2026<\/em><\/p>\n<div id='gallery-1' class='gallery galleryid-495 gallery-columns-3 gallery-size-medium'><dl class='gallery-item'>\n\t\t\t<dt class='gallery-icon portrait'>\n\t\t\t\t<a href='https:\/\/www.tamayacikel.com\/?attachment_id=4399'><img width=\"188\" height=\"300\" src=\"https:\/\/www.tamayacikel.com\/wp-content\/uploads\/2007\/04\/IMG_3615-188x300.jpg\" class=\"attachment-medium size-medium\" alt=\"\" decoding=\"async\" srcset=\"https:\/\/www.tamayacikel.com\/wp-content\/uploads\/2007\/04\/IMG_3615-188x300.jpg 188w, https:\/\/www.tamayacikel.com\/wp-content\/uploads\/2007\/04\/IMG_3615.jpg 500w\" sizes=\"(max-width: 188px) 100vw, 188px\" \/><\/a>\n\t\t\t<\/dt><\/dl><dl class='gallery-item'>\n\t\t\t<dt class='gallery-icon portrait'>\n\t\t\t\t<a href='https:\/\/www.tamayacikel.com\/?attachment_id=4395'><img width=\"195\" height=\"300\" src=\"https:\/\/www.tamayacikel.com\/wp-content\/uploads\/2007\/04\/IMG_3614_1-195x300.jpg\" class=\"attachment-medium size-medium\" alt=\"\" decoding=\"async\" srcset=\"https:\/\/www.tamayacikel.com\/wp-content\/uploads\/2007\/04\/IMG_3614_1-195x300.jpg 195w, https:\/\/www.tamayacikel.com\/wp-content\/uploads\/2007\/04\/IMG_3614_1.jpg 521w\" sizes=\"(max-width: 195px) 100vw, 195px\" \/><\/a>\n\t\t\t<\/dt><\/dl><dl class='gallery-item'>\n\t\t\t<dt class='gallery-icon portrait'>\n\t\t\t\t<a href='https:\/\/www.tamayacikel.com\/?attachment_id=4400'><img width=\"199\" height=\"300\" src=\"https:\/\/www.tamayacikel.com\/wp-content\/uploads\/2007\/04\/IMG_3623-199x300.jpg\" class=\"attachment-medium size-medium\" alt=\"\" decoding=\"async\" srcset=\"https:\/\/www.tamayacikel.com\/wp-content\/uploads\/2007\/04\/IMG_3623-199x300.jpg 199w, https:\/\/www.tamayacikel.com\/wp-content\/uploads\/2007\/04\/IMG_3623.jpg 531w\" sizes=\"(max-width: 199px) 100vw, 199px\" \/><\/a>\n\t\t\t<\/dt><\/dl><br style=\"clear: both\" \/>\n\t\t<\/div>\n\n<p>&nbsp;<\/p>\n<p><em>Bak\u0131n burada bir bak\u0131r var: \u201cK\u00f6\u015fe ba\u015f\u0131ndaki delikanl\u0131lar\u201d\u2026 Ekspresyonist\u2026 \u00c7ok zevkle yapt\u0131m bu i\u015fi. <\/em><\/p>\n<p><a href=\"http:\/\/tamayacikel.com\/wp-content\/uploads\/2007\/04\/IMG_3627.jpg\"><img decoding=\"async\" class=\"aligncenter size-medium wp-image-4401\" src=\"http:\/\/tamayacikel.com\/wp-content\/uploads\/2007\/04\/IMG_3627-206x300.jpg\" alt=\"IMG_3627\" width=\"206\" height=\"300\" srcset=\"https:\/\/www.tamayacikel.com\/wp-content\/uploads\/2007\/04\/IMG_3627-206x300.jpg 206w, https:\/\/www.tamayacikel.com\/wp-content\/uploads\/2007\/04\/IMG_3627.jpg 548w\" sizes=\"(max-width: 206px) 100vw, 206px\" \/><\/a><\/p>\n<p><em>\u201cBizim ailenin ressaml\u0131\u011f\u0131 baya\u011f\u0131 eskilere gidiyor\u201d <\/em>derken birka\u00e7 y\u00fczy\u0131l \u00f6ncesinden s\u00f6z ediyor Bay Dietmar. Babas\u0131 d\u00fcnya \u00e7ap\u0131nda tan\u0131nm\u0131\u015f bir ressam: <strong>Max Friese.<\/strong> Bir\u00e7ok eser b\u0131rakm\u0131\u015f; \u00e7o\u011fu \u00f6zel koleksiyonlardaym\u0131\u015f. Ayr\u0131ca, m\u00fczelerde olanlar varm\u0131\u015f: Leningrad\u2019da, Dresden\u2019de, N\u00fcrnberg\u2019de\u2026<\/p>\n<p>Birka\u00e7 sene \u00f6nce bir sergi a\u00e7mak istemi\u015f Bay Dietmar. Babas\u0131n\u0131n y\u00fcz\u00fcnc\u00fc do\u011fum y\u0131ld\u00f6n\u00fcm\u00fcnde\u2026 Kendi resim ve heykelleriyle babas\u0131n\u0131n resimleri\u2026 \u0130ki ku\u015fak bir arada. Ne ho\u015f olacakm\u0131\u015f! Olmam\u0131\u015f.<\/p>\n<p>Duvarda as\u0131l\u0131 bir resmin \u00f6n\u00fcnde duruyoruz:<\/p>\n<p><strong><em>Aliye Berger<\/em><\/strong><em> bu. El bask\u0131s\u0131\u2026 Aliye\u2019yle \u00e7ok samimiydik. Bizim at\u00f6lyemiz Beyo\u011flu\u2019nda Narmanl\u0131 Yurdu\u2019ndayd\u0131. Sol k\u00f6\u015fede de onun at\u00f6lyesi vard\u0131. Kom\u015fuyduk. Bir teknik sorunu oldu\u011fu zaman da hemen ko\u015fa ko\u015fa bize geliyordu.<\/em><\/p>\n<p><strong>At\u00f6lyenizde neler \u00fcretiyordunuz?<\/strong><\/p>\n<p><em>O zaman hediyelik e\u015fya yap\u0131yorduk. Manzaralar, oymalar\u2026 bilhassa ah\u015fap i\u015fleri yap\u0131yordum. <strong>Ferdinand Gross<\/strong> adl\u0131 bir heykelt\u0131ra\u015fla beraber \u00e7al\u0131\u015f\u0131yorduk. \u015eu g\u00f6rd\u00fc\u011f\u00fcn\u00fcz bronz i\u015flerini, madeni i\u015fleri hep ondan \u00f6\u011frendim. O \u00e7ok g\u00fczel yap\u0131yordu. Her \u015feyin evvela ustas\u0131n\u0131 bulmak laz\u0131m. \u0130\u015fte bunun ustas\u0131 o idi. <\/em><\/p>\n<p>&nbsp;<\/p>\n<div id=\"attachment_4394\" style=\"width: 202px\" class=\"wp-caption aligncenter\"><a href=\"http:\/\/tamayacikel.com\/wp-content\/uploads\/2007\/04\/IMG_3606.jpg\"><img aria-describedby=\"caption-attachment-4394\" decoding=\"async\" class=\"wp-image-4394 size-medium\" src=\"http:\/\/tamayacikel.com\/wp-content\/uploads\/2007\/04\/IMG_3606-192x300.jpg\" alt=\"IMG_3606\" width=\"192\" height=\"300\" srcset=\"https:\/\/www.tamayacikel.com\/wp-content\/uploads\/2007\/04\/IMG_3606-192x300.jpg 192w, https:\/\/www.tamayacikel.com\/wp-content\/uploads\/2007\/04\/IMG_3606.jpg 513w\" sizes=\"(max-width: 192px) 100vw, 192px\" \/><\/a><p id=\"caption-attachment-4394\" class=\"wp-caption-text\">Fatma Han\u0131m &#8211; Max Friese&#8217;nin tablosu<\/p><\/div>\n<p>&nbsp;<\/p>\n<p>K\u00f6y hayat\u0131 ne de olsa\u2026 geceleri erken yatmak zorunda Frieseler. En ge\u00e7 saat onda yat\u0131p sabah be\u015f-be\u015f bu\u00e7ukta kalk\u0131yorlarm\u0131\u015f: <em>\u201cK\u00f6pek kap\u0131ya vurur, \u00f6rdekler ba\u011f\u0131r\u0131r, kediler aya\u011f\u0131na dola\u015f\u0131r\u2026\u201d<\/em><\/p>\n<p>Pekin \u00f6rde\u011fi besliyorlar bah\u00e7ede. Bembeyaz, be\u015f tane\u2026<\/p>\n<p><em>\u201c\u00c7ok g\u00fczel \u00f6rdekler\u2026 \u00e7ok ak\u0131ll\u0131 \u00e7ok sevimli\u2026\u201d <\/em>diyor Bay Dietmar<em>.<\/em><\/p>\n<p><em>\u015eik\u00e2yet ediyorlar. A\u00e7\u0131z diyorlar; hepsi birden konu\u015fuyor\u2026 Dillerinden anl\u0131yorum ben, onlar da gelip anlat\u0131yor. Yasaklar\u0131 fevkalade \u00f6\u011freniyorlar. K\u00fc\u00e7\u00fck havuzlar\u0131 var; b\u00fcy\u00fck havuz yasak\u2026 Ona gitmiyorlar. Ama k\u00fc\u00e7\u00fck havuzun suyu kirlendi\u011fi zaman\u2026yan\u0131ma gelip bir bana, bir oraya bak\u0131yorlar. E\u011fer fark\u0131na varmazsam hepsi birden b\u00fcy\u00fck havuzda dola\u015fmaya ba\u015fl\u0131yor! Onlar\u0131n pisli\u011finin i\u00e7ine girip y\u00fczmek ister miyim? Tabii hemen ba\u011f\u0131r\u0131yorum, \u00e7a\u011f\u0131r\u0131yorum, ta\u015f at\u0131yorum\u2026 Bir f\u0131rsat\u0131n\u0131 bulup yine gidiyorlar\u2026bize baka baka hop! tekrar atl\u0131yorlar. Ya su seviyesi eksik ya da su kirlidir. Su dolduruyorum\u2026 bitti! Yani \u00f6\u011fretiyorlar.<\/em><\/p>\n<p>\u015e\u00f6minenin kar\u015f\u0131s\u0131ndaki koltu\u011fun alt\u0131nda ne var biliyor musunuz? \u00dc\u00e7 kedi yavrusu ve anneleri!.. Bay Dietmar\u2019\u0131n koltu\u011fu bu. \u201c<em>Sabah kedi kayboldu. Arad\u0131m, bulamad\u0131m. Bir g\u00fcn sonra, ac\u0131k\u0131nca \u00e7\u0131kt\u0131 ortaya.\u201d<\/em> diyor Fatma Han\u0131m.<\/p>\n<p>***<\/p>\n<p>Neredeyse \u00e7at kap\u0131 gittik evlerine\u2026 Kap\u0131lar\u0131n\u0131 ve y\u00fcreklerini a\u00e7\u0131verdiler, k\u0131rk y\u0131ll\u0131k dost gibi\u2026 Sohbet uzad\u0131, bu arada hava karard\u0131; bah\u00e7eyi do\u011fru d\u00fcr\u00fcst g\u00f6remedik\u2026<\/p>\n<p>O\u011fullar\u0131 \u00fcst katta oturuyor. E\u015fi Alman. Side\u2019deki Apollonik Kafe\u2019yi onlar i\u015fletiyorlar. Tan\u0131\u015famad\u0131k\u2026 Bir sonraki geli\u015fimize erteledik.<\/p>\n<p><strong> *** <\/strong><\/p>\n<p>\u00dczerinde durup d\u00fc\u015f\u00fcn\u00fclmesi gereken bir ya\u015fam, daha do\u011frusu bir se\u00e7im Dietmar Friese\u2019nin ya\u015fam\u0131. Onun g\u00f6n\u00fclden ba\u011flan\u0131p k\u0131rk y\u0131ld\u0131r hizmet etti\u011fi m\u00fczeye hi\u00e7 de\u011filse alt\u0131n yumurtlayan tavuk g\u00f6z\u00fcyle bakabilse yetkililer. \u00c7\u00fcnk\u00fc devletin en b\u00fcy\u00fck gelir kaynaklar\u0131ndan biri turizm.<\/p>\n<p>\u00d6zetlersek; en k\u0131sa zamanda \u00e7\u00f6z\u00fcm bekleyen sorunlar \u015funlar:<\/p>\n<p><strong>1- <\/strong><strong>40 bin Euro\u2019luk lazer cihaz\u0131n\u0131n zaman ge\u00e7irmeden al\u0131nmas\u0131<\/strong><\/p>\n<p><strong>2- <\/strong><strong>\u00c7at\u0131 yal\u0131t\u0131m\u0131n\u0131n yap\u0131lmas\u0131-<em>\u201cBeton \u00e7at\u0131dan i\u00e7eri sular ak\u0131yor!\u201d<\/em><\/strong><\/p>\n<p><strong><em>3- <\/em><\/strong><strong>Bah\u00e7ede bulunan eserleri koruyacak \u00e7at\u0131lar\u0131n yap\u0131lmas\u0131- <em>\u201cO heykeller simsiyah oldular!\u201d<\/em> <\/strong><\/p>\n<p><strong>4- <\/strong><strong>Laboratuara eklenecek dok\u00fcmantasyon merkezinin kurulmas\u0131<\/strong><\/p>\n<p><strong><em>5- <\/em><\/strong><strong>M\u00fcze geli\u015ftirme projesi- <em>\u201cProje olmadan i\u015fler y\u00fcr\u00fcmez!\u201d<\/em><\/strong><\/p>\n<p><strong><em>6- <\/em><\/strong><strong>Mermer heykel onar\u0131m uzmanlar\u0131n\u0131n e\u011fitimi i\u00e7in ad\u0131m at\u0131lmas\u0131- <em>\u201cBen yar\u0131n yokum!-<\/em><\/strong><em>D. Friese<strong>\u201d<\/strong><\/em><\/p>\n<p>&nbsp;<\/p>\n<p><strong><em>\u201cEn mesuliyetli kararlar\u0131 vermeye, son derece titiz bir i\u015f\u00e7ilik sergilemeye mecbur olan, d\u00f6rt y\u0131l e\u011fitilmi\u015f bir mermer heykel onar\u0131m ustas\u0131na ne kadrosu veriliyor ne de hak etti\u011fi \u00fccreti alabiliyor.\u201d<\/em><\/strong><\/p>\n<p>***<\/p>\n<p>Rapor, yetkili kurumlara ve projeyi desteklemek isteyen ki\u015fi, kurum ve kurulu\u015flara, istedikleri takdirde en k\u0131sa zamanda ula\u015ft\u0131r\u0131lacakt\u0131r.<\/p>\n<p>Okuyunuz; se\u00e7im sizin:<\/p>\n<p>Dietmar Friese\u2019nin, en k\u00fc\u00e7\u00fck bir ayr\u0131nt\u0131y\u0131 bile atlamaya k\u0131yamayarak olu\u015fturdu\u011fu \u00fc\u00e7 y\u0131ll\u0131k raporunu sadece, \u201c<em>\u00c7ok titiz bir \u00e7al\u0131\u015fma, helal olsun adama!<\/em>\u201d diye yorumlar ya da az\u0131c\u0131k g\u00f6nl\u00fcn\u00fcz\u00fc devreye sokarak, \u00f6z\u00fcndeki evrenselli\u011fi, birle\u015ftiricili\u011fi <em>\u201capa\u00e7\u0131k\u201d <\/em>g\u00f6r\u00fcrs\u00fcn\u00fcz.<\/p>\n<p><em>\u201cFAZ\u0130LET\u0130N\u0130ZE VE K\u00dcLT\u00dcR\u00dcN\u00dcZE EMANET EDEREK\u201d <\/em>ANLATTIM BEN DE\u2026<\/p>\n<p><em>05\/04\/2007<\/em><\/p>\n<p><em>Bizim Sakarya Gazetesi<br \/>\n<\/em><\/p>\n","protected":false},"excerpt":{"rendered":"<p>S\u00f6yle\u015fi: Tamay A\u00e7\u0131kel tamayacikel@yahoo.com &nbsp; \u201cBiz yokluk i\u00e7inde bu i\u015fe ba\u015flad\u0131k! Yar\u0131m as\u0131rdan beri deve ku\u015fu gibi ba\u015f\u0131m\u0131z\u0131 kuma g\u00f6md\u00fck! Art\u0131k yeter! \u0130nsan ve hayvan aras\u0131ndaki fark, bilin\u00e7 ve k\u00fclt\u00fcrden do\u011fan sanatt\u0131r! Biz bu k\u00fclt\u00fcr zincirinin son halkas\u0131y\u0131z. Anadolu topra\u011f\u0131ndan \u00e7\u0131kan k\u00fclt\u00fcrlerin eserleri b\u00fct\u00fcn insanlara, hepimize aittir! \u00d6yleyse hepimiz, birlik ve beraberlikle bu eserleri koruma [&hellip;]<\/p>\n","protected":false},"author":1,"featured_media":0,"comment_status":"open","ping_status":"open","sticky":false,"template":"","format":"standard","meta":{"footnotes":""},"categories":[463],"tags":[],"_links":{"self":[{"href":"https:\/\/www.tamayacikel.com\/index.php?rest_route=\/wp\/v2\/posts\/495"}],"collection":[{"href":"https:\/\/www.tamayacikel.com\/index.php?rest_route=\/wp\/v2\/posts"}],"about":[{"href":"https:\/\/www.tamayacikel.com\/index.php?rest_route=\/wp\/v2\/types\/post"}],"author":[{"embeddable":true,"href":"https:\/\/www.tamayacikel.com\/index.php?rest_route=\/wp\/v2\/users\/1"}],"replies":[{"embeddable":true,"href":"https:\/\/www.tamayacikel.com\/index.php?rest_route=%2Fwp%2Fv2%2Fcomments&post=495"}],"version-history":[{"count":3,"href":"https:\/\/www.tamayacikel.com\/index.php?rest_route=\/wp\/v2\/posts\/495\/revisions"}],"predecessor-version":[{"id":4405,"href":"https:\/\/www.tamayacikel.com\/index.php?rest_route=\/wp\/v2\/posts\/495\/revisions\/4405"}],"wp:attachment":[{"href":"https:\/\/www.tamayacikel.com\/index.php?rest_route=%2Fwp%2Fv2%2Fmedia&parent=495"}],"wp:term":[{"taxonomy":"category","embeddable":true,"href":"https:\/\/www.tamayacikel.com\/index.php?rest_route=%2Fwp%2Fv2%2Fcategories&post=495"},{"taxonomy":"post_tag","embeddable":true,"href":"https:\/\/www.tamayacikel.com\/index.php?rest_route=%2Fwp%2Fv2%2Ftags&post=495"}],"curies":[{"name":"wp","href":"https:\/\/api.w.org\/{rel}","templated":true}]}}