{"id":497,"date":"2007-04-12T18:05:58","date_gmt":"2007-04-12T18:05:58","guid":{"rendered":"http:\/\/www.tamayacikel.com\/?p=497"},"modified":"2014-05-31T23:47:02","modified_gmt":"2014-05-31T20:47:02","slug":"ada-sefasi-2","status":"publish","type":"post","link":"https:\/\/www.tamayacikel.com\/?p=497","title":{"rendered":"ADA SEFASI"},"content":{"rendered":"<p><a href=\"http:\/\/tamayacikel.com\/wp-content\/uploads\/2007\/04\/83440021.jpg\"><img decoding=\"async\" class=\"alignnone size-medium wp-image-3389\" src=\"http:\/\/tamayacikel.com\/wp-content\/uploads\/2007\/04\/83440021-300x166.jpg\" alt=\"83440021\" width=\"300\" height=\"166\" srcset=\"https:\/\/www.tamayacikel.com\/wp-content\/uploads\/2007\/04\/83440021-300x166.jpg 300w, https:\/\/www.tamayacikel.com\/wp-content\/uploads\/2007\/04\/83440021-672x372.jpg 672w, https:\/\/www.tamayacikel.com\/wp-content\/uploads\/2007\/04\/83440021.jpg 800w\" sizes=\"(max-width: 300px) 100vw, 300px\" \/><\/a><\/p>\n<p>Bug\u00fcn yolculuk B\u00fcy\u00fckada\u2019ya\u2026 Sag\u00fcsad \u00fcyeleri ve konuk gezginler, bahar\u0131 g\u00f6r\u00fcnce olduk tam k\u0131rk yedi ki\u015fi!<\/p>\n<p>Sabah\u0131n 7\u2019si\u2026 Evlerimizden \u00e7\u0131kabilmi\u015fiz ve \u015furada umutla toplanabilmi\u015fiz ya, aferin bize! Her \u015fey g\u00fczel olacak, mutlu d\u00f6nece\u011fiz.<\/p>\n<p>Bostanc\u0131\u2019da, gezimize \u0130stanbul\u2019dan kat\u0131lanlarla bulu\u015fup kucakla\u015faca\u011f\u0131z \u00f6nce. Vapura binece\u011fiz birlikte\u2026<\/p>\n<p>Mart\u0131lar\u0131n hi\u00e7 durmadan, \u00e7\u0131\u011fl\u0131klarla u\u011furlay\u0131p \u00e7\u0131\u011fl\u0131klarla kar\u015f\u0131lad\u0131\u011f\u0131 vapurlardan birine\u2026<\/p>\n<p>\u0130skeleye bo\u015falan kalabal\u0131\u011fa kar\u0131\u015facak, birbirimizi kaybedip sonra tekrar bulaca\u011f\u0131z. Herkesin birden can\u0131 \u00e7ay isteyecek; kahvalt\u0131 etmemi\u015f olanlar yanlar\u0131nda getirdiklerini \u00e7\u0131karacak ya da tost yiyecekler. Yan yana upuzun birle\u015ftirilmi\u015f masalara kar\u015f\u0131l\u0131kl\u0131 dizilmi\u015f, tav\u015fankan\u0131 \u00e7aylar\u0131m\u0131z\u0131 yudumlarken her s\u00f6ze g\u00fcl\u00fcyor olaca\u011f\u0131z.<\/p>\n<p>Kimimiz bisiklet kiralayacak\u2026 paytona binecek ya da y\u00fcr\u00fcyecek kimimiz\u2026 Biraz avarelik hakk\u0131m\u0131z!<\/p>\n<p><a href=\"http:\/\/tamayacikel.com\/wp-content\/uploads\/2007\/04\/83430022.jpg\"><img decoding=\"async\" class=\"alignnone size-medium wp-image-3391\" src=\"http:\/\/tamayacikel.com\/wp-content\/uploads\/2007\/04\/83430022-220x300.jpg\" alt=\"83430022\" width=\"220\" height=\"300\" srcset=\"https:\/\/www.tamayacikel.com\/wp-content\/uploads\/2007\/04\/83430022-220x300.jpg 220w, https:\/\/www.tamayacikel.com\/wp-content\/uploads\/2007\/04\/83430022.jpg 587w\" sizes=\"(max-width: 220px) 100vw, 220px\" \/><\/a><\/p>\n<p>Altyap\u0131 \u00e7al\u0131\u015fmalar\u0131; kamyonlar, greyderler\u2026 Biz tertemiz bir hava, mimoza ve ancak nal seslerinin duyuldu\u011fu sakin bir ada hayal ederken paytonlar ge\u00e7tik\u00e7e kalkan toz bulutuna \u015fa\u015f\u0131raca\u011f\u0131z. Mimozalar i\u00e7in de erken, belki.<\/p>\n<p>Hani deniz? Buras\u0131 bir ada de\u011fil mi? Nerede deniz?<\/p>\n<p>K\u0131y\u0131lar tutulmu\u015f olacak; denizi ancak ara s\u0131ra, denk gelirse evlerin aras\u0131ndan g\u00f6rebilece\u011fiz.<\/p>\n<p><a href=\"http:\/\/tamayacikel.com\/wp-content\/uploads\/2007\/04\/83430025.jpg\"><img decoding=\"async\" class=\"alignnone size-medium wp-image-3390\" src=\"http:\/\/tamayacikel.com\/wp-content\/uploads\/2007\/04\/83430025-300x199.jpg\" alt=\"83430025\" width=\"300\" height=\"199\" srcset=\"https:\/\/www.tamayacikel.com\/wp-content\/uploads\/2007\/04\/83430025-300x199.jpg 300w, https:\/\/www.tamayacikel.com\/wp-content\/uploads\/2007\/04\/83430025.jpg 800w\" sizes=\"(max-width: 300px) 100vw, 300px\" \/><\/a><\/p>\n<p>Yoku\u015f a\u015fa\u011f\u0131 h\u0131zlanan bisikletliler, nal sesleri aras\u0131nda paytonlar ne g\u00fczel g\u00f6r\u00fcnt\u00fc verecek\u2026<\/p>\n<p>Kedi foto\u011fraf\u0131m\u0131z da olacak bol bol\u2026<\/p>\n<p>T\u0131rman\u0131\u015f uzun; Aya Yorgi Kilisesi en tepede. \u00c2\u015f\u0131klar oturacak kuytularda\u2026<\/p>\n<p>Kiliseyi ziyaret edenler, ne\u015fe i\u00e7inde yiyip i\u00e7enler, foto\u011fraf \u00e7ekenler olacak\u2026 Manzara \u00e7ok g\u00fczel, ama hava puslu, ne \u00e7are!<\/p>\n<p>Belki \u201cb\u00fcy\u00fck tur\u201du tamamlayacak, belki de geldi\u011fimiz yoldan d\u00f6nece\u011fiz.<\/p>\n<p>Kimselerin ge\u00e7medi\u011fi alt sokaklardan birinde, \u00f6n bah\u00e7esinde bembeyaz \u00e7i\u00e7ekleriyle bir ev \u00e7\u0131k\u0131verecek kar\u015f\u0131m\u0131za; biraz bak\u0131ms\u0131z\u2026 \u00c7ingene pembesi penyesiyle kapkara sa\u00e7l\u0131 \u015fip\u015firin bir k\u00fc\u00e7\u00fck k\u0131z, Ceylan, a\u011fabeyi Eren\u2019le top oynuyorlar. Foto\u011fraf karesi haz\u0131r! Ama bah\u00e7enin demir kap\u0131s\u0131 kapal\u0131\u2026 \u201cBu ev bizim!\u201d diyecek o\u011flan. \u201cHadi \u00f6yleyse ge\u00e7in de \u00e7ekeyim!\u201d Ne g\u00fczel g\u00fclecek g\u00f6lgede kalan g\u00f6zleri iki karde\u015fin\u2026<\/p>\n<p>Ac\u0131kaca\u011f\u0131z tabii. Midye tava, bal\u0131k kokular\u0131\u2026 Taze ekmekler, salatalar masalarda\u2026<\/p>\n<p>\u0130zmir lokma ola\u011fan\u00fcst\u00fc bir k\u0131vamda ve nefasette\u2026 Dondurmac\u0131lar\u0131n \u00f6n\u00fcnde kuyruklar\u2026<\/p>\n<p>Vapur saatinde ola\u011fand\u0131\u015f\u0131 bir kalabal\u0131k\u2026 Binemeyecek, yar\u0131m saat daha bekleyece\u011fiz\u2026 Bebeler huysuzlanacak, gen\u00e7 anneler tedirgin\u2026<\/p>\n<p>Yorgun olaca\u011f\u0131z; g\u00fcne\u015ften k\u0131zarm\u0131\u015f yanaklar\u0131m\u0131z\u2026<\/p>\n<p>Ba\u015flad\u0131\u011f\u0131 yerde, Bostanc\u0131 iskelesinde bitecek \u201cAda Sefas\u0131\u201d\u2026 \u0130stanbullular evlerine, biz kendi \u201cAda\u201dm\u0131za d\u00f6nece\u011fiz.<\/p>\n<p>***<\/p>\n<p>Ne \u00e7abuk ge\u00e7iyor zaman! Denizin \u00fcst\u00fcnde s\u00fcz\u00fcl\u00fcyoruz\u2026 serin serin esiyor r\u00fczg\u00e2r\u2026 mart\u0131lar u\u00e7uyor tepemizde \u00e7\u0131\u011fl\u0131k \u00e7\u0131\u011fl\u0131k\u2026<\/p>\n<p>\u0130\u015fte oturmu\u015f yaz\u0131yorum ge\u00e7ip gidenleri\u2026 Uyuyup uyanm\u0131\u015f\u0131z ve \u201cd\u00fcn\u201d olmu\u015f hepsi\u2026<\/p>\n<p><em>12\/04\/2007<\/em><\/p>\n<p><em>Bizim Sakarya Gazetesi<\/em><\/p>\n","protected":false},"excerpt":{"rendered":"<p>Bug\u00fcn yolculuk B\u00fcy\u00fckada\u2019ya\u2026 Sag\u00fcsad \u00fcyeleri ve konuk gezginler, bahar\u0131 g\u00f6r\u00fcnce olduk tam k\u0131rk yedi ki\u015fi! Sabah\u0131n 7\u2019si\u2026 Evlerimizden \u00e7\u0131kabilmi\u015fiz ve \u015furada umutla toplanabilmi\u015fiz ya, aferin bize! Her \u015fey g\u00fczel olacak, mutlu d\u00f6nece\u011fiz. Bostanc\u0131\u2019da, gezimize \u0130stanbul\u2019dan kat\u0131lanlarla bulu\u015fup kucakla\u015faca\u011f\u0131z \u00f6nce. Vapura binece\u011fiz birlikte\u2026 Mart\u0131lar\u0131n hi\u00e7 durmadan, \u00e7\u0131\u011fl\u0131klarla u\u011furlay\u0131p \u00e7\u0131\u011fl\u0131klarla kar\u015f\u0131lad\u0131\u011f\u0131 vapurlardan birine\u2026 \u0130skeleye bo\u015falan kalabal\u0131\u011fa kar\u0131\u015facak, [&hellip;]<\/p>\n","protected":false},"author":1,"featured_media":0,"comment_status":"open","ping_status":"open","sticky":false,"template":"","format":"standard","meta":{"footnotes":""},"categories":[468],"tags":[],"_links":{"self":[{"href":"https:\/\/www.tamayacikel.com\/index.php?rest_route=\/wp\/v2\/posts\/497"}],"collection":[{"href":"https:\/\/www.tamayacikel.com\/index.php?rest_route=\/wp\/v2\/posts"}],"about":[{"href":"https:\/\/www.tamayacikel.com\/index.php?rest_route=\/wp\/v2\/types\/post"}],"author":[{"embeddable":true,"href":"https:\/\/www.tamayacikel.com\/index.php?rest_route=\/wp\/v2\/users\/1"}],"replies":[{"embeddable":true,"href":"https:\/\/www.tamayacikel.com\/index.php?rest_route=%2Fwp%2Fv2%2Fcomments&post=497"}],"version-history":[{"count":4,"href":"https:\/\/www.tamayacikel.com\/index.php?rest_route=\/wp\/v2\/posts\/497\/revisions"}],"predecessor-version":[{"id":3394,"href":"https:\/\/www.tamayacikel.com\/index.php?rest_route=\/wp\/v2\/posts\/497\/revisions\/3394"}],"wp:attachment":[{"href":"https:\/\/www.tamayacikel.com\/index.php?rest_route=%2Fwp%2Fv2%2Fmedia&parent=497"}],"wp:term":[{"taxonomy":"category","embeddable":true,"href":"https:\/\/www.tamayacikel.com\/index.php?rest_route=%2Fwp%2Fv2%2Fcategories&post=497"},{"taxonomy":"post_tag","embeddable":true,"href":"https:\/\/www.tamayacikel.com\/index.php?rest_route=%2Fwp%2Fv2%2Ftags&post=497"}],"curies":[{"name":"wp","href":"https:\/\/api.w.org\/{rel}","templated":true}]}}