{"id":499,"date":"2007-04-26T18:38:02","date_gmt":"2007-04-26T18:38:02","guid":{"rendered":"http:\/\/www.tamayacikel.com\/?p=499"},"modified":"2021-11-21T23:12:26","modified_gmt":"2021-11-21T20:12:26","slug":"yanik-deresi-2","status":"publish","type":"post","link":"https:\/\/www.tamayacikel.com\/?p=499","title":{"rendered":"YANIK DERES\u0130"},"content":{"rendered":"<p><a href=\"https:\/\/www.tamayacikel.com\/wp-content\/uploads\/2007\/04\/Yeni-klas\u00f6r-1.jpg\"><img decoding=\"async\" class=\"aligncenter size-medium wp-image-4911\" src=\"https:\/\/www.tamayacikel.com\/wp-content\/uploads\/2007\/04\/Yeni-klas\u00f6r-1-300x247.jpg\" alt=\"\" width=\"300\" height=\"247\" srcset=\"https:\/\/www.tamayacikel.com\/wp-content\/uploads\/2007\/04\/Yeni-klas\u00f6r-1-300x247.jpg 300w, https:\/\/www.tamayacikel.com\/wp-content\/uploads\/2007\/04\/Yeni-klas\u00f6r-1-768x632.jpg 768w, https:\/\/www.tamayacikel.com\/wp-content\/uploads\/2007\/04\/Yeni-klas\u00f6r-1.jpg 800w\" sizes=\"(max-width: 300px) 100vw, 300px\" \/><\/a><\/p>\n<p>Ya\u015fad\u0131\u011f\u0131m\u0131z co\u011frafya, do\u011fas\u0131 ve insan\u0131yla \u00f6yle zengin ki\u2026 Her g\u00fcn yeniden ke\u015ffedebilmeyi bekliyor. Bunun i\u00e7in geziyoruz, bunun i\u00e7in foto\u011fraf \u00e7ekiyoruz.<\/p>\n<p>Yan\u0131k Deresi vadisinde bir y\u00fcr\u00fcy\u00fc\u015f i\u00e7in g\u00fczel havay\u0131 kolluyorduk. Sonunda bulduk\u2026<\/p>\n<div id='gallery-1' class='gallery galleryid-499 gallery-columns-5 gallery-size-medium'><dl class='gallery-item'>\n\t\t\t<dt class='gallery-icon portrait'>\n\t\t\t\t<a href='https:\/\/www.tamayacikel.com\/wp-content\/uploads\/2007\/04\/IMG_4111.jpg'><img width=\"225\" height=\"300\" src=\"https:\/\/www.tamayacikel.com\/wp-content\/uploads\/2007\/04\/IMG_4111-225x300.jpg\" class=\"attachment-medium size-medium\" alt=\"\" decoding=\"async\" srcset=\"https:\/\/www.tamayacikel.com\/wp-content\/uploads\/2007\/04\/IMG_4111-225x300.jpg 225w, https:\/\/www.tamayacikel.com\/wp-content\/uploads\/2007\/04\/IMG_4111-768x1024.jpg 768w, https:\/\/www.tamayacikel.com\/wp-content\/uploads\/2007\/04\/IMG_4111.jpg 1704w\" sizes=\"(max-width: 225px) 100vw, 225px\" \/><\/a>\n\t\t\t<\/dt><\/dl><dl class='gallery-item'>\n\t\t\t<dt class='gallery-icon landscape'>\n\t\t\t\t<a href='https:\/\/www.tamayacikel.com\/wp-content\/uploads\/2007\/04\/IMG_4136.jpg'><img width=\"300\" height=\"225\" src=\"https:\/\/www.tamayacikel.com\/wp-content\/uploads\/2007\/04\/IMG_4136-300x225.jpg\" class=\"attachment-medium size-medium\" alt=\"\" decoding=\"async\" srcset=\"https:\/\/www.tamayacikel.com\/wp-content\/uploads\/2007\/04\/IMG_4136-300x225.jpg 300w, https:\/\/www.tamayacikel.com\/wp-content\/uploads\/2007\/04\/IMG_4136-768x576.jpg 768w, https:\/\/www.tamayacikel.com\/wp-content\/uploads\/2007\/04\/IMG_4136-1024x768.jpg 1024w\" sizes=\"(max-width: 300px) 100vw, 300px\" \/><\/a>\n\t\t\t<\/dt><\/dl><dl class='gallery-item'>\n\t\t\t<dt class='gallery-icon landscape'>\n\t\t\t\t<a href='https:\/\/www.tamayacikel.com\/wp-content\/uploads\/2007\/04\/IMG_4065.jpg'><img width=\"300\" height=\"227\" src=\"https:\/\/www.tamayacikel.com\/wp-content\/uploads\/2007\/04\/IMG_4065-300x227.jpg\" class=\"attachment-medium size-medium\" alt=\"\" decoding=\"async\" srcset=\"https:\/\/www.tamayacikel.com\/wp-content\/uploads\/2007\/04\/IMG_4065-300x227.jpg 300w, https:\/\/www.tamayacikel.com\/wp-content\/uploads\/2007\/04\/IMG_4065-768x582.jpg 768w, https:\/\/www.tamayacikel.com\/wp-content\/uploads\/2007\/04\/IMG_4065.jpg 1013w\" sizes=\"(max-width: 300px) 100vw, 300px\" \/><\/a>\n\t\t\t<\/dt><\/dl><dl class='gallery-item'>\n\t\t\t<dt class='gallery-icon landscape'>\n\t\t\t\t<a href='https:\/\/www.tamayacikel.com\/wp-content\/uploads\/2007\/04\/IMG_4188.jpg'><img width=\"300\" height=\"225\" src=\"https:\/\/www.tamayacikel.com\/wp-content\/uploads\/2007\/04\/IMG_4188-300x225.jpg\" class=\"attachment-medium size-medium\" alt=\"\" decoding=\"async\" srcset=\"https:\/\/www.tamayacikel.com\/wp-content\/uploads\/2007\/04\/IMG_4188-300x225.jpg 300w, https:\/\/www.tamayacikel.com\/wp-content\/uploads\/2007\/04\/IMG_4188-768x576.jpg 768w, https:\/\/www.tamayacikel.com\/wp-content\/uploads\/2007\/04\/IMG_4188-1024x768.jpg 1024w\" sizes=\"(max-width: 300px) 100vw, 300px\" \/><\/a>\n\t\t\t<\/dt><\/dl><dl class='gallery-item'>\n\t\t\t<dt class='gallery-icon landscape'>\n\t\t\t\t<a href='https:\/\/www.tamayacikel.com\/wp-content\/uploads\/2007\/04\/IMG_4198.jpg'><img width=\"300\" height=\"225\" src=\"https:\/\/www.tamayacikel.com\/wp-content\/uploads\/2007\/04\/IMG_4198-300x225.jpg\" class=\"attachment-medium size-medium\" alt=\"\" decoding=\"async\" srcset=\"https:\/\/www.tamayacikel.com\/wp-content\/uploads\/2007\/04\/IMG_4198-300x225.jpg 300w, https:\/\/www.tamayacikel.com\/wp-content\/uploads\/2007\/04\/IMG_4198-768x576.jpg 768w, https:\/\/www.tamayacikel.com\/wp-content\/uploads\/2007\/04\/IMG_4198-1024x768.jpg 1024w\" sizes=\"(max-width: 300px) 100vw, 300px\" \/><\/a>\n\t\t\t<\/dt><\/dl><br style=\"clear: both\" \/>\n\t\t<\/div>\n\n<p>Biz Sag\u00fcsad gezginleri, \u0130stanbul\u2019dan gelip bize kat\u0131lan sevgili Figen ve Kerem\u2019le birlikte k\u0131rk ki\u015fiye yakla\u015ft\u0131k. Rehberimiz Ahmet (Ahmet Bey dememiz yasak), mola yerinde mangal yakacak, k\u00f6fteleri pi\u015firecek\u2026<em> &#8220;Hi\u00e7 merak etmeyin her \u015feyi hallederim! Ama oraya kadar zor yerler var; iki kez dere ge\u00e7ece\u011fiz.\u201d <\/em>diyor.\u00a0 Ama bize \u00f6yle g\u00fcven veriyor ki yiyeceklerimizi y\u00fcklenip boy boy \u00e7ocuklarla tak\u0131l\u0131yoruz pe\u015fine\u2026<\/p>\n<p>Ormanda y\u00fcr\u00fcmek bir \u00f6m\u00fcr! \u00d6zlemi\u015fiz.<\/p>\n<p>Ve ilk engel! Ge\u00e7ece\u011fimiz k\u00f6pr\u00fc kocaman bir a\u011fa\u00e7 g\u00f6vdesi; korkuluklar\u0131 da dallar\u2026 Nas\u0131l da sallan\u0131yor, aman Allah!<\/p>\n<p>Bo Derek-1 ve Bo Derek-2 \u015felaleleri\u2026<\/p>\n<p>Bir yan\u0131 u\u00e7urumlu patikalar\u2026<\/p>\n<p>Sonra tekrar dere ge\u00e7me fasl\u0131\u2026 Bu kez k\u00f6pr\u00fc falan da yok! Dilek ilk kurban. Adamak\u0131ll\u0131 \u0131slan\u0131yor. Sonra Erdal ve Kerem hepimizi kuru olarak kar\u015f\u0131 k\u0131y\u0131ya ula\u015ft\u0131r\u0131yorlar.<\/p>\n<p>Do\u011fan\u0131n i\u00e7inde olmay\u0131 \u00f6zlemi\u015fiz. Engellerinin de bir mant\u0131\u011f\u0131 var do\u011fan\u0131n. Orada her \u015fey \u00fcst\u00fcne d\u00fc\u015fen g\u00f6revi yap\u0131yor. Tart\u0131\u015fmadan, k\u0131zd\u0131rmadan, k\u0131\u015fk\u0131rtmadan\u2026 Bu y\u00fczden g\u00fcc\u00fcn\u00fc kontrol etmesi gerekmiyor do\u011fan\u0131n. \u0130nsan da teknolojiyi onun mant\u0131\u011f\u0131na sad\u0131k kalarak geli\u015ftirse; cezbeye kap\u0131l\u0131p \u00fcst\u00fcnl\u00fck vehmetmese kendinde, denge bozulmayacak. Yani akl\u0131 oldu\u011fu i\u00e7in g\u00fcc\u00fcn\u00fc kontrol etmesi gerekir.<\/p>\n<p>Neyse bunlara yaz\u0131klanman\u0131n s\u0131ras\u0131 de\u011fil; hakk\u0131n\u0131 vermek l\u00e2z\u0131m bug\u00fcn\u00fcn\u2026<\/p>\n<p>Dereyi ge\u00e7tik ya, mola verece\u011fimiz yer de burada. A\u011fa\u00e7lar\u0131n aras\u0131nda, dere k\u0131y\u0131s\u0131nda foto\u011fraf av\u0131na \u00e7\u0131k\u0131yor kimimiz. Ac\u0131kmalar ba\u015flay\u0131nca, \u00e7al\u0131 \u00e7\u0131rp\u0131, kuru dallarla hemen bir ate\u015f yak\u0131l\u0131yor. Domates, biber ve sucuklar Ahmet\u2019in \u00f6nceden haz\u0131rlay\u0131p a\u011fa\u00e7 kovu\u011funa gizledi\u011fi \u015fi\u015flere ge\u00e7iriliyor. K\u00f6fteler tel \u0131zgaralara diziliyor\u2026 Arkada\u015flardan birka\u00e7 ki\u015fi ger\u00e7ekten canla ba\u015fla \u00e7al\u0131\u015f\u0131p bir \u015f\u00f6len havas\u0131 yarat\u0131yorlar bu cennet k\u00f6\u015fede.<\/p>\n<p>Yan\u0131k Deresi diye sadece ad\u0131n\u0131 bildi\u011fimiz o m\u00fcthi\u015f akarsu, yukar\u0131lara t\u0131rmand\u0131k\u00e7a daha ne \u015felaleler yap\u0131yor. En son g\u00f6rd\u00fc\u011f\u00fcm\u00fcz, en g\u00fczeli\u2026 Tarifsiz bir mutluluk sar\u0131yor i\u00e7imizi. Ahmet demez mi bir de: \u201cBundan b\u00fcy\u00fck alt\u0131 tane daha var!\u201d Biz \u015fa\u015fk\u0131nlar\u0131 \u015fa\u015f\u0131rtmak \u00e7ok keyiflendiriyor onu.<\/p>\n<p>A\u011fa\u00e7lar\u0131n g\u00fcn boyu neredeyse g\u00f6zle g\u00f6r\u00fcl\u00fcr bi\u00e7imde yapraklan\u0131\u015f\u0131, derenin \u00e7a\u011f\u0131lt\u0131s\u0131n\u0131n t\u00fcm sesleri bast\u0131r\u0131\u015f\u0131\u2026 bast\u0131\u011f\u0131m\u0131z ta\u015flar\u0131n kaymas\u0131, \u0131slanmak, yara bere i\u00e7inde kalmak, bir \u015feyleri kaybedip sonra bulmak\u2026 \u00e7ocuklar\u0131n sevimli hallerine, suya d\u00fc\u015fenlere, y\u00fcz\u00fckoyun yat\u0131p dereden su i\u00e7enlere, ba\u015f\u0131na dallardan \u00e7elenk takanlara g\u00fclmek\u2026<\/p>\n<p>Ya\u015fama sevinci y\u00fcre\u011finden ta\u015f\u0131nca ne g\u00fczel dile getirmi\u015f bunu Koca Yunus:<\/p>\n<p><strong><em>\u201cBu d\u00fcnya bir gelindir<\/em><\/strong><\/p>\n<p><strong><em>Ye\u015fil k\u0131z\u0131l donanm\u0131\u015f<\/em><\/strong><\/p>\n<p><strong><em>\u0130nsan b\u00f6yle geline <\/em><\/strong><\/p>\n<p><strong><em>Bakar bakar doyamaz\u201d<\/em><\/strong><\/p>\n<p>Yorgunluk da var hani!.. \u015eakayla kar\u0131\u015f\u0131k, d\u00f6n\u00fc\u015f yolunda, \u201cArabam\u0131 g\u00f6rd\u00fc\u011f\u00fcm zaman a\u011flayaca\u011f\u0131m!\u201d diyor Hasan Kurti\u00e7. Aman ne ho\u015f yazm\u0131\u015f geziyi; bay\u0131ld\u0131m\u2026 Hat\u0131rlatal\u0131m bu s\u00f6z\u00fcn\u00fc; belli ki unutmu\u015f!<\/p>\n<p><a href=\"https:\/\/www.tamayacikel.com\/wp-content\/uploads\/2007\/04\/IMG_4212-e1637525441228.jpg\"><img decoding=\"async\" class=\"alignleft size-medium wp-image-4909\" src=\"https:\/\/www.tamayacikel.com\/wp-content\/uploads\/2007\/04\/IMG_4212-e1637525441228-225x300.jpg\" alt=\"\" width=\"225\" height=\"300\" srcset=\"https:\/\/www.tamayacikel.com\/wp-content\/uploads\/2007\/04\/IMG_4212-e1637525441228-225x300.jpg 225w, https:\/\/www.tamayacikel.com\/wp-content\/uploads\/2007\/04\/IMG_4212-e1637525441228-768x1024.jpg 768w, https:\/\/www.tamayacikel.com\/wp-content\/uploads\/2007\/04\/IMG_4212-e1637525441228-1152x1536.jpg 1152w, https:\/\/www.tamayacikel.com\/wp-content\/uploads\/2007\/04\/IMG_4212-e1637525441228-1536x2048.jpg 1536w, https:\/\/www.tamayacikel.com\/wp-content\/uploads\/2007\/04\/IMG_4212-e1637525441228.jpg 1704w\" sizes=\"(max-width: 225px) 100vw, 225px\" \/><\/a><\/p>\n<p>Sapanca\u2019n\u0131n Yan\u0131k k\u00f6y\u00fcnde ya\u015f\u0131yor Ahmet (Gezer). Ama ger\u00e7ekten ya\u015f\u0131yor, \u00e7\u00fcnk\u00fc ya\u015famak demek sevmek demek onun i\u00e7in. Sevmekse g\u00f6rmek,\u00a0 dinlemek, dokunmak; hatta konu\u015fmak demek\u2026 Eminim konu\u015fuyordur da onlarla. Onlar dedi\u011fim, b\u00f6cekler, ku\u015flar; a\u011fa\u00e7lar, yapraklar, \u00e7i\u00e7ekler, k\u00f6kler\u2026 Biz \u015fehirlilerin do\u011faya kar\u015f\u0131 k\u00f6rle\u015fti\u011fini \u00e7oktan fark etmi\u015f olacak ki k\u00f6klerden heykeller yapmaya soyunmu\u015f. \u00a0Toprak alt\u0131nda deyip de unuttu\u011fumuz a\u011fa\u00e7 k\u00f6klerinden\u2026 \u015ea\u015fars\u0131n\u0131z.<\/p>\n<p><em> 26\/04\/2007<\/em><\/p>\n<p><em>Bizim Sakarya Gazetesi<\/em><\/p>\n","protected":false},"excerpt":{"rendered":"<p>Ya\u015fad\u0131\u011f\u0131m\u0131z co\u011frafya, do\u011fas\u0131 ve insan\u0131yla \u00f6yle zengin ki\u2026 Her g\u00fcn yeniden ke\u015ffedebilmeyi bekliyor. Bunun i\u00e7in geziyoruz, bunun i\u00e7in foto\u011fraf \u00e7ekiyoruz. Yan\u0131k Deresi vadisinde bir y\u00fcr\u00fcy\u00fc\u015f i\u00e7in g\u00fczel havay\u0131 kolluyorduk. Sonunda bulduk\u2026 Biz Sag\u00fcsad gezginleri, \u0130stanbul\u2019dan gelip bize kat\u0131lan sevgili Figen ve Kerem\u2019le birlikte k\u0131rk ki\u015fiye yakla\u015ft\u0131k. Rehberimiz Ahmet (Ahmet Bey dememiz yasak), mola yerinde mangal [&hellip;]<\/p>\n","protected":false},"author":1,"featured_media":4911,"comment_status":"open","ping_status":"open","sticky":false,"template":"","format":"standard","meta":{"footnotes":""},"categories":[468],"tags":[],"_links":{"self":[{"href":"https:\/\/www.tamayacikel.com\/index.php?rest_route=\/wp\/v2\/posts\/499"}],"collection":[{"href":"https:\/\/www.tamayacikel.com\/index.php?rest_route=\/wp\/v2\/posts"}],"about":[{"href":"https:\/\/www.tamayacikel.com\/index.php?rest_route=\/wp\/v2\/types\/post"}],"author":[{"embeddable":true,"href":"https:\/\/www.tamayacikel.com\/index.php?rest_route=\/wp\/v2\/users\/1"}],"replies":[{"embeddable":true,"href":"https:\/\/www.tamayacikel.com\/index.php?rest_route=%2Fwp%2Fv2%2Fcomments&post=499"}],"version-history":[{"count":4,"href":"https:\/\/www.tamayacikel.com\/index.php?rest_route=\/wp\/v2\/posts\/499\/revisions"}],"predecessor-version":[{"id":5453,"href":"https:\/\/www.tamayacikel.com\/index.php?rest_route=\/wp\/v2\/posts\/499\/revisions\/5453"}],"wp:featuredmedia":[{"embeddable":true,"href":"https:\/\/www.tamayacikel.com\/index.php?rest_route=\/wp\/v2\/media\/4911"}],"wp:attachment":[{"href":"https:\/\/www.tamayacikel.com\/index.php?rest_route=%2Fwp%2Fv2%2Fmedia&parent=499"}],"wp:term":[{"taxonomy":"category","embeddable":true,"href":"https:\/\/www.tamayacikel.com\/index.php?rest_route=%2Fwp%2Fv2%2Fcategories&post=499"},{"taxonomy":"post_tag","embeddable":true,"href":"https:\/\/www.tamayacikel.com\/index.php?rest_route=%2Fwp%2Fv2%2Ftags&post=499"}],"curies":[{"name":"wp","href":"https:\/\/api.w.org\/{rel}","templated":true}]}}