{"id":501,"date":"2007-06-28T18:40:22","date_gmt":"2007-06-28T18:40:22","guid":{"rendered":"http:\/\/www.tamayacikel.com\/?p=501"},"modified":"2015-11-26T00:20:30","modified_gmt":"2015-11-25T22:20:30","slug":"dag-basini-duman-almis-2-2","status":"publish","type":"post","link":"https:\/\/www.tamayacikel.com\/?p=501","title":{"rendered":"Da\u011f Ba\u015f\u0131n\u0131 Duman Alm\u0131\u015f!"},"content":{"rendered":"<p>25 y\u0131l\u0131n en s\u0131cak haziran ay\u0131nda bir pazar g\u00fcn\u00fcn\u00fc Bursa\u2019da ge\u00e7irecekseniz, akl\u0131n\u0131za Uluda\u011f\u2019a \u00e7\u0131kmak gelebilir. Deniz k\u0131y\u0131lar\u0131n\u0131n \u00e7ok kalabal\u0131k ve s\u0131cak olaca\u011f\u0131n\u0131 d\u00fc\u015f\u00fcn\u00fcr, yaylada serinleyelim dersiniz. Biz de bir d\u00fc\u011f\u00fcn gecesinin ertesi, Uluda\u011f\u2019\u0131n e\u015fsiz g\u00fczellikte ve \u00e7e\u015fitteki \u00e7i\u00e7eklerini foto\u011fraflama f\u0131rsat\u0131n\u0131 kullanmak istedik. Pazar sabah\u0131 vakitlice koyulduk yola. Bendeniz saf saf, \u201c<em>deniz dururken Uluda\u011f\u2019da kimseler olmaz\u201d<\/em> bile dedim.<\/p>\n<p>Aman efendim, \u00f6yle bir konvoya kat\u0131ld\u0131k ki \u00e7ok ge\u00e7meden, hemen laf\u0131m\u0131 geri ald\u0131m! \u00c7o\u011funluk bizim gibi nispeten serin, g\u00f6lgelik yerleri tercih etmi\u015fti demek!<\/p>\n<p>Kalabal\u0131\u011f\u0131 g\u00f6r\u00fcp d\u00f6nmedik de\u2026 Koskoca yayla idi; herkese yeterdi\u2026<\/p>\n<p>Arabam\u0131z\u0131 park ettik. U\u00e7urum kenar\u0131ndaki korkuluklara aban\u0131p \u00e7ok s\u0131cak bir yaz g\u00fcn\u00fc, Bursa\u2019y\u0131 tepeden seyrettik. Foto\u011fraf a\u00e7\u0131s\u0131ndan pek davetk\u00e2r say\u0131lmazd\u0131; pusluydu g\u00f6r\u00fcnt\u00fc\u2026 Biz de hevesimizi \u00e7i\u00e7eklerle b\u00f6ceklere saklad\u0131k.<\/p>\n<p>O s\u0131rada g\u00fcne\u015f g\u00f6kte; \u00e7i\u00e7ek b\u00f6cek tayfas\u0131 da k\u0131rlarda, ormanda g\u00f6revini yapmaktayd\u0131. Yirmi birinci y\u00fczy\u0131l\u0131n kafas\u0131 kar\u0131\u015f\u0131k d\u00fcnyal\u0131s\u0131n\u0131n \u015fu tatil g\u00fcn\u00fcn\u00fc de\u011ferlendirme tela\u015f\u0131, onlar\u0131n hi\u00e7 mi hi\u00e7 umurunda de\u011fildi\u2026 A\u011fa\u00e7 g\u00f6lgelerinde yava\u015f yava\u015f mangal d\u00fczenine ge\u00e7ilmekteyken, d\u00fcnyal\u0131 da onlar\u0131 umursam\u0131yordu.<\/p>\n<p><strong>***<\/strong><\/p>\n<p>Da\u011f ba\u015f\u0131n\u0131 duman alm\u0131\u015f! Ama sorun bakal\u0131m niye?<\/p>\n<p>A\u015fa\u011f\u0131da, Bursa\u2019da s\u00fcr\u00fclerce ve k\u00fcmesler dolusu b\u00fcy\u00fck ve k\u00fc\u00e7\u00fckba\u015f hayvan kesilmi\u015f; k\u00f6fte, pirzola, kanat olarak gelmekte\u2026<\/p>\n<p>B\u00fct\u00fcn hafta al\u0131nteri d\u00f6k; sonra da mangal ba\u015f\u0131nda terle!..<\/p>\n<p>Neyse\u2026 Yaz\u0131n\u0131n devam\u0131n\u0131n okunmamas\u0131 tehlikesine kar\u015f\u0131 o fasl\u0131 ge\u00e7iyorum. Bir mangal keyfini de \u00e7ok mu g\u00f6r\u00fcyorsun diyerek dar\u0131lanlar olabilir.<\/p>\n<p>Yok, benim z\u0131dd\u0131ma giden o de\u011fil asl\u0131nda\u2026 A\u00e7\u0131k hava, hele yayla havas\u0131 insan\u0131n i\u015ftah\u0131n\u0131 a\u00e7ar zaten; pi\u015fmi\u015f et kokusuyla k\u0131\u015fk\u0131rtmaya gerek yok, diyorum. Ayr\u0131ca, p\u0131nar ba\u015flar\u0131n\u0131n koyu ye\u015fil g\u00f6lgeliklerinde, su sesi e\u015fli\u011finde tad\u0131na var\u0131lacak iddias\u0131z bir \u00f6\u011fle yeme\u011fi de keyiften say\u0131labilmeli\u2026 Zeytinya\u011fl\u0131 dolma, b\u00f6rek, evde haz\u0131rlanm\u0131\u015f kuru k\u00f6fte; domates, salatal\u0131k, meyve, \u2026 Eskiden otomobili olan aileler b\u00f6yle giderlermi\u015f pikni\u011fe.<\/p>\n<p><strong>***<\/strong><\/p>\n<p>Bilmeyenler i\u00e7in a\u00e7\u0131klamam gerek; \u00e7i\u00e7ek, b\u00f6cek ve di\u011fer detay foto\u011fraflar\u0131, birka\u00e7 santim yak\u0131na girerek makro objektiflerle \u00e7ekilir. Yeri gelir \u015fekilden \u015fekile girer, hatta yerlerde s\u00fcr\u00fcn\u00fcrs\u00fcn\u00fcz. Yorucudur ama de\u011fer&#8230; Ald\u0131\u011f\u0131n\u0131z sonucun m\u00fckemmel olmas\u0131 \u015fart de\u011fildir; \u00f6nemli olan \u00e7ekim s\u00fcrecindeki zamandan soyutlanm\u0131\u015fl\u0131k duygusudur. Yerine g\u00f6re dakikalar, saatler ge\u00e7er; ac\u0131kmaz, susamazs\u0131n\u0131z\u2026 Terden yap\u0131\u015f yap\u0131\u015f olursunuz. K\u0131\u015fsa, parmaklar\u0131n\u0131z donar so\u011fuktan, ald\u0131rmaz; biraz daha, biraz daha uzatmaktan alamazs\u0131n\u0131z kendinizi.<\/p>\n<p>\u0130\u015fte biz de ailelerin piknik yapt\u0131\u011f\u0131 alanda bu durumdayken \u00e7evrede bulunanlardan baz\u0131lar\u0131n\u0131n ilgisini \u00e7ektik. Aralar\u0131nda yorum yapt\u0131lar. \u201c<em>\u0130\u015fte bu da bir bilim dal\u0131\u201d<\/em> dedi bir kad\u0131n\u2026 Sonra da \u201c<em>yurtd\u0131\u015f\u0131ndan m\u0131 geldiniz?\u201d<\/em> diye sordular. Biz de viz\u00f6rden bakt\u0131r\u0131p, bir-iki k\u0131r \u00e7i\u00e7e\u011finin on kez b\u00fcy\u00fct\u00fclm\u00fc\u015f halini g\u00f6steriverdik merak edenlere\u2026 \u201c<em>\u0130\u015fte bunlar\u0131 \u00e7ekiyoruz, g\u00fczel mi\u201d<\/em> dedik\u2026 \u015ea\u015ft\u0131lar. Bir anne \u00e7ocu\u011funa, \u201c<em>sen de b\u00fcy\u00fcy\u00fcnce foto\u011fraf\u00e7\u0131 ol!\u201d<\/em> dedi.<\/p>\n<p><strong>***<\/strong><\/p>\n<p>Sabah otelde s\u0131k\u0131 bir kahvalt\u0131 edip \u00e7\u0131km\u0131\u015ft\u0131k. Ac\u0131k\u0131rsak da karn\u0131m\u0131z\u0131 doyuracak bir yer bulunurdu nas\u0131l olsa\u2026 Aradan saatler ge\u00e7mi\u015fti, ama \u00e7\u0131k\u0131\u015f y\u00f6n\u00fcndeki trafik daha da yo\u011funla\u015fm\u0131\u015ft\u0131\u2026 Biz ini\u015fe y\u00f6nelmi\u015ftik art\u0131k. Kayak merkezindeki otellerde hayat belirtisi yoktu. Yolda birka\u00e7 k\u0131r lokantas\u0131na rastlad\u0131k\u2026 Et-mangal ve sucuk-ekmek tabelalar\u0131, pankartlar\u0131yla donanm\u0131\u015flard\u0131. Bu \u015fekilde dikkat \u00e7ekiyorlard\u0131.<em> \u201cBurada etten ba\u015fka ne var?\u201d <\/em>diye sorduk birine\u2026 Tuhaf tuhaf bakt\u0131 adam; dalga ge\u00e7iyoruz sand\u0131. Yan\u0131tlamayacakt\u0131; \u201c<em>\u00e7oban salata, yo\u011furt!\u201d <\/em>dedi sonra\u2026 \u201c<em>O kadar m\u0131?\u201d \u201cO kadar!..<\/em>\u201d Hafif bir yemek istemi\u015ftik, ama o kadar da de\u011fil! Bah\u00e7eden y\u00fckselen dumanlara bakt\u0131k\u2026<\/p>\n<p>Bursa\u2019ya d\u00f6nd\u00fck ve orada da me\u015fhur Kebap\u00e7\u0131 \u0130skender\u2019in a\u011f\u0131na yakaland\u0131k. Bir \u00f6nceki geli\u015fimizde ke\u015ffetti\u011fimiz vejetaryen kebap ve \u015f\u0131rayla karn\u0131n\u0131 doyuran bendim yaln\u0131zca\u2026 Et yerine k\u00f6zlenmi\u015f patl\u0131can, domates, biber\u2026 E\u015fim yo\u011furtlu \u0130skender\u2019e yumulmu\u015ftu bile.<\/p>\n<p>Herkese afiyet olsun!<\/p>\n<p><em>28\/07\/2007<\/em><\/p>\n<p><em>Bizim Sakarya Gazetesi<br \/>\n<\/em><\/p>\n<p>&nbsp;<\/p>\n","protected":false},"excerpt":{"rendered":"<p>25 y\u0131l\u0131n en s\u0131cak haziran ay\u0131nda bir pazar g\u00fcn\u00fcn\u00fc Bursa\u2019da ge\u00e7irecekseniz, akl\u0131n\u0131za Uluda\u011f\u2019a \u00e7\u0131kmak gelebilir. Deniz k\u0131y\u0131lar\u0131n\u0131n \u00e7ok kalabal\u0131k ve s\u0131cak olaca\u011f\u0131n\u0131 d\u00fc\u015f\u00fcn\u00fcr, yaylada serinleyelim dersiniz. Biz de bir d\u00fc\u011f\u00fcn gecesinin ertesi, Uluda\u011f\u2019\u0131n e\u015fsiz g\u00fczellikte ve \u00e7e\u015fitteki \u00e7i\u00e7eklerini foto\u011fraflama f\u0131rsat\u0131n\u0131 kullanmak istedik. Pazar sabah\u0131 vakitlice koyulduk yola. Bendeniz saf saf, \u201cdeniz dururken Uluda\u011f\u2019da kimseler olmaz\u201d [&hellip;]<\/p>\n","protected":false},"author":1,"featured_media":0,"comment_status":"open","ping_status":"open","sticky":false,"template":"","format":"standard","meta":{"footnotes":""},"categories":[468],"tags":[1132,1133,1131],"_links":{"self":[{"href":"https:\/\/www.tamayacikel.com\/index.php?rest_route=\/wp\/v2\/posts\/501"}],"collection":[{"href":"https:\/\/www.tamayacikel.com\/index.php?rest_route=\/wp\/v2\/posts"}],"about":[{"href":"https:\/\/www.tamayacikel.com\/index.php?rest_route=\/wp\/v2\/types\/post"}],"author":[{"embeddable":true,"href":"https:\/\/www.tamayacikel.com\/index.php?rest_route=\/wp\/v2\/users\/1"}],"replies":[{"embeddable":true,"href":"https:\/\/www.tamayacikel.com\/index.php?rest_route=%2Fwp%2Fv2%2Fcomments&post=501"}],"version-history":[{"count":2,"href":"https:\/\/www.tamayacikel.com\/index.php?rest_route=\/wp\/v2\/posts\/501\/revisions"}],"predecessor-version":[{"id":4660,"href":"https:\/\/www.tamayacikel.com\/index.php?rest_route=\/wp\/v2\/posts\/501\/revisions\/4660"}],"wp:attachment":[{"href":"https:\/\/www.tamayacikel.com\/index.php?rest_route=%2Fwp%2Fv2%2Fmedia&parent=501"}],"wp:term":[{"taxonomy":"category","embeddable":true,"href":"https:\/\/www.tamayacikel.com\/index.php?rest_route=%2Fwp%2Fv2%2Fcategories&post=501"},{"taxonomy":"post_tag","embeddable":true,"href":"https:\/\/www.tamayacikel.com\/index.php?rest_route=%2Fwp%2Fv2%2Ftags&post=501"}],"curies":[{"name":"wp","href":"https:\/\/api.w.org\/{rel}","templated":true}]}}