{"id":503,"date":"2007-09-20T18:43:06","date_gmt":"2007-09-20T18:43:06","guid":{"rendered":"http:\/\/www.tamayacikel.com\/?p=503"},"modified":"2021-11-18T00:10:05","modified_gmt":"2021-11-17T21:10:05","slug":"ulvi-der-ki-2","status":"publish","type":"post","link":"https:\/\/www.tamayacikel.com\/?p=503","title":{"rendered":"\u201cULV\u0130 DER K\u0130\u2026\u201d"},"content":{"rendered":"<p><a href=\"https:\/\/www.tamayacikel.com\/wp-content\/uploads\/2007\/09\/Osmaneli_07.jpg\"><img decoding=\"async\" class=\"aligncenter wp-image-4088 size-full\" src=\"https:\/\/www.tamayacikel.com\/wp-content\/uploads\/2007\/09\/Osmaneli_07.jpg\" alt=\"Osmaneli_07\" width=\"800\" height=\"640\" srcset=\"https:\/\/www.tamayacikel.com\/wp-content\/uploads\/2007\/09\/Osmaneli_07.jpg 800w, https:\/\/www.tamayacikel.com\/wp-content\/uploads\/2007\/09\/Osmaneli_07-300x240.jpg 300w\" sizes=\"(max-width: 800px) 100vw, 800px\" \/><\/a><\/p>\n<table border=\"1\" cellspacing=\"0\" cellpadding=\"0\">\n<tbody>\n<tr>\n<td valign=\"top\" width=\"633\"><strong><em>\u00a0<\/em><\/strong><strong><em>Osmaneli:<\/em><\/strong><em><br \/>\nOsmangazi taraf\u0131ndan 1308 y\u0131l\u0131nda Osmanl\u0131 topraklar\u0131na kat\u0131lan il\u00e7e, Rumca \u2018kavakl\u0131k\u2019 anlam\u0131na gelen <strong>Lefke<\/strong> ad\u0131n\u0131 ta\u015f\u0131rken, 1913 y\u0131l\u0131nda Osmangazi\u2019ye ithafen Osmaneli ismini alm\u0131\u015ft\u0131r. <\/em>Osmaneli, do\u011fal g\u00fczelliklerinin yan\u0131nda g\u00f6r\u00fclmeye de\u011fer bir\u00e7ok tarihi eseri de bar\u0131nd\u0131rmaktad\u0131r. Roma, Bizans, Sel\u00e7uklu ve Osmanl\u0131lar d\u00f6nemine ait bir\u00e7ok tarihi kal\u0131nt\u0131 bulunmaktad\u0131r.\u00a0 Osmaneli\u2019de Bizans d\u00f6nemine ait su kemerleri, mezarlar, t\u00fcm\u00fcl\u00fcsler, Sel\u00e7uklu d\u00f6nemine ait g\u00f6zetleme kuleleri, Mimar Sinan taraf\u0131ndan yap\u0131lm\u0131\u015f Ta\u015fk\u00f6pr\u00fc kal\u0131nt\u0131s\u0131 ve 450\u2013500 y\u0131ll\u0131k iki cami, harap olanlar\u0131 bile muhte\u015fem bir g\u00f6r\u00fcnt\u00fc sunan 124 adet 19. yy. sivil mimari \u00f6rne\u011fi \u201cOSMANEL\u0130 EVLER\u0130\u201d sakl\u0131 bir hazine g\u00f6r\u00fcnt\u00fcs\u00fcndedir.<\/td>\n<\/tr>\n<\/tbody>\n<\/table>\n<p>Nereye gidersem gideyim, ilgin\u00e7 insanlar gelip beni buluyor. Aramama gerek kalm\u0131yor onlar\u0131.<\/p>\n<p>Bilecik\u2019in il\u00e7esi, Osmaneli\u2019deyiz\u2026 Hep i\u00e7inden ge\u00e7eriz de bilmeyiz: Her y\u0131l A\u011fustos ay\u0131n\u0131n ilk haftas\u0131 burada \u201cOsmaneli Alaca Karpuz Festivali\u201d d\u00fczenlenirmi\u015f. \u0130\u015fte bu yaz, festival kapsam\u0131na al\u0131nan Sag\u00fcsad Foto\u011fraf Sergisi dolay\u0131s\u0131yla gitti\u011fimiz Osmaneli\u2019de, yine bu \u015fa\u015f\u0131rt\u0131c\u0131, s\u0131rad\u0131\u015f\u0131 insanlardan biri \u00e7\u0131k\u0131yor kar\u015f\u0131ma: Ulvi Erba\u015f.<\/p>\n<p>Art\u0131k \u015fa\u015f\u0131rm\u0131yorum, al\u0131\u015ft\u0131m\u2026<\/p>\n<p>\u00c7ar\u015f\u0131 i\u00e7inde bir d\u00fckk\u00e2n\u2026 D\u0131\u015fardan dikkat \u00e7ekici de\u011fil. \u0130\u00e7eriye bir g\u00f6z at\u0131yoruz\u2026 Maketler var i\u00e7erde. Tarihi Osmaneli evlerinin maketleri g\u00f6r\u00fcn\u00fcyor \u015fimdilik. Giriyoruz. \u0130lk akla gelen, tabii, sat\u0131l\u0131k olmalar\u0131; il\u00e7ede festival de devam ediyor ya\u2026 Ama de\u011filler. Onlar sat\u0131l\u0131k de\u011fil! Onlar, inanmayacaks\u0131n\u0131z ama sahiden de, Osmaneli\u2019ye adanm\u0131\u015f sanat eserleri\u2026 Osmaneli\u2019nin tarihi evleri de\u011fil sadece, Osmaneli\u2019nin tekmil tarihi!<\/p>\n<p>Yaln\u0131zca basit el aletleri kullanarak bu karma\u015f\u0131k ve tamamen asl\u0131na uygun maketleri yapan, 80 ya\u015f\u0131nda,\u00a0 yerinde duramayan bir adam: Ulvi Erba\u015f\u2026 Maketleri g\u00f6sterip bilgi verirken bir bak\u0131yorsunuz tarih\u00f6ncesi devirlere, bir bak\u0131yorsunuz Ha\u00e7l\u0131 Seferlerine g\u00f6t\u00fcrm\u00fc\u015f sizi\u2026 Oradan padi\u015fah ferman\u0131na, Alman ara\u015ft\u0131rmac\u0131lara, tarihi kilisenin \u00e7an\u0131na, u\u00e7kur dokuma tezg\u00e2h\u0131na, kral mezar\u0131na ve\u2026 hadi gel de \u015fa\u015fma: Bas\u0131lmay\u0131 bekleyen kitaplar\u0131na\u2026<\/p>\n<p>Dedim ya, burada da kar\u015f\u0131ma \u00e7\u0131kacak, biliyorum\u2026 Ses kay\u0131t cihaz\u0131m\u0131 ve ne olur ne olmaz, filmin ba\u015f\u0131na bir i\u015f gelir diye edindi\u011fim k\u00fc\u00e7\u00fck dijital foto\u011fraf makinemi \u00e7antamdan \u00e7\u0131kar\u0131yorum.<\/p>\n<p>Anadolu kasabalar\u0131ndan birinde, geleneksel ya\u015fam i\u00e7inde ortaya \u00e7\u0131kan bu bilimsel \u015f\u00fcphecili\u011fe, bu belgeleme tutkusuna inanam\u0131yorum.<\/p>\n<p>***<\/p>\n<p>\u201cMaketler sat\u0131l\u0131k de\u011fildir\u201d yaz\u0131l\u0131 bir tabela as\u0131l\u0131 duvarda\u2026 Maketler\u2026<\/p>\n<p>\u0130\u015fte! Osmaneli\u2019de 4. Murat K\u00f6pr\u00fcs\u00fc\u2026<\/p>\n<p>Ve \u00f6n\u00fcnde bir kavak maketi ve\u2026<\/p>\n<p>\u201cAk kavak: Be\u015f ki\u015fi zor kucaklar idi.\u201d diye de minik \u00f6yk\u00fcs\u00fc\u2026<\/p>\n<p>Bir karasaban,<\/p>\n<p>Bir d\u00fcven,<\/p>\n<p>Bir bu\u011fday dibe\u011fi\u2026<\/p>\n<p>\u0130\u015fte \u015furada;<\/p>\n<p>Su ile \u00e7al\u0131\u015fan un de\u011firmeni,<\/p>\n<p>Mutaf veya k\u0131l dokuma tezg\u00e2h\u0131,<\/p>\n<p>Minik bir u\u00e7kur dokuma tezg\u00e2h\u0131,<\/p>\n<p>\u015eurada da bez dokuma tezg\u00e2h\u0131\u2026<\/p>\n<p>Cebecio\u011flu Kona\u011f\u0131,<\/p>\n<p>Kelemcio\u011flu Kona\u011f\u0131,<\/p>\n<p>Mehmet Beng\u00fcdal\u2019\u0131n mesken binas\u0131:<\/p>\n<p>Kona\u011f\u0131n yap\u0131m evresini canland\u0131rm\u0131\u015f bu makette Ulvi Erba\u015f. Yan\u0131ndaki a\u00e7\u0131klamas\u0131nda yerini pek ayr\u0131nt\u0131l\u0131 tarif ettikten sonra s\u00fcrd\u00fcrm\u00fc\u015f: \u201c\u2026 \u00c7at\u0131s\u0131ndaki renkli bezler, o devirde, in\u015fas\u0131 bu duruma gelen binan\u0131n ustas\u0131n\u0131n, bina sahibinin dost ve akrabalar\u0131ndan isteyip de kendisine verilen hediyelerdir.<\/p>\n<p>Bina yan\u0131nda bulunan kerpi\u00e7ler, toprak ve saman kar\u0131\u015f\u0131m\u0131ndan meydana gelmi\u015ftir. Yan\u0131ndaki g\u00f6zl\u00fc tahta, kerpi\u00e7lerin kal\u0131b\u0131d\u0131r. Bu kerpi\u00e7lerle iskelet bo\u015fluklar\u0131 doldurulur. \u0130pe ba\u011fl\u0131 kova ile \u00e7amurlar yukar\u0131ya \u00e7ekilir ve kerpi\u00e7lerin \u00fczeri s\u0131van\u0131r.\u201d<\/p>\n<p>Gelenek, g\u00f6renek, yap\u0131m tekni\u011fi\u2026 Her \u015fey var!<\/p>\n<ul>\n<li>Eski bir diploma ve yan\u0131nda da \u015fu a\u00e7\u0131klama var:<\/li>\n<\/ul>\n<p>\u201cBu diploma Cumhuriyet d\u00f6neminden \u00f6nce Osmaneli (Lefke) il\u00e7esinde bulunan bir ilkokula ait olup dikkate de\u011fer y\u00f6n\u00fc \u015fudur: M\u00fcsl\u00fcman olan \u00f6\u011frenci ve imtihan heyetinde Rum cemaati ruhani reisinin bulunmas\u0131d\u0131r.\u201d<\/p>\n<ul>\n<li>Bir k\u00f6\u015fede fosiller g\u00f6r\u00fcyoruz. \u00dczerlerine ili\u015ftirdi\u011fi bir k\u00e2\u011f\u0131tta:<\/li>\n<\/ul>\n<p>\u201cOsmaneli merkez il\u00e7enin Cami-i Cedit Mahallesinin bat\u0131 ve g\u00fcneybat\u0131 taraf\u0131nda bulunan, halk aras\u0131nda da\u011f denilen tepelerde ve yama\u00e7lar\u0131nda ta\u015fla\u015fm\u0131\u015f fosiller vard\u0131r. Bu fosiller o kadar \u00e7oktur ki hayvan ve insanlar\u0131n u\u011framad\u0131\u011f\u0131 yerlerde mantar toplar gibi toplanacak durumdad\u0131r.<\/p>\n<p>Tepelerin yap\u0131s\u0131 kumlu ta\u015f durumunda oldu\u011fundan k\u0131\u015f\u0131n kar ve ya\u011fmur nedeniyle kabar\u0131yor, fosiller de bulunduklar\u0131 yerden ayr\u0131l\u0131yorlar.\u201d yaz\u0131yor.<\/p>\n<p>Sonra konunun uzman\u0131 olmayan bir \u00fcniversite \u00f6\u011fretim \u00fcyesine bunun nedenini sordu\u011funu ve onun bilimsel olmayan yorumunu yaz\u0131yor; alt\u0131na da \u201c Benim verdi\u011fim bilgi \u00e7ekirdek bilgidir.\u201d diye ekliyor, hep yapt\u0131\u011f\u0131 gibi\u2026<\/p>\n<p>Bilimselli\u011fe bu kadar \u00f6nem veriyor, sayg\u0131 g\u00f6steriyor ve bu kli\u015feyi eklemeyi hi\u00e7 ihmal etmiyor Ulvi Erba\u015f.<\/p>\n<p>***<\/p>\n<p>Bravo, bo\u015f zamanlar\u0131n\u0131 ne g\u00fczel de\u011ferlendirmi\u015f, deyip ge\u00e7ece\u011finiz biri de\u011fil asla, Ulvi Erba\u015f. Ayr\u0131ca bu, bo\u015f zaman i\u015fi falan da de\u011fil.<\/p>\n<p>Yemekten sonra tekrar geliriz, deyip ayr\u0131l\u0131yoruz. Osmaneli\u2019de gezilecek yerler var, foto\u011fraf \u00e7ekece\u011fiz\u2026 Bir daha ne zaman gelece\u011fiz? S\u00f6yle\u015fi \u00e7ok ilgimi \u00e7ekiyor, ama bu f\u0131rsat\u0131 da ka\u00e7\u0131rmak istemiyorum. Yeme\u011fi \u00fcnl\u00fc Yan\u0131k Kona\u011f\u0131n bah\u00e7esinde yiyoruz: G\u00f6zleme, \u00e7ay ve Samsa Tatl\u0131s\u0131\u2026 Tarihi Rum kilisesine gidiyoruz. G\u00f6rkemli duvarlar\u0131 yer yer y\u0131k\u0131lm\u0131\u015f. \u0130\u00e7erde oynayan k\u00fc\u00e7\u00fck yaramazlar foto\u011fraf \u00e7ekti\u011fimizi g\u00f6r\u00fcnce maskaral\u0131\u011fa ba\u015fl\u0131yorlar. M\u00fcthi\u015f s\u0131cak bir hava var\u2026<\/p>\n<p>D\u00f6nd\u00fc\u011f\u00fcmde beni bekler buluyorum Ulvi Erba\u015f\u2019\u0131. Bu kez de onun namaz saati geliyor. Camiye gidiyor. Biz o arada o\u011flu H\u00fcseyin Erba\u015f\u2019la sohbet ediyoruz.<\/p>\n<p>Elindeki yayl\u0131 araba maketini soruyorum. Gayet d\u00fczg\u00fcn bir maket bu.<\/p>\n<p>\u2014 Babam bir araba tekerle\u011fi i\u00e7in bir hafta u\u011fra\u015f\u0131r. Ben tornac\u0131y\u0131m;\u00a0 baba, makinede kesiverelim diyorum. Olmaz! O devrin eme\u011fini yans\u0131tmas\u0131 laz\u0131m, diyor.\u00a0 Evimdeki tek maket budur. Makine g\u00fcc\u00fc kulland\u0131\u011f\u0131m i\u00e7in buraya kabul etmiyor. Tekerlerini frezede, somununu milini tornada \u00e7ekti\u011fimiz i\u00e7in onun g\u00f6z\u00fcnde de\u011feri yok.<\/p>\n<p>\u2014 Biz girdi\u011fimizde bunlar\u0131 sat\u0131l\u0131k sand\u0131k.<\/p>\n<p>\u2014 Bu \u00fc\u00e7\u00fcnc\u00fc sene, maketleri sergiye \u00e7\u0131kard\u0131\u011f\u0131. \u00c7ok ki\u015fi soruyor. Bu sene art\u0131k o yaz\u0131lar\u0131 yazd\u0131rd\u0131m ast\u0131m, \u201csat\u0131l\u0131k de\u011fildir\u201d diye\u2026 Sipari\u015f al\u0131yor musunuz, diye soruyorlar bu sefer.<\/p>\n<p>\u2014 Siz yapabilirsiniz\u2026<\/p>\n<p>\u2014 Onu da kabul etmiyor\u2026 K\u00fclt\u00fcr Bakan\u0131 Atilla Ko\u00e7 geldi g\u00f6rd\u00fc. Sonra babama at\u00f6lye a\u00e7may\u0131 teklif ettiler. \u201c80 ya\u015f\u0131nday\u0131m, benim maddi bir beklentim yok; Osmaneli\u2019yi sevdi\u011fim i\u00e7in bir katk\u0131da bulunmak istedim.\u201d dedi. \u0130lerde bir m\u00fcze yaparlar diye m\u00fczeye ba\u011f\u0131\u015flad\u0131.<\/p>\n<p>\u2014 \u00c7ok merakl\u0131 bir insan baban\u0131z. Her i\u015fte b\u00f6yle midir?<\/p>\n<p>\u2014 Evet, bir \u015feye el att\u0131\u011f\u0131 zaman onun en iyisini yapmaya \u00e7al\u0131\u015f\u0131r. Haf\u0131zas\u0131 da \u00e7ok kuvvetli.<\/p>\n<p>Mesela \u015furada u\u00e7kur dokuma tezg\u00e2h\u0131 var; onu ta \u00e7ocuklu\u011funda g\u00f6rm\u00fc\u015f anneannesinden. Haf\u0131zas\u0131nda canland\u0131r\u0131yor. Yani 80 ya\u015f\u0131nda oldu\u011funa g\u00f6re, 70 sene \u00f6nce g\u00f6rd\u00fc\u011f\u00fc bir \u015feyi\u2026 Ya\u015fl\u0131lara soruyor, b\u00f6yle bir \u015fey vard\u0131, diye. Dokumu\u015f olanlar var, ama ba\u015fka \u00e7e\u015fit dokurlarm\u0131\u015f onlar. A\u011fac\u0131n\u0131 yapt\u0131 ama iplerin ba\u011flanmas\u0131n\u0131 bilemedi, soru\u015fturdu, bir t\u00fcrl\u00fc cevap alamad\u0131.<\/p>\n<p>Bir ay u\u011fra\u015ft\u0131 sadece iplerini ba\u011flamak i\u00e7in. En sonunda buldu ve \u015fu par\u00e7ay\u0131 dokudu, b\u0131rakt\u0131. Yani tezg\u00e2h \u00e7al\u0131\u015f\u0131r durumda.<\/p>\n<p>\u00c2dem abi kom\u015fumuzdur. (O da yan\u0131m\u0131zda; arada s\u00f6ze giriyor.) Annesi d\u00fc\u011f\u00fcne gelmi\u015fti. Onun dokudu\u011funu \u00f6\u011frendik sonradan. Onu tan\u0131m\u0131\u015f olsayd\u0131k bulur sorard\u0131k.<\/p>\n<p>\u201cAnneniz ne dedi g\u00f6r\u00fcnce? Do\u011fru mu yapm\u0131\u015f Ulvi Amca?\u201d diye soruyorum \u00c2dem Bey\u2019e. Evet, do\u011fru yapm\u0131\u015f!<\/p>\n<p>***<\/p>\n<p>\u201cVerdi\u011fim bilgiler \u00e7ekirdek bilgidir. Hata varsa affoluna!\u201d<\/p>\n<p>O, \u00e7e\u015fitli uygarl\u0131klara ait yap\u0131tlar\u0131n tahrip edilerek ortadan kalkmas\u0131 tehlikesine kar\u015f\u0131 belgelenmeleri gerekti\u011fini d\u00fc\u015f\u00fcn\u00fcyor. Bu bilgilerin ge\u00e7erli olmas\u0131 i\u00e7inse kaynak g\u00f6sterilmelidir, diyor. Defterleri kar\u0131\u015ft\u0131r\u0131rken dikkatimi \u00e7ekti bu konudaki titizli\u011fi: \u201cDo\u011fru oldu\u011funa dair delil bulamad\u0131m.\u201d diye belirtmi\u015f mutlaka. Hep delil ar\u0131yor.<\/p>\n<p>Defterlerinde yer alan bilgilerin sadece \u201c\u00e7ekirdek bilgi\u201d oldu\u011funu, hatalar\u0131 varsa d\u00fczeltilerek katk\u0131da bulunulmas\u0131n\u0131 rica ediyor. Ayd\u0131nlat\u0131c\u0131 olmas\u0131 bak\u0131m\u0131ndan, bundan memnuniyet duyar\u0131m, diyor.<\/p>\n<p>\u201cVerdi\u011fim bilgiler \u00e7ekirdek bilgidir. Hata varsa affoluna!\u201d<\/p>\n<p>H\u00fcseyin Bey de diyor ki:<\/p>\n<p>\u2014 Bu yaz\u0131y\u0131 cama yazd\u0131rd\u0131 ya; ben \u00e7ekirdek yerine \u00f6n bilgi desek, dedim. Yok, \u00e7ekirdek olacak, dedi.<\/p>\n<p>***<\/p>\n<p>O s\u0131rada i\u00e7eri giriyor Ulvi Erba\u015f. Sonunda s\u00f6yle\u015fi havas\u0131na girebiliyoruz.<\/p>\n<p>\u2014 Ali o\u011flu Ulvi Erba\u015f! Baban\u0131z\u0131n sohbeti g\u00fczeldi anla\u015f\u0131lan, size bu kadar bilgi aktard\u0131\u011f\u0131na g\u00f6re\u2026<\/p>\n<p>\u2014 O anlatt\u0131 da, vefat ettikten sonra ben bunlar\u0131 \u00e7ocuklar rahat okusun diye \u015fiir haline getirdim.<\/p>\n<p>\u201cBilgi babamdan bana nakledendir<\/p>\n<p>Yaz\u0131l\u0131\u015f babam\u0131n a\u011fz\u0131ndand\u0131r<\/p>\n<p>Yaz\u0131 hik\u00e2ye de\u011fil, as\u0131ld\u0131r<\/p>\n<p>Sava\u015fa da k\u0131sa bir bak\u0131\u015ft\u0131r.\u201d<\/p>\n<p>\u2014 2002 y\u0131l\u0131nda yazm\u0131\u015fs\u0131n\u0131z. Daha yeni yani!<\/p>\n<p>\u2014 Yeni ama ben evvelce hep not ald\u0131m bunlar\u0131. Kitap haline getirmem 2002 y\u0131l\u0131.<\/p>\n<p>Babam \u00c7anakkale Sava\u015f\u0131nda askere gidiyor. Bilecik\u2019te milli m\u00fcdafaa kurulurken, ilk defa asker olarak oraya yaz\u0131l\u0131yor. O vefat ettikten sonra ben televizyonda \u201cSon Ak\u0131n\u201d diye bir film g\u00f6rd\u00fcm. Bu son ak\u0131nsa benim babam\u0131n yapt\u0131\u011f\u0131 i\u015fler de ilk ak\u0131n dedim. Kitab\u0131n ad\u0131n\u0131 \u201c\u0130lk Ak\u0131nc\u0131\u201d koymam bu y\u00fczden. Ba\u015f\u0131ndan \u00e7e\u015fitli olaylar ge\u00e7iyor babam\u0131n.\u00a0 Hem tarih\u00e7iydi hem de ayn\u0131 zamanda r\u00fc\u015ftiye mezunuydu. Bilgisi baya\u011f\u0131 fazlayd\u0131. Kahvede otururdu; anlatsana Ali Aga, derlerdi. O da anlat\u0131rd\u0131.<\/p>\n<p>Babam\u0131n bana anlatt\u0131klar\u0131n\u0131 biraz bilgiyle de besledim.<\/p>\n<p>\u0130stiklal Harbine g\u00f6n\u00fcll\u00fc olarak kat\u0131l\u0131yor. \u00c7anakkale\u2019de yaralan\u0131yor. Dere kenar\u0131nda kendinden ge\u00e7iyor. Sesleri hayal meyal duyuyor. Arkadaki askerler acemi, bunu b\u00f6yle vurulmu\u015f g\u00f6r\u00fcrlerse korkarlar; bari g\u00f6melim deyip bir g\u00fczel g\u00f6m\u00fcyorlar. Bay\u0131ld\u0131\u011f\u0131 zaman g\u00f6z\u00fcne \u0131\u015f\u0131k girmesin diye g\u00f6z\u00fcn\u00fc eliyle kapam\u0131\u015f. Onun i\u00e7in a\u011fz\u0131na g\u00f6z\u00fcne kum girmiyor. Gece oluyor; doktor yaral\u0131 var m\u0131 diye tefti\u015fe \u00e7\u0131k\u0131yor. Dereyi ge\u00e7erken babam\u0131n \u00fcst\u00fcne bas\u0131yor. Tam da a\u011fz\u0131n\u0131n \u00fcst\u00fcne basm\u0131\u015f! O zaman o da ay\u0131l\u0131yor. Doktor iniltiyi duyunca, vay! siz diri diri g\u00f6mm\u00fc\u015fs\u00fcn\u00fcz, diyor. Hemen \u00e7\u0131kar\u0131yorlar oradan.<\/p>\n<p>Her g\u00fcn bir gemi \u0130stanbul\u2019a yaral\u0131 ta\u015f\u0131yormu\u015f. Babam\u0131n ayaklar\u0131 tutmad\u0131\u011f\u0131 i\u00e7in gemiye binemiyor. Binemeyince, ertesi g\u00fcn uzun s\u00fcre g\u00fcne\u015fin alt\u0131nda kal\u0131yor ve dili tutuluyor. Tekbir getiremiyor. Onu o halde g\u00f6ren bir adam ba\u015f\u0131na oturuyor, a\u011fz\u0131na karpuz veriyor. Eskiden ak karpuz olurdu, Osmanl\u0131 karpuzu\u2026 vurdu\u011fun zaman patlard\u0131\u2026 Yiyince dili \u00e7\u00f6z\u00fcl\u00fcyor.<\/p>\n<p>\u201c\u0130nce dilim yaparak a\u011fz\u0131ma tutmu\u015f idi<\/p>\n<p>Susuzlu\u011fum ge\u00e7ti dilim zikir etmi\u015f idi<\/p>\n<p>Konu\u015fmadan yan\u0131mdan hemen ayr\u0131lm\u0131\u015f idi<\/p>\n<p>Kendime geldim bana yard\u0131mc\u0131 laz\u0131m idi.\u201d<\/p>\n<p>\u2014 Baban\u0131z yata\u011f\u0131nda m\u0131 \u00f6ld\u00fc, bu kadar maceradan sonra?<\/p>\n<p>\u2014 Yata\u011f\u0131nda \u00f6ld\u00fc.<\/p>\n<p>\u2014Ka\u00e7 ya\u015f\u0131ndayd\u0131?<\/p>\n<p>\u2014 Elli yedi ya\u015f\u0131ndayd\u0131.<\/p>\n<p>\u2014 Osmaneli\u2019de ne varsa hepsiyle ilgili bilgi toplam\u0131\u015fs\u0131n\u0131z nas\u0131l yapt\u0131n\u0131z bunu. Bu defteri ne zaman yapt\u0131n\u0131z?<\/p>\n<p>\u2014 Daha \u00f6nce bunlar\u0131n hepsi not halindeydi. \u00c7ocuklara laz\u0131m olur diye bilgi topluyordum. Benim Ankara\u2019da bir arkada\u015f\u0131m vard\u0131, \u015e\u00fckr\u00fc G\u00fczel diye. \u00c7ocukluk arkada\u015f\u0131md\u0131. Bir g\u00fcn bana mektup yazd\u0131\u2026 Bizim Osmaneli, Bilecik hakk\u0131nda hi\u00e7 bilgimiz yok, bilgi veremiyoruz \u00e7ocuklara; m\u00fcmk\u00fcnse bir \u015feyler yaz g\u00f6nder, diyordu. O zaman ben bunu haz\u0131rlamaya ba\u015flad\u0131m. Sonra temas\u0131 kestik. Ona g\u00f6nderemedim. Onun i\u00e7in bu \u015fiir halinde. \u00c7ocuklar okusun, Bilecik hakk\u0131nda bilgi edinsinler diye\u2026<\/p>\n<p>K\u00fclt\u00fcr Bakan\u0131 Osmaneli\u2019ye geldi\u011finde defterleri g\u00f6rm\u00fc\u015f ve \u201cBunlar\u0131 bas\u0131n!\u201d demi\u015f.<\/p>\n<p>Defterlerden birinin \u00fcst ba\u015fl\u0131klar\u0131 \u015f\u00f6yle:<\/p>\n<p>\u201cBalkan Harbi \u00d6zeti<\/p>\n<p>\u00c7anakkale Sava\u015f\u0131nda malull\u00fck.<\/p>\n<p>\u0130stiklal Sava\u015f\u0131nda Bilecik\u2019te kurulan \u0130lk milli ordunun ilk ak\u0131nc\u0131s\u0131.\u201d<\/p>\n<p>***<\/p>\n<p>Bir kitap, bir de dergi duruyor masan\u0131n \u00fcst\u00fcnde: Kitap, \u0130stanbul \u00dcniversitesi Antropoloji B\u00f6l\u00fcm\u00fc \u00f6\u011fretim g\u00f6revlilerinden Prof. Dr. Taylan Akkayan\u2019\u0131n \u201cDe\u011fi\u015fen Bir Anadolu Kasabas\u0131-OSMANEL\u0130\u201d adl\u0131 \u00e7al\u0131\u015fmas\u0131. Hoca \u00f6ns\u00f6zde, Ulvi Erba\u015f\u2019a Osmaneli hakk\u0131nda verdi\u011fi bilgilerden dolay\u0131 te\u015fekk\u00fcr ediyor.<\/p>\n<p>Bir de Atlas Dergisi\u2019nin 141. say\u0131s\u0131 var; Aral\u0131k 2004 tarihli\u2026 Osmaneli\u2019ye yer vermi\u015fler bu say\u0131da. Tabii, gelip Ulvi Erba\u015f\u2019la da g\u00f6r\u00fc\u015fm\u00fc\u015fler.<\/p>\n<p>***<\/p>\n<p>Muhtara yard\u0131mc\u0131 olmak i\u00e7in tahsildarl\u0131k yaparm\u0131\u015f Ulvi Erba\u015f. Eskiden Maliyede \u00e7al\u0131\u015ft\u0131\u011f\u0131 i\u00e7in deneyimliymi\u015f ne de olsa\u2026 \u201cVatanda\u015f bana h\u00fcrmet ederdi, g\u00fcvenirdi. Pazara geldikleri zaman ben de onlar\u0131 evimde misafir ederdim. Ren\u00e7per evi, k\u00f6y evi ama\u2026 Ben onlar\u0131n evinde kal\u0131rd\u0131m. Herkes samimiydi\u2026\u201d<\/p>\n<p>Defterleri kar\u0131\u015ft\u0131r\u0131p duruyorum bir yandan. Her \u015feyi belgelemi\u015f. Resimlerini \u00e7izmi\u015f, a\u00e7\u0131klama yazm\u0131\u015f; yetinmemi\u015f, maketlerini de yapm\u0131\u015f. Belediye \u00e7\u00f6p ta\u015f\u0131ma arac\u0131\u2026 Osmanl\u0131 devrinden kalma la\u011f\u0131m \u015febekesi\u2026 Bin bir ayr\u0131nt\u0131.<\/p>\n<p>\u2014 Tarihe merakl\u0131 oldu\u011funuza g\u00f6re ba\u015fka yerleri de ziyaret ediyor musunuz?<\/p>\n<p>\u2014 Hay\u0131r, yaln\u0131z Osmaneli\u2026<\/p>\n<p>\u00dclkesine, tarihine, atalar\u0131na y\u00fcrekten ba\u011fl\u0131; Osmaneli\u2019ye sevdal\u0131 o\u2026<\/p>\n<p>\u201cULV\u0130 DER K\u0130:<\/p>\n<p>H\u00fcr insan tarihini bilendir<\/p>\n<p>Tarihini bilen de ecdad\u0131n\u0131 sevendir<\/p>\n<p>Tarihini bilmeyen nank\u00f6r olup ahmakt\u0131r<\/p>\n<p>Ba\u015fkas\u0131na k\u00f6le olacak, aday \u0131rgatt\u0131r.\u201d (6.6.2002)<\/p>\n<p>***<\/p>\n<p>\u201cGen\u00e7lik emaneti teslim alm\u0131\u015f<\/p>\n<p>Daima h\u00fcr ya\u015fataca\u011f\u0131m, demi\u015f<\/p>\n<p>And\u0131mdan bilin ki d\u00f6nmem, demi\u015f<\/p>\n<p>Ecdad\u0131na, rahat uyuyun, demi\u015f\u201d<\/p>\n<p>***<\/p>\n<p>ULV\u0130\u00a0 der ki: uyumayal\u0131m<\/p>\n<p>Ata izinden ayr\u0131lmayal\u0131m<\/p>\n<p>Truva\u2019n\u0131n haline bakal\u0131m<\/p>\n<p>Tahtadan at\u0131 unutmayal\u0131m\u201d (5.10.2002)<\/p>\n<table border=\"1\" cellspacing=\"0\" cellpadding=\"0\">\n<tbody>\n<tr>\n<td valign=\"top\" width=\"636\">Defterlerinden ba\u015fl\u0131klar:OSMANEL\u0130\u2019N\u0130N GE\u00c7M\u0130\u015e\u0130NE A\u0130T B\u0130LG\u0130LER:<\/p>\n<ul>\n<li>Osmaneli\u2019nin yerle\u015fim yeri ve ilk halk\u0131<\/li>\n<li>Yollar, k\u00f6pr\u00fcler<\/li>\n<li>Konaklar ve yerleri<\/li>\n<li>Camiler, tekkeler, t\u00fcrbeler, hanlar, hamamlar, kule ve kaleler<\/li>\n<li>Okullar, de\u011firmenler, mezar ve mezarl\u0131klar\u2026<\/li>\n<li>Tah\u0131l sat\u0131\u015f binalar\u0131, tabakhaneler, mezbahalar<\/li>\n<li>\u0130l\u00e7ede PTT binalar\u0131<\/li>\n<li>Pa\u015fa mezar\u0131<\/li>\n<li>Kilise ve \u00e7an\u0131<\/li>\n<li>Top sahas\u0131<\/li>\n<li>Ta\u015fk\u00f6pr\u00fc mevkii ve Kavak<\/li>\n<li>\u0130l\u00e7ede binalara ait stil ve duvar \u00f6rg\u00fcs\u00fc<\/li>\n<li>Osmaneli yang\u0131nlar\u0131<\/li>\n<li>\u0130pek\u00e7ilik<\/li>\n<li>Osmaneli halk\u0131n\u0131n Osman Bey\u2019le birle\u015fmesi, il\u00e7e ad\u0131n\u0131n Lefke iken Osmaneli olmas\u0131<\/li>\n<li>Bu\u011fday d\u00f6vme dibe\u011fi ve bulgur yapma i\u015flemi<\/li>\n<li>\u0130l\u00e7e ve k\u00f6ylerde ayd\u0131nlanma<\/li>\n<li>Baz\u0131 belediye hizmetleri<\/li>\n<li>\u0130l\u00e7ede su kayna\u011f\u0131 ve su temini<\/li>\n<li>Kay\u0131k ve sal<\/li>\n<li>\u0130l\u00e7ede Sakarya Irma\u011f\u0131n\u0131n yatak de\u011fi\u015ftirmesi<\/li>\n<li>Osmaneli merkez il\u00e7ede;\n<ul>\n<li>DDY gar\u0131, at\u00f6lyesi, binas\u0131<\/li>\n<li>Fosil bulunan mevki<\/li>\n<li>Bek\u00e7i te\u015fkilat\u0131<\/li>\n<li>Zirai kazan\u00e7, \u0131rgat, i\u015f\u00e7i ve aletleri, kazan\u00e7 ve i\u015fyerleri<\/li>\n<li>Esnaf ve \u00fccretle \u00e7al\u0131\u015fanlar<\/li>\n<li>Osmaneli merkez il\u00e7eyi e\u015fk\u0131ya basmas\u0131<\/li>\n<li>Osmaneli merkez il\u00e7eye ilk u\u00e7ak ini\u015fi ve ilk posta evrak\u0131n\u0131n g\u00f6nderilmesi<\/li>\n<li>Kurt s\u00fcrek av\u0131<\/li>\n<li>\u0130stanbul Haydarpa\u015fa Gar\u0131 ve Eski\u015fehir H\u00fck\u00fcmet Kona\u011f\u0131 i\u00e7in ta\u015flar gitmesi hakk\u0131nda<\/li>\n<li>Birinci Ha\u00e7l\u0131 Seferinde \u00f6len Alman kral\u0131 hakk\u0131nda<\/li>\n<li>Osmaneli\u2019de Halkevi, bayram kutlamalar\u0131, d\u00fc\u011f\u00fcnler<\/li>\n<li>Osmaneli\u2019ye gelen ilk yenilikler<\/li>\n<li>Osmaneli il\u00e7e ve k\u00f6ylerine gelen g\u00f6\u00e7menler<\/li>\n<\/ul>\n<\/li>\n<\/ul>\n<\/td>\n<\/tr>\n<\/tbody>\n<\/table>\n<p>Pes do\u011frusu! Bir koltu\u011fa ka\u00e7 karpuz s\u0131\u011fd\u0131rd\u0131n, Ulvi Amca!?<\/p>\n<p>Kan\u0131tlanm\u0131\u015f, belgelenmi\u015f bilgiye, bilimselli\u011fe tutku derecesinde ba\u011fl\u0131 bir insan o!<\/p>\n<p>\u0130lgilenecek ki\u015filerin, kurumlar\u0131n, yay\u0131nevlerinin dikkatine:<\/p>\n<p>Osmaneli\u2019yi, bu \u015firin Anadolu kasabas\u0131n\u0131, onun \u00f6zg\u00fcn bi\u00e7emiyle anlatan ciltler dolusu bilgi, belge ve bir de destans\u0131 sava\u015f an\u0131lar\u0131 var elinde\u2026 G\u00fczelce d\u00fczenlenip yay\u0131mlanmay\u0131 bekliyor\u2026<\/p>\n<p><em>20\/09\/2007<\/em><\/p>\n<p><em>Bizim Sakarya Gazetesi<\/em><\/p>\n","protected":false},"excerpt":{"rendered":"<p>\u00a0Osmaneli: Osmangazi taraf\u0131ndan 1308 y\u0131l\u0131nda Osmanl\u0131 topraklar\u0131na kat\u0131lan il\u00e7e, Rumca \u2018kavakl\u0131k\u2019 anlam\u0131na gelen Lefke ad\u0131n\u0131 ta\u015f\u0131rken, 1913 y\u0131l\u0131nda Osmangazi\u2019ye ithafen Osmaneli ismini alm\u0131\u015ft\u0131r. Osmaneli, do\u011fal g\u00fczelliklerinin yan\u0131nda g\u00f6r\u00fclmeye de\u011fer bir\u00e7ok tarihi eseri de bar\u0131nd\u0131rmaktad\u0131r. Roma, Bizans, Sel\u00e7uklu ve Osmanl\u0131lar d\u00f6nemine ait bir\u00e7ok tarihi kal\u0131nt\u0131 bulunmaktad\u0131r.\u00a0 Osmaneli\u2019de Bizans d\u00f6nemine ait su kemerleri, mezarlar, t\u00fcm\u00fcl\u00fcsler, Sel\u00e7uklu d\u00f6nemine [&hellip;]<\/p>\n","protected":false},"author":1,"featured_media":2156,"comment_status":"open","ping_status":"open","sticky":false,"template":"","format":"standard","meta":{"footnotes":""},"categories":[463],"tags":[],"_links":{"self":[{"href":"https:\/\/www.tamayacikel.com\/index.php?rest_route=\/wp\/v2\/posts\/503"}],"collection":[{"href":"https:\/\/www.tamayacikel.com\/index.php?rest_route=\/wp\/v2\/posts"}],"about":[{"href":"https:\/\/www.tamayacikel.com\/index.php?rest_route=\/wp\/v2\/types\/post"}],"author":[{"embeddable":true,"href":"https:\/\/www.tamayacikel.com\/index.php?rest_route=\/wp\/v2\/users\/1"}],"replies":[{"embeddable":true,"href":"https:\/\/www.tamayacikel.com\/index.php?rest_route=%2Fwp%2Fv2%2Fcomments&post=503"}],"version-history":[{"count":2,"href":"https:\/\/www.tamayacikel.com\/index.php?rest_route=\/wp\/v2\/posts\/503\/revisions"}],"predecessor-version":[{"id":5430,"href":"https:\/\/www.tamayacikel.com\/index.php?rest_route=\/wp\/v2\/posts\/503\/revisions\/5430"}],"wp:featuredmedia":[{"embeddable":true,"href":"https:\/\/www.tamayacikel.com\/index.php?rest_route=\/"}],"wp:attachment":[{"href":"https:\/\/www.tamayacikel.com\/index.php?rest_route=%2Fwp%2Fv2%2Fmedia&parent=503"}],"wp:term":[{"taxonomy":"category","embeddable":true,"href":"https:\/\/www.tamayacikel.com\/index.php?rest_route=%2Fwp%2Fv2%2Fcategories&post=503"},{"taxonomy":"post_tag","embeddable":true,"href":"https:\/\/www.tamayacikel.com\/index.php?rest_route=%2Fwp%2Fv2%2Ftags&post=503"}],"curies":[{"name":"wp","href":"https:\/\/api.w.org\/{rel}","templated":true}]}}