{"id":517,"date":"2008-10-16T19:33:45","date_gmt":"2008-10-16T19:33:45","guid":{"rendered":"http:\/\/www.tamayacikel.com\/?p=517"},"modified":"2023-01-23T22:04:45","modified_gmt":"2023-01-23T19:04:45","slug":"kalekoy-1-2","status":"publish","type":"post","link":"https:\/\/www.tamayacikel.com\/?p=517","title":{"rendered":"Kalek\u00f6y (1)"},"content":{"rendered":"<p><a href=\"http:\/\/tamayacikel.com\/wp-content\/uploads\/2008\/10\/DSC_1041.jpg\"><img decoding=\"async\" class=\"aligncenter size-full wp-image-4166\" src=\"http:\/\/tamayacikel.com\/wp-content\/uploads\/2008\/10\/DSC_1041.jpg\" alt=\"DSC_1041\" width=\"800\" height=\"536\" srcset=\"https:\/\/www.tamayacikel.com\/wp-content\/uploads\/2008\/10\/DSC_1041.jpg 800w, https:\/\/www.tamayacikel.com\/wp-content\/uploads\/2008\/10\/DSC_1041-300x201.jpg 300w\" sizes=\"(max-width: 800px) 100vw, 800px\" \/><\/a><\/p>\n<p>Kalek\u00f6y ya da antik \u00e7a\u011fdaki ad\u0131yla Simena. Ada deseniz, ada de\u011fil. Ama ancak deniz yoluyla ya da y\u00fcr\u00fcyerek ula\u015fabiliyorsunuz buraya.<\/p>\n<p>\u00dc\u00e7a\u011f\u0131z\u2019da tekneciyle pazarl\u0131k ediyoruz. Deniz dalgal\u0131\u2026<\/p>\n<p><a href=\"http:\/\/tamayacikel.com\/wp-content\/uploads\/2008\/10\/DSC_0931.jpg\"><img decoding=\"async\" class=\"alignleft wp-image-4169 size-medium\" src=\"http:\/\/tamayacikel.com\/wp-content\/uploads\/2008\/10\/DSC_0931-201x300.jpg\" alt=\"DSC_0931\" width=\"201\" height=\"300\" srcset=\"https:\/\/www.tamayacikel.com\/wp-content\/uploads\/2008\/10\/DSC_0931-201x300.jpg 201w, https:\/\/www.tamayacikel.com\/wp-content\/uploads\/2008\/10\/DSC_0931.jpg 536w\" sizes=\"(max-width: 201px) 100vw, 201px\" \/><\/a>Annesinin yapt\u0131\u011f\u0131 oyal\u0131 yazmalar\u0131 turistlere satmaya \u00e7al\u0131\u015fan k\u00fc\u00e7\u00fck k\u0131z\u0131n foto\u011fraf\u0131n\u0131 \u00e7ekiyorum iskelede. Sonra bir de annesiyle birlikte\u2026 K\u0131z \u00e7ok \u015firin. Sa\u00e7lar saman sar\u0131s\u0131. Deniz kabuklar\u0131ndan bir bileklik almaya ikna ediyor beni. Bir de bandana\u2026<\/p>\n<p>Buraya daha \u00f6nce iki kez g\u00fcn\u00fcbirlik gelmi\u015f, Kalek\u00f6y\u2019de kalmay\u0131 akl\u0131m\u0131za koymu\u015ftuk. D\u00fc\u015f\u00fcnebiliyor musunuz, bisiklet bile yok! Gece oldu mu \u00e7\u0131t yok! Kald\u0131\u011f\u0131m\u0131z pansiyon k\u0131y\u0131n\u0131n sonunda. K\u0131y\u0131ya s\u0131ralanm\u0131\u015f pansiyonlar\u0131n, evlerin k\u00fc\u00e7\u00fcc\u00fck avlular\u0131ndan ge\u00e7iyor, e\u011fri b\u00fc\u011fr\u00fc basamaklar\u0131 \u00e7\u0131k\u0131p iniyor, darac\u0131k bir patikadan t\u0131rman\u0131yoruz. Yol bu.<\/p>\n<p>Ak\u015famdan motorcuyla anla\u015f\u0131yoruz; sabah 9\u2019da gelip alacak bizi. Biz kahvalt\u0131 ederken gelip oturuyor. Ad\u0131 Ali. Baya\u011f\u0131 konu\u015fkan biri. Bizim pansiyonun sahibiyle de akrabalar. Burada hemen hemen herkes akraba zaten.<\/p>\n<p><a href=\"http:\/\/tamayacikel.com\/wp-content\/uploads\/2008\/10\/DSC_1061.jpg\"><img decoding=\"async\" class=\"alignleft size-medium wp-image-4171\" src=\"http:\/\/tamayacikel.com\/wp-content\/uploads\/2008\/10\/DSC_1061-300x182.jpg\" alt=\"DSC_1061\" width=\"300\" height=\"182\" srcset=\"https:\/\/www.tamayacikel.com\/wp-content\/uploads\/2008\/10\/DSC_1061-300x182.jpg 300w, https:\/\/www.tamayacikel.com\/wp-content\/uploads\/2008\/10\/DSC_1061.jpg 800w\" sizes=\"(max-width: 300px) 100vw, 300px\" \/><\/a>Deniz \u00e7ar\u015faf gibi. Ali d\u00fcmende gazete okuyor. \u015eu Akdeniz manzaralar\u0131na hayran olmayacak biri var m\u0131 acaba d\u00fcnyada? Motorun patpatlar\u0131 da sahneyi tamaml\u0131yor, bir ho\u015fluk kat\u0131yor sanki. S\u00fcz\u00fclerek ge\u00e7en yatlardakiler ne d\u00fc\u015f\u00fcn\u00fcr bilmem ama\u2026<\/p>\n<p>S\u0131\u00e7ak \u0130skelesi\u2019nde Y\u00f6r\u00fck Ramazan\u2019\u0131n yeri\u2026 Orada karn\u0131m\u0131z\u0131 doyurabilece\u011fimizi s\u00f6ylemi\u015flerdi. \u0130lk\u00f6nce Aperlai antik kentini gezece\u011fiz. Yemek sonra\u2026<\/p>\n<div id='gallery-1' class='gallery galleryid-517 gallery-columns-5 gallery-size-medium'><dl class='gallery-item'>\n\t\t\t<dt class='gallery-icon landscape'>\n\t\t\t\t<a href='https:\/\/www.tamayacikel.com\/wp-content\/uploads\/2008\/10\/DSC_1085.jpg'><img width=\"300\" height=\"213\" src=\"https:\/\/www.tamayacikel.com\/wp-content\/uploads\/2008\/10\/DSC_1085-300x213.jpg\" class=\"attachment-medium size-medium\" alt=\"\" decoding=\"async\" srcset=\"https:\/\/www.tamayacikel.com\/wp-content\/uploads\/2008\/10\/DSC_1085-300x213.jpg 300w, https:\/\/www.tamayacikel.com\/wp-content\/uploads\/2008\/10\/DSC_1085.jpg 800w\" sizes=\"(max-width: 300px) 100vw, 300px\" \/><\/a>\n\t\t\t<\/dt><\/dl><dl class='gallery-item'>\n\t\t\t<dt class='gallery-icon portrait'>\n\t\t\t\t<a href='https:\/\/www.tamayacikel.com\/wp-content\/uploads\/2008\/10\/DSC_1076.jpg'><img width=\"201\" height=\"300\" src=\"https:\/\/www.tamayacikel.com\/wp-content\/uploads\/2008\/10\/DSC_1076-201x300.jpg\" class=\"attachment-medium size-medium\" alt=\"\" decoding=\"async\" srcset=\"https:\/\/www.tamayacikel.com\/wp-content\/uploads\/2008\/10\/DSC_1076-201x300.jpg 201w, https:\/\/www.tamayacikel.com\/wp-content\/uploads\/2008\/10\/DSC_1076.jpg 536w\" sizes=\"(max-width: 201px) 100vw, 201px\" \/><\/a>\n\t\t\t<\/dt><\/dl><dl class='gallery-item'>\n\t\t\t<dt class='gallery-icon landscape'>\n\t\t\t\t<a href='https:\/\/www.tamayacikel.com\/wp-content\/uploads\/2008\/10\/DSC_1078.jpg'><img width=\"300\" height=\"201\" src=\"https:\/\/www.tamayacikel.com\/wp-content\/uploads\/2008\/10\/DSC_1078-300x201.jpg\" class=\"attachment-medium size-medium\" alt=\"\" decoding=\"async\" srcset=\"https:\/\/www.tamayacikel.com\/wp-content\/uploads\/2008\/10\/DSC_1078-300x201.jpg 300w, https:\/\/www.tamayacikel.com\/wp-content\/uploads\/2008\/10\/DSC_1078.jpg 800w\" sizes=\"(max-width: 300px) 100vw, 300px\" \/><\/a>\n\t\t\t<\/dt><\/dl><dl class='gallery-item'>\n\t\t\t<dt class='gallery-icon landscape'>\n\t\t\t\t<a href='https:\/\/www.tamayacikel.com\/wp-content\/uploads\/2008\/10\/DSC_1092.jpg'><img width=\"300\" height=\"201\" src=\"https:\/\/www.tamayacikel.com\/wp-content\/uploads\/2008\/10\/DSC_1092-300x201.jpg\" class=\"attachment-medium size-medium\" alt=\"\" decoding=\"async\" srcset=\"https:\/\/www.tamayacikel.com\/wp-content\/uploads\/2008\/10\/DSC_1092-300x201.jpg 300w, https:\/\/www.tamayacikel.com\/wp-content\/uploads\/2008\/10\/DSC_1092.jpg 800w\" sizes=\"(max-width: 300px) 100vw, 300px\" \/><\/a>\n\t\t\t<\/dt><\/dl><dl class='gallery-item'>\n\t\t\t<dt class='gallery-icon portrait'>\n\t\t\t\t<a href='https:\/\/www.tamayacikel.com\/wp-content\/uploads\/2008\/10\/DSC_1069.jpg'><img width=\"201\" height=\"300\" src=\"https:\/\/www.tamayacikel.com\/wp-content\/uploads\/2008\/10\/DSC_1069-201x300.jpg\" class=\"attachment-medium size-medium\" alt=\"\" decoding=\"async\" srcset=\"https:\/\/www.tamayacikel.com\/wp-content\/uploads\/2008\/10\/DSC_1069-201x300.jpg 201w, https:\/\/www.tamayacikel.com\/wp-content\/uploads\/2008\/10\/DSC_1069.jpg 536w\" sizes=\"(max-width: 201px) 100vw, 201px\" \/><\/a>\n\t\t\t<\/dt><\/dl><br style=\"clear: both\" \/>\n\t\t<\/div>\n\n<p>Yar\u0131mada bir k\u0131stak yap\u0131yor; bu y\u00f6nde S\u0131\u00e7ak, di\u011fer y\u00f6nde Aperlai. Y\u00fcr\u00fcyerek yar\u0131m saat mesafede. Zeytin a\u011fa\u00e7lar\u0131n\u0131 ge\u00e7tikten sonra g\u00f6z alabildi\u011fine uzanan ekilmemi\u015f bir d\u00fczl\u00fck \u00e7\u0131k\u0131yor kar\u015f\u0131m\u0131za. Kalek\u00f6y\u2019deki dik patikalardan sonra tuhaf geliyor burada y\u00fcr\u00fcmek. \u0130ki tarafta y\u00fckselen yama\u00e7lar zeytin a\u011fa\u00e7lar\u0131yla kapl\u0131. Aralar\u0131nda ke\u00e7iler otluyor.<\/p>\n<p>Bir Likya kenti olan Aperlai\u2019ye var\u0131yoruz. Kal\u0131nt\u0131lar\u0131n bir b\u00f6l\u00fcm\u00fc sular alt\u0131nda. Bir lahit duruyor k\u0131y\u0131c\u0131\u011f\u0131nda. Antik kent yama\u00e7ta devam ediyor. Makiler sarm\u0131\u015f her yan\u0131, dola\u015fmak \u00e7ok zor.<\/p>\n<p>Gelirken g\u00f6rd\u00fc\u011f\u00fcm\u00fcz bir ta\u015f evin \u00f6n\u00fcnde iki ki\u015fi g\u00f6r\u00fcyoruz d\u00f6n\u00fc\u015fte. \u201cDedemindi buras\u0131\u201d diyor gen\u00e7 olan\u0131. \u201cBo\u015f duruyordu, geldik oturuyoruz.\u201d Baba o\u011ful imi\u015fler\u2026<\/p>\n<p>Y\u00f6r\u00fck Ramazan ve kar\u0131s\u0131yla kar\u015f\u0131la\u015f\u0131yoruz biraz sonra. Ke\u00e7ileri sulam\u0131\u015flar, d\u00f6n\u00fcyorlar. Biz D\u00fcriye Han\u0131m\u2019la geride kal\u0131yoruz. Yava\u015f y\u00fcr\u00fcyor. \u201cNe g\u00fczel buralar, D\u00fcriye Han\u0131m!\u201d diyorum. \u201cNeresi g\u00fczel?\u201d diyor, mutsuz bir y\u00fczle. \u201cSu yok, elektrik yok\u2026 \u201cBeyin gen\u00e7li\u011finde ne i\u015fler yapt\u0131?\u201d diyorum. \u201cKe\u00e7i \u00e7oban\u0131 i\u015fte, ne yapacak?\u201d diyor.<\/p>\n<p>Yan\u0131tlar hep olumsuz\u2026 \u201cBurada m\u0131 do\u011fdunuz?\u201d<\/p>\n<p>\u201cBurada do\u011fduk, burada \u00f6lece\u011fiz.\u201d<\/p>\n<p>Beyin ameliyat\u0131 ge\u00e7irmi\u015f ge\u00e7en y\u0131l. G\u00fcne\u015ften korumak i\u00e7in ba\u015f\u0131na \u00f6rt\u00fcler atm\u0131\u015f geli\u015fig\u00fczel. \u0130ki k\u0131zlar\u0131 varm\u0131\u015f. Biri Ka\u015f\u2019a gelin gitmi\u015f. \u201c\u00d6teki yan\u0131m\u0131zda,\u201d diyor. Bir a\u011fa\u00e7 alt\u0131na \u00e7\u00f6k\u00fcyor. \u201cBen biraz dinleneyim,\u201d diyor. Ben \u00f6ndekilere yeti\u015fiyorum. Y\u00f6r\u00fck Ramazan\u2019\u0131n yerine gelince, suna boylu, g\u00fczel bir k\u0131z \u00e7\u0131k\u0131yor bir kap\u0131dan. Ho\u015f geldiniz diyor, ama o da ne\u015fesiz. Yak\u0131\u015fm\u0131yor gen\u00e7li\u011fine. \u0130\u015fe koyuluyor hemen\u2026 Yeme\u011fimiz haz\u0131r olana kadar y\u00fczece\u011fim ben\u2026<\/p>\n<p>Patates k\u0131zartmas\u0131yla salata \u00e7ok lezzetli geliyor. \u0130\u015ftahla yiyoruz, ekme\u011fi bana bana. Yemek sonras\u0131 muhabbet s\u0131ras\u0131nda \u00f6\u011freniyoruz ki yirmi bir ya\u015f\u0131nda yitirilen o\u011fulun ac\u0131s\u0131ym\u0131\u015f y\u00fczlerdeki. Bir de y\u0131k\u0131m karar\u0131yla bo\u011fu\u015fuyorlar. Neredeyse herkesin b\u00f6yle bir derdi var bu y\u00f6rede. S\u0130T alan\u0131 oldu\u011fundan, \u00e7ivi \u00e7akt\u0131rm\u0131yorlar. Ramazan, hapis bile yatm\u0131\u015f bu y\u00fczden.<\/p>\n<p>Zeytinleri k\u00f6yl\u00fclerin toplamas\u0131na izin varm\u0131\u015f da verimi d\u00fc\u015f\u00fckm\u00fc\u015f a\u011fa\u00e7lar\u0131n. Neden? Hani demin ge\u00e7ti\u011fimiz d\u00fczl\u00fck var ya, devlet s\u00fcr\u00fclmesine izin vermiyormu\u015f oran\u0131n. Alt\u0131nda tarihi eser olabilir diye. Tamam. Ama s\u00fcr\u00fclmeyince, kaskat\u0131 toprak suyu \u00e7ekemiyor, \u00fcst\u00fcnden ak\u0131t\u0131yor, onun yerine y\u00fcksekteki zeytinlik b\u00f6lgenin suyunu emiyormu\u015f. Vatanda\u015f, verim d\u00fc\u015f\u00fckl\u00fc\u011f\u00fcn\u00fcn nedenini b\u00f6yle saptam\u0131\u015f. K\u0131y\u0131daki yerinde de hi\u00e7bir d\u00fczenleme yapam\u0131yor Ramazan. \u201cNas\u0131l ge\u00e7ineyim?\u201d \u0130\u015fte onun cevab\u0131 yok!<\/p>\n<p>Bizim Kalek\u00f6y\u2019de kald\u0131\u011f\u0131m\u0131z pansiyonun sahibi de dertli. O da d\u00f6rt ay hapis yatm\u0131\u015f ayn\u0131 sebepten. H\u0131rs\u0131zlarla, katillerle bir tutmu\u015flar. G\u00fcc\u00fcne gitmi\u015f. \u201cEvleniyoruz, \u00e7ocuklar\u0131m\u0131z oluyor, \u00e7o\u011fal\u0131yoruz,\u201d diyor. \u201cBize yer g\u00f6sterece\u011fini s\u00f6yledi, ama s\u00f6z\u00fcnde durmad\u0131 devlet. Mecbur kal\u0131p bir iki ilave yapt\u0131k, S\u0130T alan\u0131 diye su\u00e7 say\u0131ld\u0131.\u201d<\/p>\n<p>K\u00f6y\u00fcne muhtar se\u00e7ilmi\u015f, g\u00fczel i\u015fler ba\u015flatm\u0131\u015f hevesle. Hapis yat\u0131nca muhtarl\u0131\u011f\u0131 da d\u00fc\u015fm\u00fc\u015f.<\/p>\n<p>Korkak, p\u0131s\u0131r\u0131k vatanda\u015f istemesin devlet; dertlerini dinlesin, sorunlar\u0131na \u00e7\u00f6z\u00fcm bulsun ne olur! Gelsin g\u00f6rs\u00fcn; \u00fclkemizi ziyaret eden yabanc\u0131lar, kendilerini g\u00fcler y\u00fczle ve canla ba\u015fla a\u011f\u0131rlayan bu insanlara defalarca te\u015fekk\u00fcr ediyor. Bu cennet k\u0131y\u0131lara, \u00fclkemizin tarihi, k\u00fclt\u00fcrel de\u011ferlerine hayran kal\u0131yorlar. D\u00f6n\u00fcp d\u00f6n\u00fcp geliyorlar.<\/p>\n<p><strong>***<\/strong><\/p>\n<p>Tekne gezisi devam ediyor\u2026 G\u00f6r\u00fclecek ne harika koylar var daha. Bunlardan birinde deniz g\u00f6zl\u00fcklerini tak\u0131p dipteki sessiz ve gizemli d\u00fcnyay\u0131 seyre koyuluyoruz\u2026<\/p>\n<p>Ve bir bat\u0131k \u015fehir daha: Kekova Adas\u0131. O da haftaya.<\/p>\n<p><em> 16\/10\/2008<\/em><\/p>\n<p><em>Bizim Sakarya Gazetesi<\/em><\/p>\n","protected":false},"excerpt":{"rendered":"<p>Kalek\u00f6y ya da antik \u00e7a\u011fdaki ad\u0131yla Simena. Ada deseniz, ada de\u011fil. Ama ancak deniz yoluyla ya da y\u00fcr\u00fcyerek ula\u015fabiliyorsunuz buraya. \u00dc\u00e7a\u011f\u0131z\u2019da tekneciyle pazarl\u0131k ediyoruz. Deniz dalgal\u0131\u2026 Annesinin yapt\u0131\u011f\u0131 oyal\u0131 yazmalar\u0131 turistlere satmaya \u00e7al\u0131\u015fan k\u00fc\u00e7\u00fck k\u0131z\u0131n foto\u011fraf\u0131n\u0131 \u00e7ekiyorum iskelede. Sonra bir de annesiyle birlikte\u2026 K\u0131z \u00e7ok \u015firin. Sa\u00e7lar saman sar\u0131s\u0131. Deniz kabuklar\u0131ndan bir bileklik almaya ikna [&hellip;]<\/p>\n","protected":false},"author":1,"featured_media":0,"comment_status":"open","ping_status":"open","sticky":false,"template":"","format":"standard","meta":{"footnotes":""},"categories":[468],"tags":[],"_links":{"self":[{"href":"https:\/\/www.tamayacikel.com\/index.php?rest_route=\/wp\/v2\/posts\/517"}],"collection":[{"href":"https:\/\/www.tamayacikel.com\/index.php?rest_route=\/wp\/v2\/posts"}],"about":[{"href":"https:\/\/www.tamayacikel.com\/index.php?rest_route=\/wp\/v2\/types\/post"}],"author":[{"embeddable":true,"href":"https:\/\/www.tamayacikel.com\/index.php?rest_route=\/wp\/v2\/users\/1"}],"replies":[{"embeddable":true,"href":"https:\/\/www.tamayacikel.com\/index.php?rest_route=%2Fwp%2Fv2%2Fcomments&post=517"}],"version-history":[{"count":2,"href":"https:\/\/www.tamayacikel.com\/index.php?rest_route=\/wp\/v2\/posts\/517\/revisions"}],"predecessor-version":[{"id":5491,"href":"https:\/\/www.tamayacikel.com\/index.php?rest_route=\/wp\/v2\/posts\/517\/revisions\/5491"}],"wp:attachment":[{"href":"https:\/\/www.tamayacikel.com\/index.php?rest_route=%2Fwp%2Fv2%2Fmedia&parent=517"}],"wp:term":[{"taxonomy":"category","embeddable":true,"href":"https:\/\/www.tamayacikel.com\/index.php?rest_route=%2Fwp%2Fv2%2Fcategories&post=517"},{"taxonomy":"post_tag","embeddable":true,"href":"https:\/\/www.tamayacikel.com\/index.php?rest_route=%2Fwp%2Fv2%2Ftags&post=517"}],"curies":[{"name":"wp","href":"https:\/\/api.w.org\/{rel}","templated":true}]}}