{"id":519,"date":"2008-10-23T19:35:44","date_gmt":"2008-10-23T16:35:44","guid":{"rendered":"http:\/\/www.tamayacikel.com\/?p=519"},"modified":"2023-01-23T22:03:15","modified_gmt":"2023-01-23T19:03:15","slug":"kalekoy-2-2","status":"publish","type":"post","link":"https:\/\/www.tamayacikel.com\/?p=519","title":{"rendered":"Kalek\u00f6y (2)"},"content":{"rendered":"<p style=\"text-align: center;\"><a href=\"http:\/\/tamayacikel.com\/wp-content\/uploads\/2008\/02\/DSC_1110.jpg\"><img decoding=\"async\" class=\"aligncenter size-medium wp-image-4185\" src=\"http:\/\/tamayacikel.com\/wp-content\/uploads\/2008\/02\/DSC_1110-300x201.jpg\" alt=\"DSC_1110\" width=\"300\" height=\"201\" srcset=\"https:\/\/www.tamayacikel.com\/wp-content\/uploads\/2008\/02\/DSC_1110-300x201.jpg 300w, https:\/\/www.tamayacikel.com\/wp-content\/uploads\/2008\/02\/DSC_1110.jpg 800w\" sizes=\"(max-width: 300px) 100vw, 300px\" \/><\/a><\/p>\n<p>Kekova\u2026 Her g\u00fcn binlerce ki\u015fi teknelerle, kanolarla \u00f6n\u00fcnden ge\u00e7iyor, selaml\u0131yor kenti. Yeni sahipleri, ke\u00e7ilerle bal\u0131klar. \u00d6yle ki adan\u0131n, denizin alt\u0131nda bat\u0131k kente ait kal\u0131nt\u0131lar\u0131n bulundu\u011fu k\u0131y\u0131s\u0131nda y\u00fczmek, dalmak yasak. Teknelerin alt\u0131ndaki caml\u0131 b\u00f6lmeden izlenebiliyor yaln\u0131zca. A\u011f\u0131r a\u011f\u0131r ilerliyor tekneler. H\u0131z s\u0131n\u0131rlamas\u0131 var. Sahil G\u00fcvenlik devriye geziyor. Farkl\u0131 dillerde konu\u015farak a\u00e7\u0131klama yapan rehberlerin sesi, motor g\u00fcr\u00fclt\u00fclerine kar\u0131\u015f\u0131yor.<\/p>\n<p>Merdivenleri, ta\u015f duvarlar\u0131, kap\u0131 ve pencereleri evlerin. Kuyular\u2026 Duvarlara oyulmu\u015f e\u011fimli kanallardan akarak kuyularda biriken sular\u2026 Aah ah!<\/p>\n<p>Tersane Koyunda denize girmek serbest. Dipte deniz g\u00f6zl\u00fc\u011f\u00fcmle g\u00f6rd\u00fc\u011f\u00fcm bal\u0131\u011f\u0131 tarif ediyorum, bizim motorcu Ali\u2019ye. 60\u201370 cm uzunlu\u011funda bir t\u00fcpe benziyor. Ali, K\u0131z\u0131ldeniz\u2019den geldi bunlar, diyor. \u0130nternette bulduk sonradan. Ger\u00e7ekten, Hint Okyanusu ve K\u0131z\u0131ldeniz\u2019mi\u015f anavatan\u0131. \u2018K\u00fclah bal\u0131\u011f\u0131\u2019ym\u0131\u015f ad\u0131. Oralarda tuzlamas\u0131 ve konservesi yap\u0131l\u0131rm\u0131\u015f. Ho\u015f gelmi\u015f de buralara g\u00f6\u00e7 etmesinin nedeni k\u00fcresel \u0131s\u0131nma ve denizlerdeki tuzlanma imi\u015f!<\/p>\n<p>Tersane Koyunda, hemen k\u0131y\u0131da bir kilise kal\u0131nt\u0131s\u0131 vard\u0131\u2026 Yak\u0131n zamana kadar ayaktayd\u0131 bir b\u00f6l\u00fcm\u00fc, o da y\u0131k\u0131lm\u0131\u015f. Korunabilirdi oysa\u2026<\/p>\n<p>Bir zamanlar adalardan birinde geyik g\u00f6r\u00fclm\u00fc\u015f de Geyikova yapm\u0131\u015f Kekova\u2019y\u0131, Ankara! H\u00e2lbuki ne geyik var orada ne de adan\u0131n ovaya benzer bir yan\u0131. Geyik yok, ova yok\u2026 ama \u00f6yle uygun g\u00f6rm\u00fc\u015fler, ho\u015flar\u0131na gitmi\u015f!<\/p>\n<p>G\u00fczelim koylardan birine de, ba\u015fka bir g\u00fcn, e\u015fimle birlikte Kalek\u00f6y\u2019den y\u00fcr\u00fcyerek gidiyoruz. Tek katl\u0131 bir ev\u2026 Evin sahibinin \u00f6ld\u00fc\u011f\u00fcn\u00fc ve ev i\u00e7in y\u0131k\u0131m karar\u0131 bulundu\u011funu duymu\u015ftuk. Koyun k\u0131y\u0131s\u0131na ayak bas\u0131yoruz. Kimseler yok evde. Panjurlar\u0131 kapal\u0131. \u00d6n\u00fcndeki kerevetin \u00fcst\u00fc mindersiz\u2026 Biz de bilgisiziz, yorum yapm\u0131yoruz.<\/p>\n<p>Evin k\u00fc\u00e7\u00fck iskelesinin yan\u0131nda oturmu\u015f dinlenirken denizin \u00fczerinde z\u0131playan bal\u0131klar g\u00f6r\u00fcp f\u0131rl\u0131yoruz. Kovalayan\u0131 g\u00f6rd\u00fc\u011f\u00fcm\u00fczde k\u00fc\u00e7\u00fck dilimizi yutaca\u011f\u0131z neredeyse: Reng\u00e2renk, kocaman bir bal\u0131k! 1 metreye yak\u0131n\u2026 G\u00f6vdesinde mavi ve ye\u015filin nefis tonlar\u0131 ve sapsar\u0131 bir kuyruk\u2026 Yaln\u0131z olsam \u201chayal g\u00f6rd\u00fcm\u201d derdim, ama de\u011fil; e\u015fim de benimle birlikte ba\u011f\u0131r\u0131yor i\u015fte!<\/p>\n<p>Lambuka imi\u015f ad\u0131, biliyorlar. Avlarlarm\u0131\u015f, \u00e7ok lezzetliymi\u015f eti\u2026 Bal\u0131k ansiklopedisinden bak\u0131yoruz: D\u00fcnyan\u0131n en h\u0131zl\u0131 bal\u0131\u011f\u0131ym\u0131\u015f\u2026 En g\u00fczel bal\u0131klar\u0131ndan biriymi\u015f ayn\u0131 zamanda. Seviniyoruz; masal ku\u015fu \u2018Z\u00fcmr\u00fcd\u00fc Anka\u2019y\u0131 g\u00f6rm\u00fc\u015f\u00fcz sanki!<\/p>\n<div id='gallery-1' class='gallery galleryid-519 gallery-columns-5 gallery-size-medium'><dl class='gallery-item'>\n\t\t\t<dt class='gallery-icon landscape'>\n\t\t\t\t<a href='https:\/\/www.tamayacikel.com\/wp-content\/uploads\/2008\/02\/DSC_1135.jpg'><img width=\"300\" height=\"201\" src=\"https:\/\/www.tamayacikel.com\/wp-content\/uploads\/2008\/02\/DSC_1135-300x201.jpg\" class=\"attachment-medium size-medium\" alt=\"\" decoding=\"async\" srcset=\"https:\/\/www.tamayacikel.com\/wp-content\/uploads\/2008\/02\/DSC_1135-300x201.jpg 300w, https:\/\/www.tamayacikel.com\/wp-content\/uploads\/2008\/02\/DSC_1135.jpg 800w\" sizes=\"(max-width: 300px) 100vw, 300px\" \/><\/a>\n\t\t\t<\/dt><\/dl><dl class='gallery-item'>\n\t\t\t<dt class='gallery-icon landscape'>\n\t\t\t\t<a href='https:\/\/www.tamayacikel.com\/wp-content\/uploads\/2008\/02\/DSC_1048.jpg'><img width=\"300\" height=\"201\" src=\"https:\/\/www.tamayacikel.com\/wp-content\/uploads\/2008\/02\/DSC_1048-300x201.jpg\" class=\"attachment-medium size-medium\" alt=\"\" decoding=\"async\" srcset=\"https:\/\/www.tamayacikel.com\/wp-content\/uploads\/2008\/02\/DSC_1048-300x201.jpg 300w, https:\/\/www.tamayacikel.com\/wp-content\/uploads\/2008\/02\/DSC_1048.jpg 800w\" sizes=\"(max-width: 300px) 100vw, 300px\" \/><\/a>\n\t\t\t<\/dt><\/dl><dl class='gallery-item'>\n\t\t\t<dt class='gallery-icon landscape'>\n\t\t\t\t<a href='https:\/\/www.tamayacikel.com\/wp-content\/uploads\/2008\/02\/DSC_1053.jpg'><img width=\"300\" height=\"201\" src=\"https:\/\/www.tamayacikel.com\/wp-content\/uploads\/2008\/02\/DSC_1053-300x201.jpg\" class=\"attachment-medium size-medium\" alt=\"\" decoding=\"async\" srcset=\"https:\/\/www.tamayacikel.com\/wp-content\/uploads\/2008\/02\/DSC_1053-300x201.jpg 300w, https:\/\/www.tamayacikel.com\/wp-content\/uploads\/2008\/02\/DSC_1053.jpg 800w\" sizes=\"(max-width: 300px) 100vw, 300px\" \/><\/a>\n\t\t\t<\/dt><\/dl><dl class='gallery-item'>\n\t\t\t<dt class='gallery-icon landscape'>\n\t\t\t\t<a href='https:\/\/www.tamayacikel.com\/wp-content\/uploads\/2008\/02\/DSC_1041.jpg'><img width=\"300\" height=\"201\" src=\"https:\/\/www.tamayacikel.com\/wp-content\/uploads\/2008\/02\/DSC_1041-300x201.jpg\" class=\"attachment-medium size-medium\" alt=\"\" decoding=\"async\" srcset=\"https:\/\/www.tamayacikel.com\/wp-content\/uploads\/2008\/02\/DSC_1041-300x201.jpg 300w, https:\/\/www.tamayacikel.com\/wp-content\/uploads\/2008\/02\/DSC_1041.jpg 800w\" sizes=\"(max-width: 300px) 100vw, 300px\" \/><\/a>\n\t\t\t<\/dt><\/dl><dl class='gallery-item'>\n\t\t\t<dt class='gallery-icon landscape'>\n\t\t\t\t<a href='https:\/\/www.tamayacikel.com\/wp-content\/uploads\/2008\/02\/DSC_1030.jpg'><img width=\"300\" height=\"201\" src=\"https:\/\/www.tamayacikel.com\/wp-content\/uploads\/2008\/02\/DSC_1030-300x201.jpg\" class=\"attachment-medium size-medium\" alt=\"\" decoding=\"async\" srcset=\"https:\/\/www.tamayacikel.com\/wp-content\/uploads\/2008\/02\/DSC_1030-300x201.jpg 300w, https:\/\/www.tamayacikel.com\/wp-content\/uploads\/2008\/02\/DSC_1030.jpg 800w\" sizes=\"(max-width: 300px) 100vw, 300px\" \/><\/a>\n\t\t\t<\/dt><\/dl><br style=\"clear: both\" \/>\n\t\t<\/div>\n\n<p>Kalek\u00f6y\u2019\u00fcn kalesi\u2026 Ekim ay\u0131 olmas\u0131na ra\u011fmen \u00f6yle \u00e7ok turist var ki\u2026 Gezmek, adam ba\u015f\u0131 8 YTL. (Bizim \u2018m\u00fczekart\u2019\u0131m\u0131z var, onunla giriyoruz.)<strong>*<\/strong> Neler yap\u0131lmaz toplanan bu paralarla\u2026 Bas\u0131la bas\u0131la parlam\u0131\u015f, iyice kayganla\u015fm\u0131\u015f ta\u015flardan t\u0131rman\u0131yorsunuz yukar\u0131ya. Mutlaka birka\u00e7 kaza oluyordur bu y\u00fczden. Ta Roma D\u00f6neminde, kaledeki k\u00fc\u00e7\u00fck tiyatronun oturma yerlerini do\u011fal kayay\u0131 t\u0131ra\u015flayarak yapm\u0131\u015flar. Bunlar g\u00fcn\u00fcm\u00fczde \u00e7\u00f6z\u00fcms\u00fcz \u015feyler mi?<\/p>\n<p>\u201cHay\u0131r, kahramanl\u0131k olsun diye \u00e7\u0131kmad\u0131m!\u201d diyor e\u015fine, elinde bastonuyla parlayan kayadan a\u015fa\u011f\u0131ya inmeye \u00e7al\u0131\u015fan ya\u015fl\u0131 bir \u0130ngiliz turist. \u201cGelmi\u015fken g\u00f6rmek istedim,\u201d diyor. Oyal\u0131 yazmalar\u0131n\u0131 satmaya \u00e7al\u0131\u015fan k\u00f6yl\u00fc kad\u0131nlardan biri ba\u015fka bir yoldan g\u00f6t\u00fcr\u00fcyor beni. Oras\u0131 nispeten kolay. \u00c7\u0131kt\u0131\u011f\u0131m\u0131za de\u011fiyor. Bu co\u011frafyay\u0131 ku\u015fbak\u0131\u015f\u0131 g\u00f6rebilmek \u00e7ok e\u011flenceli. Grup halinde uzun bir geziden d\u00f6nen kanolar g\u00fc\u00e7l\u00fckle se\u00e7iliyor; o kadar y\u00fcksekteyiz. Binlerce y\u0131ll\u0131k tarihsel d\u00f6nemlerin izleri var, nereye baksan\u0131z.<\/p>\n<p>Rahmi Ko\u00e7\u2019un evi ve yak\u0131n\u0131na yapt\u0131rd\u0131\u011f\u0131 helikopter pisti dikkati \u00e7ekiyor bir de. K\u00f6ye bir ilkokul binas\u0131 arma\u011fan etmi\u015f Ko\u00e7. Kale\u2019nin yan\u0131ba\u015f\u0131nda \u015firin bir yap\u0131. 4 \u00f6\u011frencisi var bu y\u0131l ve 1 \u00f6\u011fretmeni. \u00d6\u011fretmen han\u0131m pek gen\u00e7. Annesi babas\u0131 da onunla birlikte gelmi\u015fler. Bir ay olmu\u015f atanal\u0131. \u00dc\u00e7 s\u0131n\u0131f\u0131 bir arada okutuyor. Daha b\u00fcy\u00fckler ise her sabah 7\u2019de motorla \u00dc\u00e7a\u011f\u0131z\u2019a, oradan da minib\u00fcsle Demre\u2019ye gidiyorlar.<\/p>\n<div id='gallery-2' class='gallery galleryid-519 gallery-columns-4 gallery-size-medium'><dl class='gallery-item'>\n\t\t\t<dt class='gallery-icon landscape'>\n\t\t\t\t<a href='https:\/\/www.tamayacikel.com\/wp-content\/uploads\/2008\/02\/DSC_0977.jpg'><img width=\"300\" height=\"201\" src=\"https:\/\/www.tamayacikel.com\/wp-content\/uploads\/2008\/02\/DSC_0977-300x201.jpg\" class=\"attachment-medium size-medium\" alt=\"\" decoding=\"async\" srcset=\"https:\/\/www.tamayacikel.com\/wp-content\/uploads\/2008\/02\/DSC_0977-300x201.jpg 300w, https:\/\/www.tamayacikel.com\/wp-content\/uploads\/2008\/02\/DSC_0977.jpg 800w\" sizes=\"(max-width: 300px) 100vw, 300px\" \/><\/a>\n\t\t\t<\/dt><\/dl><dl class='gallery-item'>\n\t\t\t<dt class='gallery-icon landscape'>\n\t\t\t\t<a href='https:\/\/www.tamayacikel.com\/wp-content\/uploads\/2008\/02\/DSC_0993.jpg'><img width=\"300\" height=\"201\" src=\"https:\/\/www.tamayacikel.com\/wp-content\/uploads\/2008\/02\/DSC_0993-300x201.jpg\" class=\"attachment-medium size-medium\" alt=\"\" decoding=\"async\" srcset=\"https:\/\/www.tamayacikel.com\/wp-content\/uploads\/2008\/02\/DSC_0993-300x201.jpg 300w, https:\/\/www.tamayacikel.com\/wp-content\/uploads\/2008\/02\/DSC_0993.jpg 800w\" sizes=\"(max-width: 300px) 100vw, 300px\" \/><\/a>\n\t\t\t<\/dt><\/dl><dl class='gallery-item'>\n\t\t\t<dt class='gallery-icon landscape'>\n\t\t\t\t<a href='https:\/\/www.tamayacikel.com\/wp-content\/uploads\/2008\/02\/DSC_1012.jpg'><img width=\"300\" height=\"201\" src=\"https:\/\/www.tamayacikel.com\/wp-content\/uploads\/2008\/02\/DSC_1012-300x201.jpg\" class=\"attachment-medium size-medium\" alt=\"\" decoding=\"async\" srcset=\"https:\/\/www.tamayacikel.com\/wp-content\/uploads\/2008\/02\/DSC_1012-300x201.jpg 300w, https:\/\/www.tamayacikel.com\/wp-content\/uploads\/2008\/02\/DSC_1012.jpg 800w\" sizes=\"(max-width: 300px) 100vw, 300px\" \/><\/a>\n\t\t\t<\/dt><\/dl><dl class='gallery-item'>\n\t\t\t<dt class='gallery-icon landscape'>\n\t\t\t\t<a href='https:\/\/www.tamayacikel.com\/wp-content\/uploads\/2008\/02\/DSC_1021.jpg'><img width=\"300\" height=\"201\" src=\"https:\/\/www.tamayacikel.com\/wp-content\/uploads\/2008\/02\/DSC_1021-300x201.jpg\" class=\"attachment-medium size-medium\" alt=\"\" decoding=\"async\" srcset=\"https:\/\/www.tamayacikel.com\/wp-content\/uploads\/2008\/02\/DSC_1021-300x201.jpg 300w, https:\/\/www.tamayacikel.com\/wp-content\/uploads\/2008\/02\/DSC_1021.jpg 800w\" sizes=\"(max-width: 300px) 100vw, 300px\" \/><\/a>\n\t\t\t<\/dt><\/dl><br style=\"clear: both\" \/>\n\t\t<\/div>\n\n<p>Kalek\u00f6y\u2019\u00fcn yollar\u0131n\u0131 anlatm\u0131\u015ft\u0131m ge\u00e7en hafta. Evlerin avlular\u0131ndan ge\u00e7e ge\u00e7e yol al\u0131yorsunuz burada. \u0130ki bakkal d\u00fckk\u00e2n\u0131 var. Haftada iki g\u00fcn de motorlarla sebze meyve geliyor. K\u00f6y\u00fcn kad\u0131nlar\u0131 iskeleye ko\u015fuyorlar hemen. Kiminin lokantas\u0131 var k\u0131y\u0131da, bol bol al\u0131yor. \u0130\u015fleri bitti\u011finde bile elleri i\u015fliyor kad\u0131nlar\u0131n. Oya yap\u0131yorlar. \u00c7al\u0131\u015fkanl\u0131klar\u0131 mutfa\u011fa da yans\u0131yor. Ev yemeklerini \u00f6zlemiyorsunuz Kalek\u00f6y\u2019de. Dolma, m\u00fccver, p\u0131rasa, \u2026 Hepsi de gayet lezzetli. Erkek i\u015fi, kad\u0131n i\u015fi demiyor, bal\u0131\u011fa bile \u00e7\u0131k\u0131yorlar. Yaman kad\u0131nlar!<\/p>\n<div id='gallery-3' class='gallery galleryid-519 gallery-columns-3 gallery-size-medium'><dl class='gallery-item'>\n\t\t\t<dt class='gallery-icon portrait'>\n\t\t\t\t<a href='https:\/\/www.tamayacikel.com\/wp-content\/uploads\/2008\/02\/DSC_0948.jpg'><img width=\"201\" height=\"300\" src=\"https:\/\/www.tamayacikel.com\/wp-content\/uploads\/2008\/02\/DSC_0948-201x300.jpg\" class=\"attachment-medium size-medium\" alt=\"\" decoding=\"async\" srcset=\"https:\/\/www.tamayacikel.com\/wp-content\/uploads\/2008\/02\/DSC_0948-201x300.jpg 201w, https:\/\/www.tamayacikel.com\/wp-content\/uploads\/2008\/02\/DSC_0948.jpg 536w\" sizes=\"(max-width: 201px) 100vw, 201px\" \/><\/a>\n\t\t\t<\/dt><\/dl><dl class='gallery-item'>\n\t\t\t<dt class='gallery-icon landscape'>\n\t\t\t\t<a href='https:\/\/www.tamayacikel.com\/wp-content\/uploads\/2008\/02\/DSC_0974.jpg'><img width=\"300\" height=\"201\" src=\"https:\/\/www.tamayacikel.com\/wp-content\/uploads\/2008\/02\/DSC_0974-300x201.jpg\" class=\"attachment-medium size-medium\" alt=\"\" decoding=\"async\" srcset=\"https:\/\/www.tamayacikel.com\/wp-content\/uploads\/2008\/02\/DSC_0974-300x201.jpg 300w, https:\/\/www.tamayacikel.com\/wp-content\/uploads\/2008\/02\/DSC_0974.jpg 800w\" sizes=\"(max-width: 300px) 100vw, 300px\" \/><\/a>\n\t\t\t<\/dt><\/dl><dl class='gallery-item'>\n\t\t\t<dt class='gallery-icon landscape'>\n\t\t\t\t<a href='https:\/\/www.tamayacikel.com\/wp-content\/uploads\/2008\/02\/DSC_0936.jpg'><img width=\"300\" height=\"201\" src=\"https:\/\/www.tamayacikel.com\/wp-content\/uploads\/2008\/02\/DSC_0936-300x201.jpg\" class=\"attachment-medium size-medium\" alt=\"\" decoding=\"async\" srcset=\"https:\/\/www.tamayacikel.com\/wp-content\/uploads\/2008\/02\/DSC_0936-300x201.jpg 300w, https:\/\/www.tamayacikel.com\/wp-content\/uploads\/2008\/02\/DSC_0936.jpg 800w\" sizes=\"(max-width: 300px) 100vw, 300px\" \/><\/a>\n\t\t\t<\/dt><\/dl><br style=\"clear: both\" \/>\n\t\t<\/div>\n\n<p>G\u00fcnbat\u0131mlar\u0131 \u00e7ok g\u00fczel\u2026 Son ak\u015fam, foto\u011fraf makinelerimizi kap\u0131p dal\u0131yoruz \u00e7al\u0131lar\u0131n i\u00e7ine. Bir anda sivrisinekler \u00fc\u015f\u00fc\u015f\u00fcyor. Art\u0131k geri d\u00f6nemeyiz\u2026 G\u00f6ky\u00fcz\u00fcnde sar\u0131lar\u0131, k\u0131z\u0131llar\u0131 kal\u0131yor yaln\u0131z, da\u011flar\u0131n ard\u0131nda yitip giden g\u00fcne\u015fin. Siluetler belirginle\u015fiyor art\u0131k\u2026 Ve yava\u015f yava\u015f azalan maviliklerle, bulutlarla kayna\u015f\u0131yor renkler. Onun pe\u015findeyiz.<\/p>\n<p style=\"text-align: center;\"><a href=\"http:\/\/tamayacikel.com\/wp-content\/uploads\/2008\/02\/DSC_1159.jpg\"><img decoding=\"async\" class=\"aligncenter size-medium wp-image-4179\" src=\"http:\/\/tamayacikel.com\/wp-content\/uploads\/2008\/02\/DSC_1159-300x201.jpg\" alt=\"DSC_1159\" width=\"300\" height=\"201\" srcset=\"https:\/\/www.tamayacikel.com\/wp-content\/uploads\/2008\/02\/DSC_1159-300x201.jpg 300w, https:\/\/www.tamayacikel.com\/wp-content\/uploads\/2008\/02\/DSC_1159.jpg 800w\" sizes=\"(max-width: 300px) 100vw, 300px\" \/><\/a><\/p>\n<p><em> 23\/02\/2008<\/em><\/p>\n<p><em>Bizim Sakarya Gazetesi<\/em><\/p>\n<p><strong>*<\/strong> <em>M\u00fcze Kart, K\u00fclt\u00fcr ve Turizm Bakanl\u0131\u011f\u0131\u2019na ba\u011fl\u0131 olan t\u00fcm m\u00fcze ve \u00f6ren yerlerine, y\u0131lda sadece 20 YTL kar\u015f\u0131l\u0131\u011f\u0131nda s\u0131n\u0131rs\u0131z ziyaret olana\u011f\u0131 sa\u011fl\u0131yor. \u00d6\u011fretmen ve \u00f6\u011frencilere %50 indirimli.<\/em><\/p>\n","protected":false},"excerpt":{"rendered":"<p>Kekova\u2026 Her g\u00fcn binlerce ki\u015fi teknelerle, kanolarla \u00f6n\u00fcnden ge\u00e7iyor, selaml\u0131yor kenti. Yeni sahipleri, ke\u00e7ilerle bal\u0131klar. \u00d6yle ki adan\u0131n, denizin alt\u0131nda bat\u0131k kente ait kal\u0131nt\u0131lar\u0131n bulundu\u011fu k\u0131y\u0131s\u0131nda y\u00fczmek, dalmak yasak. Teknelerin alt\u0131ndaki caml\u0131 b\u00f6lmeden izlenebiliyor yaln\u0131zca. A\u011f\u0131r a\u011f\u0131r ilerliyor tekneler. H\u0131z s\u0131n\u0131rlamas\u0131 var. Sahil G\u00fcvenlik devriye geziyor. Farkl\u0131 dillerde konu\u015farak a\u00e7\u0131klama yapan rehberlerin sesi, motor g\u00fcr\u00fclt\u00fclerine [&hellip;]<\/p>\n","protected":false},"author":1,"featured_media":0,"comment_status":"open","ping_status":"open","sticky":false,"template":"","format":"standard","meta":{"footnotes":""},"categories":[468],"tags":[],"_links":{"self":[{"href":"https:\/\/www.tamayacikel.com\/index.php?rest_route=\/wp\/v2\/posts\/519"}],"collection":[{"href":"https:\/\/www.tamayacikel.com\/index.php?rest_route=\/wp\/v2\/posts"}],"about":[{"href":"https:\/\/www.tamayacikel.com\/index.php?rest_route=\/wp\/v2\/types\/post"}],"author":[{"embeddable":true,"href":"https:\/\/www.tamayacikel.com\/index.php?rest_route=\/wp\/v2\/users\/1"}],"replies":[{"embeddable":true,"href":"https:\/\/www.tamayacikel.com\/index.php?rest_route=%2Fwp%2Fv2%2Fcomments&post=519"}],"version-history":[{"count":3,"href":"https:\/\/www.tamayacikel.com\/index.php?rest_route=\/wp\/v2\/posts\/519\/revisions"}],"predecessor-version":[{"id":5490,"href":"https:\/\/www.tamayacikel.com\/index.php?rest_route=\/wp\/v2\/posts\/519\/revisions\/5490"}],"wp:attachment":[{"href":"https:\/\/www.tamayacikel.com\/index.php?rest_route=%2Fwp%2Fv2%2Fmedia&parent=519"}],"wp:term":[{"taxonomy":"category","embeddable":true,"href":"https:\/\/www.tamayacikel.com\/index.php?rest_route=%2Fwp%2Fv2%2Fcategories&post=519"},{"taxonomy":"post_tag","embeddable":true,"href":"https:\/\/www.tamayacikel.com\/index.php?rest_route=%2Fwp%2Fv2%2Ftags&post=519"}],"curies":[{"name":"wp","href":"https:\/\/api.w.org\/{rel}","templated":true}]}}