{"id":526,"date":"2008-11-20T19:42:40","date_gmt":"2008-11-20T19:42:40","guid":{"rendered":"http:\/\/www.tamayacikel.com\/?p=526"},"modified":"2008-11-20T19:42:40","modified_gmt":"2008-11-20T19:42:40","slug":"cadirda-bir-hanim-2","status":"publish","type":"post","link":"https:\/\/www.tamayacikel.com\/?p=526","title":{"rendered":"\u00c7ad\u0131rda bir \u201cHan\u0131m\u201d"},"content":{"rendered":"<p><strong> <\/strong><\/p>\n<p>SAG\u00dcSAD\u2019dan bir grup arkada\u015fla Beypazar\u0131\u2019na gidiyoruz. Toplant\u0131 var. T\u00fcrkiye\u2019deki foto\u011fraf derneklerinin bir bulu\u015fmas\u0131.<\/p>\n<p>\u00dc\u00e7 araba \u00e7\u0131kt\u0131k yola. \u0130lk mola yerinde bulu\u015fmam\u0131za az kalm\u0131\u015fken yol kenar\u0131nda k\u00f6m\u00fcrc\u00fclerin duman\u0131n\u0131 g\u00f6r\u00fcyoruz. Biraz beklesinler, bu ka\u00e7maz\u2026 Hemen \u201cbirka\u00e7 kare\u201d can\u0131m, ge\u00e7 kalmay\u0131z!..<\/p>\n<p>Belli bir d\u00fczende dizilmi\u015f odunlar i\u00e7in i\u00e7in yan\u0131yor. Ara ara biri \u00e7\u0131k\u0131p tepeyi d\u00fczletiyor. Bu i\u015f b\u00f6yle yap\u0131l\u0131yor. K\u00f6m\u00fcrle\u015fmi\u015f y\u0131\u011f\u0131ndan t\u00fcten duman ve tepesinde bir insan\u2026 Foto\u011fraf i\u00e7in \u00e7ok ilgin\u00e7 g\u00f6r\u00fcnt\u00fcler \u00e7\u0131kabiliyor bundan. Mangal k\u00f6m\u00fcr\u00fc yapanlar\u0131 daha \u00f6nce \u00e7ekmi\u015ftik ba\u015fka yerlerde\u2026 \u0130nsanlar cana yak\u0131nd\u0131r. Kad\u0131nlar ikramc\u0131. Oysa ne zor bir ya\u015famd\u0131r onlar\u0131nki.<\/p>\n<p>Kar\u0131 koca bizi kar\u015f\u0131l\u0131yor k\u00f6m\u00fcrc\u00fcler: Ho\u015f geldiniz! Foto\u011fraf \u00e7ekece\u011fiz, y\u0131\u011f\u0131n\u0131n \u00fcst\u00fcnde poz verir misin? Tabii.<\/p>\n<p>\u201c\u00c7ay koyay\u0131m size\u2026\u201d diyor han\u0131m. Biri kapkara iki k\u00fc\u00e7\u00fck k\u00f6pek s\u0131rna\u015f\u0131yor, k\u00f6m\u00fcrl\u00fc patileriyle \u00fcst\u00fcm\u00fcze atl\u0131yor. \u0130brahim\u2019e \u015f\u00f6yle durmas\u0131n\u0131, b\u00f6yle yapmas\u0131n\u0131 rica ediyoruz, o da bizi k\u0131rm\u0131yor.<\/p>\n<p>Sonu\u00e7 fena de\u011fil, hatta baya\u011f\u0131 g\u00fczel kareler var!<\/p>\n<p>\u2026<\/p>\n<p>\u00c7aylar\u0131 koymu\u015f bekliyor han\u0131m. \u00c7ad\u0131r\u0131n kap\u0131s\u0131n\u0131 a\u00e7\u0131yor. \u00d6tekinde \u00e7ocuklar uyuyor. \u201c\u0130\u00e7erisi s\u0131cak, girin i\u00e7erde i\u00e7in.\u201d diyor.<\/p>\n<p>\u201cOturun \u015f\u00f6yle, ayakta durmay\u0131n!\u201d Geni\u015f bir divana yan yana diziliyoruz. Onlar ayakta kal\u0131yor. G\u00fcr\u00fcl g\u00fcr\u00fcl yan\u0131yor soba, \u00fczerinde \u00e7aydanl\u0131k fokurduyor\u2026<\/p>\n<p>\u00c7aylar tav\u015fankan\u0131, ikram \u00f6zenli\u2026 \u00c7ay\u0131 \u201c\u00e7ay\u201d yapan da bu, de\u011fil mi?.. Sade dama\u011f\u0131 de\u011fil, ruhu da ok\u015fayacak, insanlar konu\u015fmaya istekli olacak\u2026<\/p>\n<p>Han\u0131m\u0131n ad\u0131 \u2018Han\u0131m\u2019m\u0131\u015f zaten. Yak\u0131\u015fm\u0131\u015f\u2026 \u00dc\u00e7 erkek, bir k\u0131z evlat: Muhammed, Ey\u00fcp, \u0130smail, Perihan\u2026 Ve k\u0131zdan 16 ve 14 ya\u015f\u0131nda iki de torun\u2026 Erkek \u00e7ocuklar\u0131n ikisi y\u00fcksek \u00f6\u011frenim g\u00f6rm\u00fc\u015f. Biri mobilya, dekorasyon okumu\u015f, askere gidecek; di\u011feri de makine teknisyeni \u00e7\u0131km\u0131\u015f, i\u015fe girmi\u015f, \u00e7al\u0131\u015f\u0131yor.<\/p>\n<p>\u2026<\/p>\n<p>Sorular\u0131m\u0131z\u0131 daha \u00e7ok Han\u0131m yan\u0131tl\u0131yor ya da ikisi birden.<\/p>\n<p>\u2014 Yirmi iki senedir gurbetteyiz biz. Buray\u0131 emanet yapt\u0131k. Ge\u00e7ici dedik, 5\u20136 ay otururuz dedik, ama 5 sene oldu. \u0130\u00e7indeyiz yaz k\u0131\u015f\u2026<\/p>\n<p>\u2014 Memleket neresi?<\/p>\n<p>\u2014 Kahramanmara\u015f\u2026 Elbistanl\u0131y\u0131z.<\/p>\n<p>\u2014 Gidiyor musunuz memlekete?<\/p>\n<p>\u2014 Bazen d\u00fc\u011f\u00fcn oluyor i\u015fte, gidiyoruz o zaman.<\/p>\n<p>\u2026<\/p>\n<p>\u00c7aylar yeniden doluyor.<\/p>\n<p>\u2014Demi nas\u0131l olsun? A\u00e7\u0131k m\u0131 koyu mu?<\/p>\n<p>\u2014 \u00c7ay \u00e7ok g\u00fczel, eline sa\u011fl\u0131k!<\/p>\n<p>\u2014 Seylan \u00e7ay\u0131. Han\u0131m bunu seviyor. Bizim Almanc\u0131lar var, onlar getiriyor.<\/p>\n<p>\u2014 \u0130brahim ne kadar \u00e7ays\u0131z kal\u0131rsa kals\u0131n k\u00f6m\u00fcr ate\u015finde demlenmi\u015f \u00e7aydan ba\u015fkas\u0131n\u0131 i\u00e7mez.<\/p>\n<p>\u2014 Semaverle daha g\u00fczel oluyor ama.<\/p>\n<p>\u2026<\/p>\n<p>\u0130brahim\u2019in y\u00fcz \u00e7izgileri sert, ama y\u00fcre\u011fi yufka, belli. Huzur var yuvada, belli. Yoksa o ko\u015fullarda iki \u00e7ocuk \u00fcniversite bitirebilir mi? Han\u0131m\u2019a, seviyor diye Seylan \u00e7ay\u0131 gelir mi ta Almanya\u2019dan?<\/p>\n<p>\u2014 365 g\u00fcn yap\u0131yor musunuz bu i\u015fi?<\/p>\n<p>\u2014 Yok, nerde? 2\u20133 senedir yapm\u0131yoruz. Ara s\u0131ra haz\u0131r odun ald\u0131k\u2026 \u00c7\u00fcr\u00fct\u00fcyorlar odunu ormanda. H\u00e2lbuki nakliyesini yat\u0131r\u0131yoruz. Devlete de faydas\u0131 olsun bize de olsun, niye \u00e7\u00fcr\u00fcs\u00fcn?<\/p>\n<p>\u2014 Ne yap\u0131yorsunuz peki?<\/p>\n<p>Han\u0131m:<\/p>\n<p>\u2014Oturuyoruz\u2026 \u0130\u015f de bulamad\u0131k. Yaz\u0131n f\u0131nd\u0131k yevmiyesine gittim.<\/p>\n<p>\u2026<\/p>\n<p>Baya\u011f\u0131 yerle\u015fik gibi ya\u015f\u0131yorlar. Tavuklar\u0131 var. \u0130nekleri de varm\u0131\u015f d\u00f6rt tane. Neden \u015fimdi yok? Laf kar\u0131\u015f\u0131yor, anlatam\u0131yor Han\u0131m. \u201cBen 22 senedir ormanday\u0131m.\u201d diyor\u2026 G\u00fczel bir han\u0131m. 56 ya\u015f\u0131ndaym\u0131\u015f. Koskoca torunlar\u0131 oldu\u011funa g\u00f6re normal\u2026 Ama hi\u00e7 g\u00f6stermiyor ger\u00e7ekten. K\u00f6m\u00fcr tozu bizi gen\u00e7le\u015ftiriyor, deyip g\u00fcl\u00fcyor\u2026 G\u00fcl\u00fcyoruz. Orman havas\u0131, da\u011f havas\u0131\u2026<\/p>\n<p>\u201cBuran\u0131n havas\u0131 iyi de\u011fil, rutubet \u00e7ok.\u201d diyor \u0130brahim.<\/p>\n<p>\u2014 \u00c7ocuk askerli\u011fini yaps\u0131n, durmay\u0131z burada\u2026<\/p>\n<p>\u2014 Hendek iyiydi, buraya al\u0131\u015famad\u0131k.<\/p>\n<p>\u2014 Nereye gideceksiniz?<\/p>\n<p>\u2014 Elbistan\u2019\u0131n i\u00e7inde var iyi k\u00f6t\u00fc bir yerimiz.<\/p>\n<p>\u2014 Ben ba\u015fka i\u00e7meyeyim. Eline sa\u011fl\u0131k\u2026<\/p>\n<p>\u2014 K\u0131\u015fl\u0131k tarhana, konserve filan yap\u0131yor musunuz peki?<\/p>\n<p>\u2014 Her \u015feyi yap\u0131yorum. Bah\u00e7eyi ekiyorum. Konservelerimi, her \u015feyimi kendim yap\u0131yorum. Suyumuz \u00f6zel. Hayvan g\u00fcbresinden ba\u015fka bir \u015fey kullanmay\u0131z. Ben veriyorum k\u00f6yl\u00fcye bamyay\u0131, fasulyeyi\u2026<\/p>\n<p>\u2014 Haydi arkada\u015flar, yolcu yolunda gerek!<\/p>\n<p>\u2014 Her zaman bekleriz. U\u011fray\u0131n.<\/p>\n<p>\u2026<\/p>\n<p>Han\u0131m ve \u0130brahim, siz\u2026 Do\u011fa insan\u0131n\u0131n d\u00fc\u015f\u00fcncelerini, duygular\u0131n\u0131 ne g\u00fczel dile getirdi\u011fini yeniden an\u0131msatt\u0131n\u0131z bize. Ne kadar i\u00e7ten, yal\u0131n ve ak\u0131c\u0131 bir dil\u2026 \u015ea\u015f\u0131yoruz.<\/p>\n<p><em>20\/11\/2008<\/em><\/p>\n<p><em>Bizim Sakarya Gazetesi<br \/>\n<\/em><\/p>\n<p><em> <\/em><\/p>\n","protected":false},"excerpt":{"rendered":"<p>SAG\u00dcSAD\u2019dan bir grup arkada\u015fla Beypazar\u0131\u2019na gidiyoruz. Toplant\u0131 var. T\u00fcrkiye\u2019deki foto\u011fraf derneklerinin bir bulu\u015fmas\u0131. \u00dc\u00e7 araba \u00e7\u0131kt\u0131k yola. \u0130lk mola yerinde bulu\u015fmam\u0131za az kalm\u0131\u015fken yol kenar\u0131nda k\u00f6m\u00fcrc\u00fclerin duman\u0131n\u0131 g\u00f6r\u00fcyoruz. Biraz beklesinler, bu ka\u00e7maz\u2026 Hemen \u201cbirka\u00e7 kare\u201d can\u0131m, ge\u00e7 kalmay\u0131z!.. Belli bir d\u00fczende dizilmi\u015f odunlar i\u00e7in i\u00e7in yan\u0131yor. Ara ara biri \u00e7\u0131k\u0131p tepeyi d\u00fczletiyor. Bu i\u015f b\u00f6yle [&hellip;]<\/p>\n","protected":false},"author":1,"featured_media":0,"comment_status":"open","ping_status":"open","sticky":false,"template":"","format":"standard","meta":{"footnotes":""},"categories":[468],"tags":[],"_links":{"self":[{"href":"https:\/\/www.tamayacikel.com\/index.php?rest_route=\/wp\/v2\/posts\/526"}],"collection":[{"href":"https:\/\/www.tamayacikel.com\/index.php?rest_route=\/wp\/v2\/posts"}],"about":[{"href":"https:\/\/www.tamayacikel.com\/index.php?rest_route=\/wp\/v2\/types\/post"}],"author":[{"embeddable":true,"href":"https:\/\/www.tamayacikel.com\/index.php?rest_route=\/wp\/v2\/users\/1"}],"replies":[{"embeddable":true,"href":"https:\/\/www.tamayacikel.com\/index.php?rest_route=%2Fwp%2Fv2%2Fcomments&post=526"}],"version-history":[{"count":0,"href":"https:\/\/www.tamayacikel.com\/index.php?rest_route=\/wp\/v2\/posts\/526\/revisions"}],"wp:attachment":[{"href":"https:\/\/www.tamayacikel.com\/index.php?rest_route=%2Fwp%2Fv2%2Fmedia&parent=526"}],"wp:term":[{"taxonomy":"category","embeddable":true,"href":"https:\/\/www.tamayacikel.com\/index.php?rest_route=%2Fwp%2Fv2%2Fcategories&post=526"},{"taxonomy":"post_tag","embeddable":true,"href":"https:\/\/www.tamayacikel.com\/index.php?rest_route=%2Fwp%2Fv2%2Ftags&post=526"}],"curies":[{"name":"wp","href":"https:\/\/api.w.org\/{rel}","templated":true}]}}