{"id":528,"date":"2008-11-27T19:44:46","date_gmt":"2008-11-27T19:44:46","guid":{"rendered":"http:\/\/www.tamayacikel.com\/?p=528"},"modified":"2015-11-26T00:31:50","modified_gmt":"2015-11-25T22:31:50","slug":"masalci-teyze-2","status":"publish","type":"post","link":"https:\/\/www.tamayacikel.com\/?p=528","title":{"rendered":"Masalc\u0131 Teyze"},"content":{"rendered":"<p>&nbsp;<\/p>\n<p><a href=\"http:\/\/tamayacikel.com\/wp-content\/uploads\/2008\/11\/Masalci_27.12.08.jpg\"><img decoding=\"async\" class=\"aligncenter wp-image-4661 size-large\" src=\"http:\/\/tamayacikel.com\/wp-content\/uploads\/2008\/11\/Masalci_27.12.08-1024x719.jpg\" alt=\"Masalci_27.12.08\" width=\"720\" height=\"506\" srcset=\"https:\/\/www.tamayacikel.com\/wp-content\/uploads\/2008\/11\/Masalci_27.12.08.jpg 1024w, https:\/\/www.tamayacikel.com\/wp-content\/uploads\/2008\/11\/Masalci_27.12.08-300x211.jpg 300w\" sizes=\"(max-width: 720px) 100vw, 720px\" \/><\/a><\/p>\n<p>Yakla\u015f\u0131k \u00fc\u00e7 y\u0131l \u00f6nce yazd\u0131\u011f\u0131m bir gezi yaz\u0131s\u0131nda \u015f\u00f6yle demi\u015fim: <em>\u201cBeypazarl\u0131\u2019n\u0131n d\u00fcnya g\u00f6r\u00fc\u015f\u00fcn\u00fc yans\u0131tan bir \u00f6\u011fe var bu eski evlerde. \u00c7ok ilgin\u00e7 ger\u00e7ekten: \u00dcst katlarda, \u201c\u00c7ant\u0131\u201d dedikleri bir b\u00f6l\u00fcm\u00fc i\u015flemeden b\u0131rak\u0131rlarm\u0131\u015f. Bu da d\u00fcnyada yapacak i\u015flerinin bitmedi\u011fini vurgulamak i\u00e7inmi\u015f! Bizim de Beypazar\u0131\u2019nda i\u015fimiz bitmedi asl\u0131nda\u2026 \u00d6nce, s\u0131k s\u0131k gelelim biz buraya, diyor; sonra y\u0131lda bire indiriyoruz!\u201d <\/em><\/p>\n<p>Ger\u00e7ekten \u00f6yle oldu. Birka\u00e7 kez daha geldik. Ve ger\u00e7ekten yapacak \u00e7ok i\u015fleri var Beypazar\u0131l\u0131lar\u0131n \u015fu d\u00fcnyada. Her geli\u015fimizde bir yenilik buluyoruz. \u2018Ya\u015fayan M\u00fcze\u2019yi son gidi\u015fimizde de duymu\u015ftuk ama gezememi\u015ftik.<\/p>\n<p>Halkbilimci doktora \u00f6\u011frencisi Sema Demir \u2018Ya\u015fayan M\u00fcze\u2019 tasar\u0131m\u0131n\u0131 uygulamaya koymu\u015f ve d\u00fcnya \u00e7ap\u0131nda faaliyet g\u00f6steren Gen\u00e7 Liderler ve Giri\u015fimciler Federasyonu \u201cJunior Chamber International T\u00fcrkiye\u201d taraf\u0131ndan \u201c2008 Y\u0131l\u0131n\u0131n En Ba\u015far\u0131l\u0131 10 Genci Yar\u0131\u015fmas\u0131\u201dnda \u201cK\u00fclt\u00fcrel Ba\u015far\u0131\u201d dal\u0131nda birincilik \u00f6d\u00fcl\u00fc alm\u0131\u015f. Y\u00f6renin somut olmayan k\u00fclt\u00fcrel miras\u0131 \u015fimdi bu \u00e7at\u0131 alt\u0131nda korunuyor, tan\u0131t\u0131l\u0131yor. Alt katta her hafta sonu geleneksel el sanatlar\u0131ndan birinin canland\u0131r\u0131ld\u0131\u011f\u0131 bir etkinlik d\u00fczenleniyor. Ebru, ke\u00e7ecilik, k\u00f6k boyalarla yap\u0131lan \u2018\u0131hlamur bask\u0131\u2019, vb. Merak edenler uygulama yapabiliyor. Kur\u015fun d\u00f6kme gelene\u011fi canland\u0131r\u0131l\u0131yor alt kattaki bir odada. \u00d6zel g\u00fcnlerde, g\u00fcn\u00fcn anlam\u0131na uygun etkinlikler d\u00fczenleniyor.<\/p>\n<p>\u00dcst katta bir \u2018masalc\u0131 teyze\u2019si var m\u00fczenin. \u00c7\u0131kt\u0131\u011f\u0131mda gen\u00e7 bir \u00e7ifte masal anlat\u0131yordu\u2026 Fonda geleneksel m\u00fczi\u011fimiz hafif hafif \u00e7al\u0131yor. Pencere \u00f6n\u00fcndeki sedirlere oturmu\u015flar. \u0130yi y\u00fcrekli adam\u0131n kendisine s\u00fct getirdi\u011fi \u00e7ana\u011fa her g\u00fcn bir alt\u0131n b\u0131rakan y\u0131lan\u0131n, \u201cBende bu kuyruk ac\u0131s\u0131, sende de bu evlat ac\u0131s\u0131 varken, dost kalamay\u0131z\u2026\u201d s\u00f6zleriyle biten masal\u0131 bilirsiniz. Aferin gen\u00e7lere, sonuna kadar dinleyip te\u015fekk\u00fcr ediyorlar. Bir \u015fey bahane edip s\u0131v\u0131\u015fm\u0131yorlar. Foto\u011fraf \u00e7ekiyorlar. Makinemi verip bir de bizi \u00e7ekmelerini rica ediyorum. Masalc\u0131 Teyze\u2019yle birlikte poz veriyoruz.<\/p>\n<p>Ad\u0131n\u0131 soruyorum.<\/p>\n<p>\u2014 Sevin.<\/p>\n<p>\u2014 Modern bir isim.<\/p>\n<p>\u2014 Babam, ta eskiden buran\u0131n adliye ba\u015fk\u00e2tibiydi. Bizim evden gazete, mecmua hi\u00e7 eksik olmazd\u0131. Radyomuz vard\u0131, dinlerdik. Babam gazetesini al\u0131r okurdu, biz hepimiz bir k\u00f6\u015fede derslerimizi \u00e7al\u0131\u015f\u0131rd\u0131k. D\u00f6rt karde\u015ftik. Okurduk. Okudu\u011fumuz, dinledi\u011fimiz de kula\u011f\u0131m\u0131zda kal\u0131rd\u0131, akl\u0131m\u0131zda tutard\u0131k. \u015eimdiki \u00e7ocuklar\u0131n her \u015feyleri var. Ama kula\u011f\u0131nda bir \u015fey yok!<\/p>\n<p>\u2026<\/p>\n<p><em>Fikrimin ince g\u00fcl\u00fc <\/em><\/p>\n<p><em>Kalbimin \u015fen b\u00fclb\u00fcl\u00fc<\/em><\/p>\n<p><em>O g\u00fcn ki g\u00f6rd\u00fcm seni<\/em><\/p>\n<p><em>Yakt\u0131n ah yakt\u0131n beni<\/em><\/p>\n<p>\u0130nce na\u011fmeler e\u015fli\u011finde kona\u011f\u0131n odalar\u0131n\u0131 geziyoruz. Gelin odas\u0131\u2026 Gelinin dolab\u0131 aral\u0131k\u2026 Ask\u0131larda g\u00fczel giysiler as\u0131l\u0131. Ayakkab\u0131lar, terlikler, hepsi \u015f\u0131k \u015f\u0131k\u2026 Mutfakta tabii yer sofras\u0131. Kocaman bir ocak ve kap kacak.<\/p>\n<p>\u201cB\u00f6yle evlerde ya\u015fard\u0131k biz de. D\u00fc\u011f\u00fcnlerde, toplant\u0131larda g\u00fcler e\u011flenirdik. Hamama giderdik ailece; gelin-g\u00f6r\u00fcmce-elti-kaynana\u2026 Dolmalar b\u00f6reklerle. Ertesi g\u00fcn yine ya bir d\u00fc\u011f\u00fcn ya bir e\u011flence\u2026 Oynard\u0131k, g\u00fclerdik biz eskiden\u2026\u201d diyor Sevin Han\u0131m.<\/p>\n<p>Ben de i\u00e7imden; \u201c\u0130nsana ge\u00e7mi\u015fi daha ba\u015fka, daha g\u00fczel g\u00f6steren biraz da kendi gen\u00e7li\u011finin o silinmez hayali olmas\u0131n; baz\u0131 keskinlikleri kurnazca t\u00f6rp\u00fcl\u00fcyor olmas\u0131n bellek!\u201d diyorum. O devam ediyor:<\/p>\n<p>\u2014 \u015eimdi gam kasavet al\u0131p gitti milleti\u2026<\/p>\n<p>Eskiden bir ki\u015fi \u00e7al\u0131\u015f\u0131rd\u0131. \u015eimdi be\u015f ki\u015fi \u00e7al\u0131\u015f\u0131yor, herkes kazand\u0131\u011f\u0131n\u0131 harc\u0131yor. O zaman bir keseden \u00e7\u0131kar, evin ihtiyac\u0131 neyse oradan al\u0131n\u0131rd\u0131. \u015eimdi sen kazan\u0131yorsun, istedi\u011fini al\u0131yorsun, ben kazan\u0131yorum istedi\u011fimi al\u0131yorum. Yel gibi geliyor, sel gibi gidiyor\u2026 Eski rahatl\u0131k, serbestlik yok. Millet bir i\u011fneli f\u0131\u00e7\u0131n\u0131n i\u00e7inde\u2026<\/p>\n<p>Eskiden insanlar \u00e7ar\u015f\u0131larda hallederlerdi, eve getirmezlerdi o s\u0131k\u0131nt\u0131lar\u0131n\u0131. Evin han\u0131m\u0131 yiyece\u011fini, giyece\u011fini, her \u015feyi ona g\u00f6re \u2018tutumlucana\u2019 ayarlard\u0131. Bug\u00fcn de bir bulgur a\u015f\u0131 pi\u015firivereyim, yan\u0131na tur\u015fu koyay\u0131m da yiyiverelim, denirdi. Her g\u00fcn et olsun dolma olsun, denmezdi. G\u00f6zleme edilir, \u00e7ayla yenirdi\u2026 Kanaat edilirdi. Biz yaz\u0131n kurutup k\u0131\u015f\u0131n yerdik. Mevsimi gelmeden yenen sebze meyve hi\u00e7 bilmezdik. Kuruturduk, \u0131slard\u0131k, pi\u015firirdik. Hevenk hevenk asard\u0131k \u00fcz\u00fcmleri.<\/p>\n<p>En fakirinde bile bu d\u00fczen vard\u0131. Milyarlar konu\u015fuluyor \u015fimdi. Eskiden be\u015f kuru\u015fun hesab\u0131 bilinirdi. Ama mutluyduk yahu! \u015eimdi yel gibi geliyor sel gibi gidiyor! Gelinime de \u015fa\u015f\u0131yorum k\u0131z\u0131ma da. Bir d\u00fc\u011f\u00fcne gitseler oturuyorlar. Hadi kalk\u0131n oynay\u0131n! Yok, istemem, ba\u015f\u0131m a\u011fr\u0131d\u0131, hadi kalk\u0131n gidelim! Dayanam\u0131yorlar, \u00e7\u00fcnk\u00fc kafalar dolu. Her g\u00fcn o kalabal\u0131\u011f\u0131 g\u00f6r\u00fcyorlar. Torunlar da okuyorlar; ders ders ders\u2026 Siz hi\u00e7 g\u00fcn ya\u015famadan b\u00fcy\u00fcyorsunuz, diyorum.<\/p>\n<p>\u2026<\/p>\n<p>Evliya \u00c7elebi, \u2018Seyahatname\u2019sinde (1638) Beypazar\u0131\u2019n\u0131n kavununu, armudunu, pirincini, arpas\u0131n\u0131 ve daha bir\u00e7ok \u015feyini \u00f6ver, \u00f6ver\u2026 bir de der ki:<\/p>\n<p><em>\u201cPazar\u0131na her hafta, etraf k\u00f6ylerinden 10 bin insan toplan\u0131r. Halk\u0131 garipsever ve c\u00f6mert ki\u015filerdir. Kad\u0131nlar\u0131 gayet edepli ve ak\u0131ll\u0131 olurlar.\u201d <\/em><\/p>\n<p>O ak\u0131ll\u0131 kad\u0131nlar yine har\u0131l har\u0131l \u00fcretip \u015fehir meydan\u0131na kurulan pazarda sat\u0131yorlar\u2026 Elbirli\u011fiyle kalk\u0131n\u0131yor Beypazar\u0131. Masalc\u0131 Teyze\u2019ye bak\u0131n! Eskinin yenilenip ba\u015f tac\u0131 edildi\u011fi Beypazar\u0131\u2019nda bile bunca yak\u0131nma varsa biz ne yapal\u0131m?<\/p>\n<p>Adapazar\u0131 evleri foto\u011fraflarda kald\u0131. Ancak, k\u00fclt\u00fcrel renkleri \u00fczerine benzersiz bir \u00e7aban\u0131n \u00fcr\u00fcn\u00fc var elimizde: De\u011ferli halkbilimci Ali Akta\u015f\u2019\u0131n, \u201cK\u00fclt\u00fcrel Renkleriyle Adapazar\u0131\u201d adl\u0131 eseri. Ayr\u0131ca, \u0130l K\u00fclt\u00fcr ve Turizm M\u00fcd\u00fcrl\u00fc\u011f\u00fc bir s\u00fcre \u00f6nce, yine Ali Akta\u015f\u2019\u0131n ba\u015fkanl\u0131\u011f\u0131nda, \u2018somut olmayan k\u00fclt\u00fcrel miras\u0131n belirlenmesi\u2019 \u00e7al\u0131\u015fmalar\u0131n\u0131 ba\u015flatt\u0131.<\/p>\n<p>D\u00fc\u015f\u00fcn\u00fcyorum\u2026 Adapazar\u0131, bar\u0131nd\u0131rd\u0131\u011f\u0131 k\u00fclt\u00fcrel \u00e7e\u015fitlilik dolay\u0131s\u0131yla gelenek zengini bir \u015fehir\u2026 \u2018Ya\u015fayan M\u00fcze\u2019 \u00f6rne\u011fi burada da uygulanabilir ve ne masalc\u0131 teyzeler \u00e7\u0131kar buradan da, kim bilir\u2026<\/p>\n<p><em>27\/11\/2008<\/em><\/p>\n<p><em>Bizim Sakarya Gazetesi<br \/>\n<\/em><\/p>\n<p>&nbsp;<\/p>\n","protected":false},"excerpt":{"rendered":"<p>&nbsp; Yakla\u015f\u0131k \u00fc\u00e7 y\u0131l \u00f6nce yazd\u0131\u011f\u0131m bir gezi yaz\u0131s\u0131nda \u015f\u00f6yle demi\u015fim: \u201cBeypazarl\u0131\u2019n\u0131n d\u00fcnya g\u00f6r\u00fc\u015f\u00fcn\u00fc yans\u0131tan bir \u00f6\u011fe var bu eski evlerde. \u00c7ok ilgin\u00e7 ger\u00e7ekten: \u00dcst katlarda, \u201c\u00c7ant\u0131\u201d dedikleri bir b\u00f6l\u00fcm\u00fc i\u015flemeden b\u0131rak\u0131rlarm\u0131\u015f. Bu da d\u00fcnyada yapacak i\u015flerinin bitmedi\u011fini vurgulamak i\u00e7inmi\u015f! Bizim de Beypazar\u0131\u2019nda i\u015fimiz bitmedi asl\u0131nda\u2026 \u00d6nce, s\u0131k s\u0131k gelelim biz buraya, diyor; sonra y\u0131lda [&hellip;]<\/p>\n","protected":false},"author":1,"featured_media":0,"comment_status":"open","ping_status":"open","sticky":false,"template":"","format":"standard","meta":{"footnotes":""},"categories":[468],"tags":[],"_links":{"self":[{"href":"https:\/\/www.tamayacikel.com\/index.php?rest_route=\/wp\/v2\/posts\/528"}],"collection":[{"href":"https:\/\/www.tamayacikel.com\/index.php?rest_route=\/wp\/v2\/posts"}],"about":[{"href":"https:\/\/www.tamayacikel.com\/index.php?rest_route=\/wp\/v2\/types\/post"}],"author":[{"embeddable":true,"href":"https:\/\/www.tamayacikel.com\/index.php?rest_route=\/wp\/v2\/users\/1"}],"replies":[{"embeddable":true,"href":"https:\/\/www.tamayacikel.com\/index.php?rest_route=%2Fwp%2Fv2%2Fcomments&post=528"}],"version-history":[{"count":1,"href":"https:\/\/www.tamayacikel.com\/index.php?rest_route=\/wp\/v2\/posts\/528\/revisions"}],"predecessor-version":[{"id":4663,"href":"https:\/\/www.tamayacikel.com\/index.php?rest_route=\/wp\/v2\/posts\/528\/revisions\/4663"}],"wp:attachment":[{"href":"https:\/\/www.tamayacikel.com\/index.php?rest_route=%2Fwp%2Fv2%2Fmedia&parent=528"}],"wp:term":[{"taxonomy":"category","embeddable":true,"href":"https:\/\/www.tamayacikel.com\/index.php?rest_route=%2Fwp%2Fv2%2Fcategories&post=528"},{"taxonomy":"post_tag","embeddable":true,"href":"https:\/\/www.tamayacikel.com\/index.php?rest_route=%2Fwp%2Fv2%2Ftags&post=528"}],"curies":[{"name":"wp","href":"https:\/\/api.w.org\/{rel}","templated":true}]}}